{"id":27515,"date":"2024-03-15T12:07:38","date_gmt":"2024-03-15T12:07:38","guid":{"rendered":"https:\/\/www.iceagetv.com\/radiosite\/?p=27515"},"modified":"2024-03-15T12:07:38","modified_gmt":"2024-03-15T12:07:38","slug":"intemperies-dans-le-gard-le-corps-du-garcon-age-de-12-ans-porte-disparu-depuis-samedi-dernier-a-ete-retrouve-par-les-secours-le-bilan-seleve-desormais-a-sept-morts","status":"publish","type":"post","link":"https:\/\/www.iceagetv.com\/radiosite\/intemperies-dans-le-gard-le-corps-du-garcon-age-de-12-ans-porte-disparu-depuis-samedi-dernier-a-ete-retrouve-par-les-secours-le-bilan-seleve-desormais-a-sept-morts\/","title":{"rendered":"Intemp\u00e9ries dans le Gard: Le corps du gar\u00e7on \u00e2g\u00e9 de 12 ans, port\u00e9 disparu depuis samedi dernier, a \u00e9t\u00e9 retrouv\u00e9 par les secours &#8211; Le bilan s&rsquo;\u00e9l\u00e8ve d\u00e9sormais \u00e0 sept morts"},"content":{"rendered":"\n<p class=\"\">Le corps d\u2019un enfant de 12 ans emport\u00e9 samedi par une rivi\u00e8re dans le Gard a \u00e9t\u00e9 retrouv\u00e9 vendredi, en aval de ceux de son p\u00e8re et de sa soeur de quatre ans, retrouv\u00e9s pr\u00e9c\u00e9demment, a annonc\u00e9 la procureure de N\u00eemes, C\u00e9cile Gensac.<\/p>\n\n\n\n<p class=\"\">\u00ab Le corps du dernier enfant disparu, \u00e2g\u00e9 de 12 ans et demi, a \u00e9t\u00e9 d\u00e9couvert en fin de matin\u00e9e par les militaires du groupement de gendarmerie du Gard \u00bb, a pr\u00e9cis\u00e9 dans un communiqu\u00e9 Mme Gensac.<\/p>\n\n\n\n<p class=\"\">Cette annonce intervient alors que mardi le corps de sa soeur avait \u00e9t\u00e9 retrouv\u00e9 par les secours. Les deux enfants, \u00e2g\u00e9s de 4 et 12 ans, avaient \u00e9t\u00e9 emport\u00e9s samedi soir vers 23h30, avec leurs parents, quand leur voiture a \u00e9t\u00e9 happ\u00e9e par les eaux du Gardon en tentant de traverser un pont submersible \u00e0 Dions, un village de 500 habitants au nord de N\u00eemes.<\/p>\n\n\n\n<p class=\"\">La fillette a \u00e9t\u00e9 d\u00e9couverte vers 13h30 mardi, gr\u00e2ce \u00e0 la d\u00e9crue du cours d&rsquo;eau, a pr\u00e9cis\u00e9 la procureure de N\u00eemes, C\u00e9cile Gensac, dans son communiqu\u00e9, en soulignant au passage que le corps de l&rsquo;homme d\u00e9couvert lundi le long de cette rivi\u00e8re \u00e9tait bien celui du p\u00e8re des enfants.<\/p>\n\n\n\n<p class=\"\">La m\u00e8re, \u00e2g\u00e9e de 40 ans, avait pu \u00eatre sauv\u00e9e avant que la voiture ne soit emport\u00e9e par le flot. Apr\u00e8s la d\u00e9couverte du corps de sa soeur mardi, les recherches s\u2019\u00e9taient poursuivies pour retrouver l\u2019adolescent.<\/p>\n","protected":false},"excerpt":{"rendered":"<p>Le corps d\u2019un enfant de 12 ans emport\u00e9 samedi par une rivi\u00e8re dans le Gard a \u00e9t\u00e9 retrouv\u00e9 vendredi, en aval de ceux de son p\u00e8re et de sa soeur de quatre ans, retrouv\u00e9s pr\u00e9c\u00e9demment, a annonc\u00e9 la procureure de N\u00eemes, C\u00e9cile Gensac. \u00ab Le corps du dernier enfant disparu, \u00e2g\u00e9 de 12 ans et [&hellip;]<\/p>\n","protected":false},"author":2,"featured_media":27516,"comment_status":"open","ping_status":"open","sticky":false,"template":"","format":"standard","meta":{"_jetpack_memberships_contains_paid_content":false,"footnotes":"","jetpack_publicize_message":"","jetpack_publicize_feature_enabled":true,"jetpack_social_post_already_shared":true,"jetpack_social_options":{"image_generator_settings":{"template":"highway","default_image_id":0,"font":"","enabled":false},"version":2},"_wpas_customize_per_network":false},"categories":[14],"tags":[],"class_list":["post-27515","post","type-post","status-publish","format-standard","has-post-thumbnail","hentry","category-actu-meteo"],"jetpack_publicize_connections":[],"jetpack_featured_media_url":"https:\/\/i0.wp.com\/www.iceagetv.com\/radiosite\/wp-content\/uploads\/2024\/03\/Intemperies-dans-le-Gard.jpg?fit=679%2C293&ssl=1","jetpack_sharing_enabled":true,"_links":{"self":[{"href":"https:\/\/www.iceagetv.com\/radiosite\/wp-json\/wp\/v2\/posts\/27515","targetHints":{"allow":["GET"]}}],"collection":[{"href":"https:\/\/www.iceagetv.com\/radiosite\/wp-json\/wp\/v2\/posts"}],"about":[{"href":"https:\/\/www.iceagetv.com\/radiosite\/wp-json\/wp\/v2\/types\/post"}],"author":[{"embeddable":true,"href":"https:\/\/www.iceagetv.com\/radiosite\/wp-json\/wp\/v2\/users\/2"}],"replies":[{"embeddable":true,"href":"https:\/\/www.iceagetv.com\/radiosite\/wp-json\/wp\/v2\/comments?post=27515"}],"version-history":[{"count":1,"href":"https:\/\/www.iceagetv.com\/radiosite\/wp-json\/wp\/v2\/posts\/27515\/revisions"}],"predecessor-version":[{"id":27517,"href":"https:\/\/www.iceagetv.com\/radiosite\/wp-json\/wp\/v2\/posts\/27515\/revisions\/27517"}],"wp:featuredmedia":[{"embeddable":true,"href":"https:\/\/www.iceagetv.com\/radiosite\/wp-json\/wp\/v2\/media\/27516"}],"wp:attachment":[{"href":"https:\/\/www.iceagetv.com\/radiosite\/wp-json\/wp\/v2\/media?parent=27515"}],"wp:term":[{"taxonomy":"category","embeddable":true,"href":"https:\/\/www.iceagetv.com\/radiosite\/wp-json\/wp\/v2\/categories?post=27515"},{"taxonomy":"post_tag","embeddable":true,"href":"https:\/\/www.iceagetv.com\/radiosite\/wp-json\/wp\/v2\/tags?post=27515"}],"curies":[{"name":"wp","href":"https:\/\/api.w.org\/{rel}","templated":true}]}}