{"id":27525,"date":"2024-03-16T07:59:04","date_gmt":"2024-03-16T07:59:04","guid":{"rendered":"https:\/\/www.iceagetv.com\/radiosite\/?p=27525"},"modified":"2024-03-16T07:59:04","modified_gmt":"2024-03-16T07:59:04","slug":"dijon-que-sait-on-ce-matin-de-ce-collegien-de-troisieme-interpelle-apres-avoir-menace-avec-un-couteau-la-principale-de-son-etablissement","status":"publish","type":"post","link":"https:\/\/www.iceagetv.com\/radiosite\/dijon-que-sait-on-ce-matin-de-ce-collegien-de-troisieme-interpelle-apres-avoir-menace-avec-un-couteau-la-principale-de-son-etablissement\/","title":{"rendered":"Dijon : Que sait-on ce matin de ce coll\u00e9gien de troisi\u00e8me interpell\u00e9 apr\u00e8s avoir menac\u00e9 avec un couteau la principale de son \u00e9tablissement ?"},"content":{"rendered":"\n<p class=\"\"><strong>On en sait plus ce matin sur le d\u00e9roul\u00e9 des faits :<\/strong>&nbsp;Le coll\u00e9gien, \u00e2g\u00e9 de 15 ans et \u00e9l\u00e8ve de troisi\u00e8me, s&rsquo;est pr\u00e9sent\u00e9 dans un cours d&rsquo;anglais d&rsquo;o\u00f9 il avait \u00e9t\u00e9 exclu quelques jours plus t\u00f4t, a indiqu\u00e9 le parquet de C\u00f4te-d&rsquo;Or. Redirig\u00e9 vers la principale du coll\u00e8ge, il a \u00e9t\u00e9 re\u00e7u dans le bureau de cette derni\u00e8re, vers 15h10. C&rsquo;est \u00e0 cette occasion qu&rsquo;il lui a remis un courrier.<\/p>\n\n\n\n<p class=\"\">Selon le parquet, la lettre faisait mention d'\u00a0\u00bbune prise d&rsquo;otage et r\u00e9f\u00e9rence aux attentats de novembre 2015 survenus en France\u00a0\u00bb. Pendant qu&rsquo;elle prenait connaissance de la lettre mena\u00e7ante, l&rsquo;adolescent a sorti un couteau et l&rsquo;a menac\u00e9e de mort. La principale a r\u00e9ussi \u00e0 prendre la fuite par une autre porte, en d\u00e9clenchant l&rsquo;alarme anti-intrusion.<\/p>\n\n\n\n<p class=\"\">Apr\u00e8s avoir menac\u00e9 la principale, l&rsquo;adolescent a tent\u00e9 de rejoindre sa classe mais cette derni\u00e8re \u00e9tait confin\u00e9e comme l&rsquo;ensemble de l&rsquo;\u00e9tablissement, comme le veut la proc\u00e9dure apr\u00e8s le d\u00e9clenchement d&rsquo;une alarme de ce type.<\/p>\n\n\n\n<p class=\"\">La porte de la classe \u00e9tant ferm\u00e9e, l&rsquo;\u00e9l\u00e8ve est rest\u00e9 dans le couloir et a menac\u00e9 avec son couteau un agent de maintenance venu au soutien, qui a finalement r\u00e9ussi \u00e0 s&rsquo;enfuir.<\/p>\n\n\n\n<p class=\"\"><strong>Ce vendredi en d\u00e9but d\u2019apr\u00e8s-midi, un coll\u00e9gien a \u00e9t\u00e9 interpell\u00e9 apr\u00e8s avoir menac\u00e9 la principale de son \u00e9tablissement avec un couteau, d\u2019apr\u00e8s le rectorat. Il s\u2019agit, selon Le Bien Public, du coll\u00e8ge Edouard-Herriot de Chen\u00f4ve, pr\u00e8s de Dijon.<\/strong><\/p>\n\n\n\n<p class=\"\"><strong>La cheffe du coll\u00e8ge a r\u00e9ussi \u00e0 s\u2019\u00e9chapper de son bureau, d\u00e9clenchant l\u2019alarme, a indiqu\u00e9 \u00e0 l\u2019AFP le recteur de l\u2019acad\u00e9mie de Dijon, Pierre N\u2019Gahane.<\/strong><\/p>\n\n\n\n<p class=\"\">Concernant les faits, l&rsquo;adolescent avait demand\u00e9 rendez-vous avec la principale du coll\u00e8ge Edouard-Herriot, \u00e0 Chen\u00f4ve, une banlieue sensible de Dijon, apr\u00e8s son exclusion de l&rsquo;\u00e9tablissement pour probl\u00e8mes de discipline. Cet \u00e9l\u00e8ve avait d\u00e9j\u00e0 \u00e9t\u00e9 exclu d&rsquo;une autre \u00e9cole avant d&rsquo;\u00eatre admis au coll\u00e8ge Herriot, selon le recteur. sentante d&rsquo;association<\/p>\n\n\n\n<p class=\"\">Apr\u00e8s avoir menac\u00e9 la principale, il a tent\u00e9 de rejoindre sa classe mais cette derni\u00e8re \u00e9tait confin\u00e9e comme l&rsquo;ensemble de l&rsquo;\u00e9tablissement, ainsi que le veut la proc\u00e9dure apr\u00e8s le d\u00e9clenchement d&rsquo;une alarme de ce type.<\/p>\n\n\n\n<p class=\"\">La porte de la classe \u00e9tant ferm\u00e9e, l&rsquo;\u00e9l\u00e8ve est rest\u00e9 dans le couloir avant d&rsquo;\u00eatre finalement interpell\u00e9. \u00abLa police \u00e9tait d\u00e9j\u00e0 en intervention dans le quartier et l&rsquo;a d\u00e9sarm\u00e9 tr\u00e8s vite\u00bb, a poursuivi le recteur.<\/p>\n\n\n\n<p class=\"\">Un rapport s\u00e9natorial issu d&rsquo;une commission d&rsquo;enqu\u00eate a point\u00e9 d\u00e9but mars la \u00abterrible solitude\u00bb des enseignants face aux menaces et agressions dont ils sont l&rsquo;objet, exhortant l&rsquo;\u00c9tat \u00e0 enclencher une \u00abd\u00e9marche proactive\u00bb pour les aider.<\/p>\n","protected":false},"excerpt":{"rendered":"<p>On en sait plus ce matin sur le d\u00e9roul\u00e9 des faits :&nbsp;Le coll\u00e9gien, \u00e2g\u00e9 de 15 ans et \u00e9l\u00e8ve de troisi\u00e8me, s&rsquo;est pr\u00e9sent\u00e9 dans un cours d&rsquo;anglais d&rsquo;o\u00f9 il avait \u00e9t\u00e9 exclu quelques jours plus t\u00f4t, a indiqu\u00e9 le parquet de C\u00f4te-d&rsquo;Or. Redirig\u00e9 vers la principale du coll\u00e8ge, il a \u00e9t\u00e9 re\u00e7u dans le bureau [&hellip;]<\/p>\n","protected":false},"author":2,"featured_media":27526,"comment_status":"open","ping_status":"open","sticky":false,"template":"","format":"standard","meta":{"_jetpack_memberships_contains_paid_content":false,"footnotes":"","jetpack_publicize_message":"","jetpack_publicize_feature_enabled":true,"jetpack_social_post_already_shared":true,"jetpack_social_options":{"image_generator_settings":{"template":"highway","default_image_id":0,"font":"","enabled":false},"version":2},"_wpas_customize_per_network":false},"categories":[405],"tags":[],"class_list":["post-27525","post","type-post","status-publish","format-standard","has-post-thumbnail","hentry","category-actu-france-monde"],"jetpack_publicize_connections":[],"jetpack_featured_media_url":"https:\/\/i0.wp.com\/www.iceagetv.com\/radiosite\/wp-content\/uploads\/2024\/03\/Dijon.jpg?fit=679%2C293&ssl=1","jetpack_sharing_enabled":true,"_links":{"self":[{"href":"https:\/\/www.iceagetv.com\/radiosite\/wp-json\/wp\/v2\/posts\/27525","targetHints":{"allow":["GET"]}}],"collection":[{"href":"https:\/\/www.iceagetv.com\/radiosite\/wp-json\/wp\/v2\/posts"}],"about":[{"href":"https:\/\/www.iceagetv.com\/radiosite\/wp-json\/wp\/v2\/types\/post"}],"author":[{"embeddable":true,"href":"https:\/\/www.iceagetv.com\/radiosite\/wp-json\/wp\/v2\/users\/2"}],"replies":[{"embeddable":true,"href":"https:\/\/www.iceagetv.com\/radiosite\/wp-json\/wp\/v2\/comments?post=27525"}],"version-history":[{"count":1,"href":"https:\/\/www.iceagetv.com\/radiosite\/wp-json\/wp\/v2\/posts\/27525\/revisions"}],"predecessor-version":[{"id":27527,"href":"https:\/\/www.iceagetv.com\/radiosite\/wp-json\/wp\/v2\/posts\/27525\/revisions\/27527"}],"wp:featuredmedia":[{"embeddable":true,"href":"https:\/\/www.iceagetv.com\/radiosite\/wp-json\/wp\/v2\/media\/27526"}],"wp:attachment":[{"href":"https:\/\/www.iceagetv.com\/radiosite\/wp-json\/wp\/v2\/media?parent=27525"}],"wp:term":[{"taxonomy":"category","embeddable":true,"href":"https:\/\/www.iceagetv.com\/radiosite\/wp-json\/wp\/v2\/categories?post=27525"},{"taxonomy":"post_tag","embeddable":true,"href":"https:\/\/www.iceagetv.com\/radiosite\/wp-json\/wp\/v2\/tags?post=27525"}],"curies":[{"name":"wp","href":"https:\/\/api.w.org\/{rel}","templated":true}]}}