{"id":27528,"date":"2024-03-16T11:26:30","date_gmt":"2024-03-16T11:26:30","guid":{"rendered":"https:\/\/www.iceagetv.com\/radiosite\/?p=27528"},"modified":"2024-03-16T11:26:30","modified_gmt":"2024-03-16T11:26:30","slug":"pascal-obispo-et-etienne-daho-annoncent-la-disparition-du-chanteur-frank-darcel-membre-du-groupe-rennais-marquis-de-sade-son-corps-a-ete-retrouve-au-pied-dune-falaise-en-espagne","status":"publish","type":"post","link":"https:\/\/www.iceagetv.com\/radiosite\/pascal-obispo-et-etienne-daho-annoncent-la-disparition-du-chanteur-frank-darcel-membre-du-groupe-rennais-marquis-de-sade-son-corps-a-ete-retrouve-au-pied-dune-falaise-en-espagne\/","title":{"rendered":"Pascal Obispo et \u00c9tienne Daho annoncent la disparition du chanteur Frank Darcel, membre du groupe rennais Marquis de Sade &#8211; Son corps a \u00e9t\u00e9 retrouv\u00e9 au pied d&rsquo;une falaise en Espagne"},"content":{"rendered":"\n<p class=\"\">Pascal Obispo et \u00c9tienne Daho annoncent sur leur compte Instagram respectif la disparition du chanteur Frank Darcel, membre du groupe rennais Marquis de Sade, \u00e9galement \u00e9crivain et militant breton. Le musicien de 65 ans serait, selon les premiers \u00e9l\u00e9ments recueillis par le m\u00e9dia espagnol El Progreso, au pied d&rsquo;une une falaise dans la commune de Ribadeo, dans le nord-ouest du pays. Des riverains l\u2019ont trouv\u00e9 allong\u00e9 sur le sable, visiblement tomb\u00e9 d\u2019une zone facile d\u2019acc\u00e8s. L\u2019hypoth\u00e8se d\u2019un suicide serait envisag\u00e9e.<\/p>\n\n\n\n<p class=\"\"><strong>Frank Darcel avait pris quelques jours de repos dans un h\u00f4tel de la ville. Sa famille a \u00e9t\u00e9 avis\u00e9e de son d\u00e9c\u00e8s et le corps du musicien devrait \u00eatre rapatri\u00e9 en France. Une autopsie doit toutefois \u00eatre pratiqu\u00e9e pour tenter de d\u00e9terminer avec exactitude les causes de la mort de Frank Darcel.<\/strong><\/p>\n\n\n\n<p class=\"\">Frank Darcel est n\u00e9 \u00e0 Loud\u00e9ac dans les C\u00f4tes-d\u2019Armor.<\/p>\n\n\n\n<p class=\"\">Il d\u00e9croche son bac \u00e0 16 ans. D\u00e9barque \u00e0 Rennes en 1975. Gratte la guitare tout en suivant des \u00e9tudes de m\u00e9decine, qu\u2019il interrompt avant la troisi\u00e8me ann\u00e9e. \u00ab Je pr\u00e9f\u00e9rais faire de la musique \u00bb, d\u00e9clare-t-il. Le succ\u00e8s de Marquis de Sade, jusqu\u2019\u00e0 la fin du groupe en 1981, ne se raconte plus. Cette odyss\u00e9e le conduira \u00e0 travailler avec \u00c9tienne Daho, Pascal Obispo, Nolwenn Korbell, Alan Stivell\u2026<\/p>\n","protected":false},"excerpt":{"rendered":"<p>Pascal Obispo et \u00c9tienne Daho annoncent sur leur compte Instagram respectif la disparition du chanteur Frank Darcel, membre du groupe rennais Marquis de Sade, \u00e9galement \u00e9crivain et militant breton. Le musicien de 65 ans serait, selon les premiers \u00e9l\u00e9ments recueillis par le m\u00e9dia espagnol El Progreso, au pied d&rsquo;une une falaise dans la commune de [&hellip;]<\/p>\n","protected":false},"author":2,"featured_media":27529,"comment_status":"open","ping_status":"open","sticky":false,"template":"","format":"standard","meta":{"_jetpack_memberships_contains_paid_content":false,"footnotes":"","jetpack_publicize_message":"","jetpack_publicize_feature_enabled":true,"jetpack_social_post_already_shared":true,"jetpack_social_options":{"image_generator_settings":{"template":"highway","default_image_id":0,"font":"","enabled":false},"version":2},"_wpas_customize_per_network":false},"categories":[68],"tags":[],"class_list":["post-27528","post","type-post","status-publish","format-standard","has-post-thumbnail","hentry","category-actu-culturelle"],"jetpack_publicize_connections":[],"jetpack_featured_media_url":"https:\/\/i0.wp.com\/www.iceagetv.com\/radiosite\/wp-content\/uploads\/2024\/03\/chanteur-Frank-Darcel.jpg?fit=679%2C293&ssl=1","jetpack_sharing_enabled":true,"_links":{"self":[{"href":"https:\/\/www.iceagetv.com\/radiosite\/wp-json\/wp\/v2\/posts\/27528","targetHints":{"allow":["GET"]}}],"collection":[{"href":"https:\/\/www.iceagetv.com\/radiosite\/wp-json\/wp\/v2\/posts"}],"about":[{"href":"https:\/\/www.iceagetv.com\/radiosite\/wp-json\/wp\/v2\/types\/post"}],"author":[{"embeddable":true,"href":"https:\/\/www.iceagetv.com\/radiosite\/wp-json\/wp\/v2\/users\/2"}],"replies":[{"embeddable":true,"href":"https:\/\/www.iceagetv.com\/radiosite\/wp-json\/wp\/v2\/comments?post=27528"}],"version-history":[{"count":1,"href":"https:\/\/www.iceagetv.com\/radiosite\/wp-json\/wp\/v2\/posts\/27528\/revisions"}],"predecessor-version":[{"id":27530,"href":"https:\/\/www.iceagetv.com\/radiosite\/wp-json\/wp\/v2\/posts\/27528\/revisions\/27530"}],"wp:featuredmedia":[{"embeddable":true,"href":"https:\/\/www.iceagetv.com\/radiosite\/wp-json\/wp\/v2\/media\/27529"}],"wp:attachment":[{"href":"https:\/\/www.iceagetv.com\/radiosite\/wp-json\/wp\/v2\/media?parent=27528"}],"wp:term":[{"taxonomy":"category","embeddable":true,"href":"https:\/\/www.iceagetv.com\/radiosite\/wp-json\/wp\/v2\/categories?post=27528"},{"taxonomy":"post_tag","embeddable":true,"href":"https:\/\/www.iceagetv.com\/radiosite\/wp-json\/wp\/v2\/tags?post=27528"}],"curies":[{"name":"wp","href":"https:\/\/api.w.org\/{rel}","templated":true}]}}