{"id":27538,"date":"2024-03-17T12:45:38","date_gmt":"2024-03-17T12:45:38","guid":{"rendered":"https:\/\/www.iceagetv.com\/radiosite\/?p=27538"},"modified":"2024-03-17T12:45:38","modified_gmt":"2024-03-17T12:45:38","slug":"emmanuel-macron-prend-une-nouvelle-fois-la-parole-et-affirme-que-peut-etre-il-faudra-envoyer-des-troupes-sur-le-terrain-en-ukraine-pour-contrer-les-forces-russes","status":"publish","type":"post","link":"https:\/\/www.iceagetv.com\/radiosite\/emmanuel-macron-prend-une-nouvelle-fois-la-parole-et-affirme-que-peut-etre-il-faudra-envoyer-des-troupes-sur-le-terrain-en-ukraine-pour-contrer-les-forces-russes\/","title":{"rendered":"Emmanuel Macron prend une nouvelle fois la parole et affirme que \u00ab\u00a0peut-\u00eatre, il faudra envoyer des troupes sur le terrain, en Ukraine pour contrer les forces russes\u00a0\u00bb"},"content":{"rendered":"\n<p class=\"\">Emmanuel Macron prend une nouvelle fois la parole et cette fois, c&rsquo;est au&nbsp;<a href=\"https:\/\/www.leparisien.fr\/politique\/emmanuel-macron-sur-lukraine-peut-etre-qua-un-moment-donne-il-faudra-avoir-des-operations-sur-le-terrain-16-03-2024-ZJUB5CCX2FCMFCJE7552HIUPWY.php\" target=\"_blank\" rel=\"noreferrer noopener\">Parisien<\/a>&nbsp;que le Pr\u00e9sident de la R\u00e9publique a d\u00e9cid\u00e9 d&rsquo;accorder une interview. Dans cet entretien, le pr\u00e9sident fran\u00e7ais r\u00e9affirme que des op\u00e9rations au sol en Ukraine par les Occidentaux seraient peut-\u00eatre n\u00e9cessaires \u00e0 l\u2019avenir.<\/p>\n\n\n\n<p class=\"\"><strong>\u00abPeut-\u00eatre qu&rsquo;\u00e0 un moment donn\u00e9 &#8211; je ne le souhaite pas, n&rsquo;en prendrai pas l&rsquo;initiative &#8211; il faudra avoir des op\u00e9rations sur le terrain, quelles qu&rsquo;elles soient, pour contrer les forces russes\u00bb<\/strong>, a-t-il d\u00e9clar\u00e9 dans cet entretien r\u00e9alis\u00e9 vendredi, \u00e0 son retour de Berlin o\u00f9 il avait rencontr\u00e9 les dirigeants allemand et polonais. \u00abLa force de la France, c&rsquo;est que nous pouvons le faire\u00bb, a-t-il ajout\u00e9.<\/p>\n\n\n\n<p class=\"\"><strong>En clair, c\u2019est la pr\u00e9rogative du chef de l\u2019\u00c9tat et de lui seul, chef des arm\u00e9es, de d\u00e9cider d\u2019un tel engagement.<\/strong>&nbsp;<\/p>\n\n\n\n<p class=\"\">Emmanuel Macron estime que Vladimir Poutine \u00abentretient un discours de la peur\u00bb, mais qu\u2019il \u00abne faut pas se laisser intimider\u00bb par le pr\u00e9sident russe, dans un entretien accord\u00e9 au Parisien dimanche. Le chef de l\u2019\u00c9tat, tax\u00e9 de faiseur de guerre par Moscou, est devenu la b\u00eate noire de la propagande russe depuis qu&rsquo;il a \u00e9voqu\u00e9 le possible envoi de soldats occidentaux en Ukraine au nom de \u00abl&rsquo;ambigu\u00eft\u00e9 strat\u00e9gique\u00bb.<\/p>\n\n\n\n<p class=\"\">Emmanuel Macron fait part \u00e9galement de son intention de ne pas f\u00e9liciter son homologue russe dimanche en cas de nouveau succ\u00e8s \u00e9lectoral. \u00abLa mort d&rsquo;Alexe\u00ef Navalny et l&rsquo;interdiction de tous ses opposants font que l&rsquo;on ne peut pas f\u00e9liciter quelqu&rsquo;un d&rsquo;une \u00e9lection ourl\u00e9e de la mort de ceux qui se sont battus pour le pluralisme en Russie\u00bb, cingle-t-il dans les colonnes du quotidien.<\/p>\n","protected":false},"excerpt":{"rendered":"<p>Emmanuel Macron prend une nouvelle fois la parole et cette fois, c&rsquo;est au&nbsp;Parisien&nbsp;que le Pr\u00e9sident de la R\u00e9publique a d\u00e9cid\u00e9 d&rsquo;accorder une interview. Dans cet entretien, le pr\u00e9sident fran\u00e7ais r\u00e9affirme que des op\u00e9rations au sol en Ukraine par les Occidentaux seraient peut-\u00eatre n\u00e9cessaires \u00e0 l\u2019avenir. \u00abPeut-\u00eatre qu&rsquo;\u00e0 un moment donn\u00e9 &#8211; je ne le souhaite [&hellip;]<\/p>\n","protected":false},"author":2,"featured_media":27539,"comment_status":"open","ping_status":"open","sticky":false,"template":"","format":"standard","meta":{"_jetpack_memberships_contains_paid_content":false,"footnotes":"","jetpack_publicize_message":"","jetpack_publicize_feature_enabled":true,"jetpack_social_post_already_shared":true,"jetpack_social_options":{"image_generator_settings":{"template":"highway","default_image_id":0,"font":"","enabled":false},"version":2},"_wpas_customize_per_network":false},"categories":[405],"tags":[],"class_list":["post-27538","post","type-post","status-publish","format-standard","has-post-thumbnail","hentry","category-actu-france-monde"],"jetpack_publicize_connections":[],"jetpack_featured_media_url":"https:\/\/i0.wp.com\/www.iceagetv.com\/radiosite\/wp-content\/uploads\/2024\/03\/Emmanuel-Macron-prend-une-nouvelle-fois-la-parole.jpg?fit=679%2C293&ssl=1","jetpack_sharing_enabled":true,"_links":{"self":[{"href":"https:\/\/www.iceagetv.com\/radiosite\/wp-json\/wp\/v2\/posts\/27538","targetHints":{"allow":["GET"]}}],"collection":[{"href":"https:\/\/www.iceagetv.com\/radiosite\/wp-json\/wp\/v2\/posts"}],"about":[{"href":"https:\/\/www.iceagetv.com\/radiosite\/wp-json\/wp\/v2\/types\/post"}],"author":[{"embeddable":true,"href":"https:\/\/www.iceagetv.com\/radiosite\/wp-json\/wp\/v2\/users\/2"}],"replies":[{"embeddable":true,"href":"https:\/\/www.iceagetv.com\/radiosite\/wp-json\/wp\/v2\/comments?post=27538"}],"version-history":[{"count":1,"href":"https:\/\/www.iceagetv.com\/radiosite\/wp-json\/wp\/v2\/posts\/27538\/revisions"}],"predecessor-version":[{"id":27540,"href":"https:\/\/www.iceagetv.com\/radiosite\/wp-json\/wp\/v2\/posts\/27538\/revisions\/27540"}],"wp:featuredmedia":[{"embeddable":true,"href":"https:\/\/www.iceagetv.com\/radiosite\/wp-json\/wp\/v2\/media\/27539"}],"wp:attachment":[{"href":"https:\/\/www.iceagetv.com\/radiosite\/wp-json\/wp\/v2\/media?parent=27538"}],"wp:term":[{"taxonomy":"category","embeddable":true,"href":"https:\/\/www.iceagetv.com\/radiosite\/wp-json\/wp\/v2\/categories?post=27538"},{"taxonomy":"post_tag","embeddable":true,"href":"https:\/\/www.iceagetv.com\/radiosite\/wp-json\/wp\/v2\/tags?post=27538"}],"curies":[{"name":"wp","href":"https:\/\/api.w.org\/{rel}","templated":true}]}}