{"id":27551,"date":"2024-03-18T15:54:22","date_gmt":"2024-03-18T15:54:22","guid":{"rendered":"https:\/\/www.iceagetv.com\/radiosite\/?p=27551"},"modified":"2024-03-18T15:54:22","modified_gmt":"2024-03-18T15:54:22","slug":"attaque-du-commissariat-de-la-courneuve-laurent-nunez-tance-lextreme-gauche-qui-incite-a-lemeute","status":"publish","type":"post","link":"https:\/\/www.iceagetv.com\/radiosite\/attaque-du-commissariat-de-la-courneuve-laurent-nunez-tance-lextreme-gauche-qui-incite-a-lemeute\/","title":{"rendered":"Attaque du commissariat de La Courneuve\u00a0: Laurent Nu\u00f1ez tance \u00abl&rsquo;extr\u00eame gauche qui incite \u00e0 l&rsquo;\u00e9meute\u00bb"},"content":{"rendered":"\n<p class=\"\"><strong>Le pr\u00e9fet de police de Paris s\u2019est rendu, ce lundi, au commissariat de La Courneuve (Seine-Saint-Denis), cibl\u00e9 dimanche soir par des tirs de mortiers. Un \u00abtr\u00e8s gros dispositif\u00bb pour s\u00e9curiser la commune a \u00e9t\u00e9 mis en place.<\/strong><\/p>\n\n\n\n<p class=\"\"><em>Hier soir, force est rest\u00e9e \u00e0 la loi\u00bb<\/em>, a d\u00e9clar\u00e9 ce lundi le&nbsp;<a href=\"http:\/\/www.lefigaro.fr\/actualite-france\/laurent-nunez-il-n-y-a-pas-de-big-brother-a-la-francaise-20220704\" target=\"_blank\" rel=\"noreferrer noopener\">pr\u00e9fet de police de Paris<\/a>, en visite au commissariat de La Courneuve (Seine-Saint-Denis) attaqu\u00e9 dimanche 17 mars&nbsp;<em>\u00abpar une cinquantaine d\u2019assaillants\u00bb<\/em>. Vers 22h50,&nbsp;<a href=\"http:\/\/www.lefigaro.fr\/faits-divers\/la-courneuve-un-commissariat-cible-par-des-tirs-de-mortiers-d-artifice-six-interpellations-20240317\" target=\"_blank\" rel=\"noreferrer noopener\">le b\u00e2timent a \u00e9t\u00e9 la cible de tirs de mortiers d&rsquo;artifice<\/a>, de projectiles et de cocktails Molotov.&nbsp;<em>\u00abLes faits ont dur\u00e9 quinze minutes et le calme est revenu \u00e0 23h30 dans la Courneuve et les cit\u00e9s environnantes\u00bb<\/em>, a ajout\u00e9 Laurent Nu\u00f1ez.<\/p>\n\n\n\n<p class=\"\">Neuf personnes ont \u00e9t\u00e9 interpell\u00e9es et plac\u00e9es en garde \u00e0 vue &#8211; sept majeurs, \u00e2g\u00e9s de 18 \u00e0 21 ans, et deux mineurs, a-t-il pr\u00e9cis\u00e9 sur BFMTV. Le procureur de la R\u00e9publique a saisi la S\u00fbret\u00e9 territoriale du d\u00e9partement de Seine-Saint-Denis et\u00a0<em>\u00abdes investigations ont \u00e9t\u00e9 lanc\u00e9es\u00bb<\/em>. Deux fonctionnaires de police ont \u00e9t\u00e9 l\u00e9g\u00e8rement bless\u00e9s, a ajout\u00e9 le pr\u00e9fet de police.<\/p>\n\n\n\n<h2 class=\"wp-block-heading\" id=\"subhead-578386af-0d2a-428e-94cc-778b4addd9b1\">D\u2019autres interpellations\u00bb \u00e0 venir, annonce Darmanin<\/h2>\n\n\n\n<p class=\"\">Si le calme est revenu, Laurent Nu\u00f1ez a annonc\u00e9 la mise en place d\u2019un&nbsp;<em>\u00abtr\u00e8s gros dispositif\u00bb<\/em>&nbsp;pour s\u00e9curiser la commune s\u00e9quano-dionysienne.&nbsp;<em>\u00abNous allons s\u00e9curiser le commissariat et la ville dans les heures et les jours qui viennent. D&rsquo;ores et d\u00e9j\u00e0, un escadron de gendarmerie mobile est pr\u00e9sent. Il sera relev\u00e9 par deux unit\u00e9s mobiles des compagnies r\u00e9publicaines de s\u00e9curit\u00e9\u00bb<\/em>, a-t-il d\u00e9taill\u00e9.<em>&nbsp;\u00abIl y aura beaucoup de policiers et de gendarmes \u00e0 La Courneuve et dans d&rsquo;autres territoires\u00bb<\/em>, a ajout\u00e9 en d\u00e9but d\u2019apr\u00e8s-midi le ministre de l\u2019Int\u00e9rieur&nbsp;<a href=\"https:\/\/www.lefigaro.fr\/politique\/gerald-darmanin-le-ministre-qui-ne-veut-plus-rien-s-interdire-20221005\" target=\"_blank\" rel=\"noreferrer noopener\">G\u00e9rald Darmanin<\/a>, qui a pr\u00e9cis\u00e9 que&nbsp;<em>\u00abd\u2019autres interpellations\u00bb<\/em>&nbsp;auront lieu.<\/p>\n\n\n\n<p class=\"\"><em>\u00abOn ne peut admettre qu\u2019on s\u2019attaque \u00e0 des hommes et femmes, quel que soit le symbole qu&rsquo;ils repr\u00e9sentent. Ils ne peuvent \u00eatre les boucs \u00e9missaires des dysfonctionnements d\u2019une soci\u00e9t\u00e9. Que la police prenne des mesures de pr\u00e9caution me semble l\u00e9gitime pour \u00e9viter des d\u00e9bordements incontr\u00f4lables\u00bb<\/em>, a soutenu ce lundi en conf\u00e9rence de presse Gilles Poux, maire de La Courneuve. L\u2019\u00e9dile communiste appelle par ailleurs la police \u00e0&nbsp;<em>\u00abavoir l&rsquo;intelligence d\u2019\u00eatre dans une mesure de pond\u00e9ration\u00bb&nbsp;<\/em>afin de&nbsp;<em>\u00abcr\u00e9er les conditions de l&rsquo;apaisement\u00bb.<\/em><\/p>\n\n\n\n<p class=\"\">Le pr\u00e9fet de police s\u2019est enfin indign\u00e9 des\u00a0<em>\u00abr\u00e9actions de l&rsquo;extr\u00eame gauche qui incitent \u00e0 l&rsquo;\u00e9meute\u00bb<\/em>.\u00a0<em>\u00abJoli feu d&rsquo;artifice ce soir devant le commissariat de La Courneuve<\/em>, a par exemple \u00e9crit Sur X le syndicaliste et ex-candidat NPA \u00e0 l\u2019\u00e9lection pr\u00e9sidentielle Philippe Poutou.\u00a0<em>Soutien \u00e0 une col\u00e8re l\u00e9gitime apr\u00e8s qu&rsquo;un jeune ait encore \u00e9t\u00e9 tu\u00e9 par la police.\u00bb<\/em><\/p>\n\n\n\n<h2 class=\"wp-block-heading\" id=\"subhead-47cfa420-c9db-4e81-8d0b-91b88de9351d\">Une attaque \u00abmanifestement\u00bb li\u00e9e au d\u00e9c\u00e8s de Wanys R.<\/h2>\n\n\n\n<p class=\"\">L\u2019attaque du commissariat ferait&nbsp;<em>\u00abmanifestement\u00bb<\/em>&nbsp;suite au d\u00e9c\u00e8s du jeune, Wanys R., 18 ans, mort \u00e0 scooter mercredi 13 mars dans une course-poursuite \u00e0&nbsp;<a href=\"http:\/\/www.lefigaro.fr\/faits-divers\/refus-d-obtemperer-un-jeune-homme-decede-apres-une-collision-avec-une-voiture-de-police-20240313\" target=\"_blank\" rel=\"noreferrer noopener\">Aubervilliers<\/a>&nbsp;(Seine-Saint-Denis), a confirm\u00e9 l\u2019ancien directeur g\u00e9n\u00e9ral de la s\u00e9curit\u00e9 int\u00e9rieure (DGSI).<\/p>\n\n\n\n<p class=\"\">En d\u00e9but de soir\u00e9e mercredi, un scooter mont\u00e9 par deux jeunes hommes avait \u00e9t\u00e9 poursuivi par la police apr\u00e8s un refus de contr\u00f4le. Quelques instants plus tard, dans une avenue de la ville, le deux-roues avait \u00e9t\u00e9&nbsp;<a href=\"http:\/\/www.lefigaro.fr\/faits-divers\/refus-d-obtemperer-un-jeune-homme-decede-apres-une-collision-avec-une-voiture-de-police-20240313\" target=\"_blank\" rel=\"noreferrer noopener\">heurt\u00e9 par un v\u00e9hicule d&rsquo;une brigade anticriminalit\u00e9 (BAC) appel\u00e9 en renfort, qui arrivait en sens inverse<\/a>. Originaire de La Courneuve, ce jeune homme \u00e9tait, selon nos informations, tr\u00e8s d\u00e9favorablement connu des services de police et sortait de prison. Lors de sa prise de parole, le maire Gilles Poux a r\u00e9clam\u00e9 que&nbsp;<em>\u00abtoute la lumi\u00e8re sur ce qui a conduit \u00e0 l&rsquo;irr\u00e9parable\u00bb<\/em>&nbsp;soit faite.<\/p>\n","protected":false},"excerpt":{"rendered":"<p>Le pr\u00e9fet de police de Paris s\u2019est rendu, ce lundi, au commissariat de La Courneuve (Seine-Saint-Denis), cibl\u00e9 dimanche soir par des tirs de mortiers. Un \u00abtr\u00e8s gros dispositif\u00bb pour s\u00e9curiser la commune a \u00e9t\u00e9 mis en place. Hier soir, force est rest\u00e9e \u00e0 la loi\u00bb, a d\u00e9clar\u00e9 ce lundi le&nbsp;pr\u00e9fet de police de Paris, en [&hellip;]<\/p>\n","protected":false},"author":2,"featured_media":27552,"comment_status":"open","ping_status":"open","sticky":false,"template":"","format":"standard","meta":{"_jetpack_memberships_contains_paid_content":false,"footnotes":"","jetpack_publicize_message":"","jetpack_publicize_feature_enabled":true,"jetpack_social_post_already_shared":true,"jetpack_social_options":{"image_generator_settings":{"template":"highway","default_image_id":0,"font":"","enabled":false},"version":2},"_wpas_customize_per_network":false},"categories":[405],"tags":[],"class_list":["post-27551","post","type-post","status-publish","format-standard","has-post-thumbnail","hentry","category-actu-france-monde"],"jetpack_publicize_connections":[],"jetpack_featured_media_url":"https:\/\/i0.wp.com\/www.iceagetv.com\/radiosite\/wp-content\/uploads\/2024\/03\/Attaque-du-commissariat-de-La-Courneuve.jpg?fit=679%2C293&ssl=1","jetpack_sharing_enabled":true,"_links":{"self":[{"href":"https:\/\/www.iceagetv.com\/radiosite\/wp-json\/wp\/v2\/posts\/27551","targetHints":{"allow":["GET"]}}],"collection":[{"href":"https:\/\/www.iceagetv.com\/radiosite\/wp-json\/wp\/v2\/posts"}],"about":[{"href":"https:\/\/www.iceagetv.com\/radiosite\/wp-json\/wp\/v2\/types\/post"}],"author":[{"embeddable":true,"href":"https:\/\/www.iceagetv.com\/radiosite\/wp-json\/wp\/v2\/users\/2"}],"replies":[{"embeddable":true,"href":"https:\/\/www.iceagetv.com\/radiosite\/wp-json\/wp\/v2\/comments?post=27551"}],"version-history":[{"count":1,"href":"https:\/\/www.iceagetv.com\/radiosite\/wp-json\/wp\/v2\/posts\/27551\/revisions"}],"predecessor-version":[{"id":27553,"href":"https:\/\/www.iceagetv.com\/radiosite\/wp-json\/wp\/v2\/posts\/27551\/revisions\/27553"}],"wp:featuredmedia":[{"embeddable":true,"href":"https:\/\/www.iceagetv.com\/radiosite\/wp-json\/wp\/v2\/media\/27552"}],"wp:attachment":[{"href":"https:\/\/www.iceagetv.com\/radiosite\/wp-json\/wp\/v2\/media?parent=27551"}],"wp:term":[{"taxonomy":"category","embeddable":true,"href":"https:\/\/www.iceagetv.com\/radiosite\/wp-json\/wp\/v2\/categories?post=27551"},{"taxonomy":"post_tag","embeddable":true,"href":"https:\/\/www.iceagetv.com\/radiosite\/wp-json\/wp\/v2\/tags?post=27551"}],"curies":[{"name":"wp","href":"https:\/\/api.w.org\/{rel}","templated":true}]}}