{"id":27565,"date":"2024-03-19T14:51:45","date_gmt":"2024-03-19T14:51:45","guid":{"rendered":"https:\/\/www.iceagetv.com\/radiosite\/?p=27565"},"modified":"2024-03-19T14:51:45","modified_gmt":"2024-03-19T14:51:45","slug":"haiti-laisser-mon-pays-cheri-parce-que-je-peux-mourir-nimporte-quand-le-quotidien-invivable-sur-lile","status":"publish","type":"post","link":"https:\/\/www.iceagetv.com\/radiosite\/haiti-laisser-mon-pays-cheri-parce-que-je-peux-mourir-nimporte-quand-le-quotidien-invivable-sur-lile\/","title":{"rendered":"Ha\u00efti\u00a0: \u00ab\u00a0Laisser mon pays ch\u00e9ri parce que je peux mourir n\u2019importe quand\u00a0\u00bb\u2026 Le quotidien invivable sur l\u2019\u00eele"},"content":{"rendered":"\n<p class=\"\">est avec des larmes aux yeux que je d\u00e9cris pour vous cette situation d\u2019ins\u00e9curit\u00e9 qui s\u2019installe actuellement en&nbsp;<a href=\"https:\/\/www.20minutes.fr\/monde\/haiti\/\" target=\"_blank\" rel=\"noreferrer noopener\">Ha\u00efti<\/a>.&nbsp;\u00bb Les civils sont, comme toujours, les premi\u00e8res victimes des conflits arm\u00e9s. La population ha\u00eftienne ne fait pas exception comme le traduit le t\u00e9moignage \u00e0&nbsp;<em>20 Minutes<\/em>&nbsp;de Chrismaine Sev\u00e8re, jeune juriste et technicienne en agriculture de 32 ans.<\/p>\n\n\n\n<p class=\"\">Depuis le d\u00e9but du mois de mars,&nbsp;<a href=\"https:\/\/www.20minutes.fr\/monde\/4079650-20240305-haiti-attaques-gangs-etat-urgence-passe-port-prince\" target=\"_blank\" rel=\"noreferrer noopener\">l\u2019ins\u00e9curit\u00e9 a explos\u00e9 dans le pays<\/a>&nbsp;frontalier de la&nbsp;<a href=\"https:\/\/www.20minutes.fr\/dossier\/republique-dominicaine\" target=\"_blank\" rel=\"noreferrer noopener\">R\u00e9publique dominicaine<\/a>&nbsp;lorsque des gangs arm\u00e9s se sont unis pour attaquer des lieux strat\u00e9giques de Port-au-Prince pour lutter contre le Premier ministre Ariel Henry. Depuis, \u00ab&nbsp;des&nbsp;<a href=\"https:\/\/www.20minutes.fr\/monde\/4081803-20240318-haiti-unicef-juge-chaos-pays-ressemble-scene-mad-max\" target=\"_blank\" rel=\"noreferrer noopener\">sc\u00e8nes de guerre civile dignes de&nbsp;<em>Mad Max<\/em><\/a>&nbsp;\u00bb, selon les mots de la directrice de l\u2019Unicef, \u00e9branlent le quotidien des habitants. \u00ab&nbsp;C\u2019est le chaos total dans presque tous les secteurs du pays&nbsp;\u00bb, r\u00e9sume \u00e9galement Val Neristil Vaniel, directeur d\u2019une \u00e9cole dans une ruralit\u00e9 proche de Port-au-Prince, la capitale, contact\u00e9 par&nbsp;<em>20 Minutes<\/em>.<\/p>\n\n\n\n<h2 class=\"wp-block-heading\">\u00ab&nbsp;Rien ne fonctionne&nbsp;\u00bb<\/h2>\n\n\n\n<p class=\"\">La violence et l\u2019anarchie emp\u00eachent les habitants de vivre normalement. Lundi matin, vers huit heures, horaire d\u2019arriv\u00e9e des \u00e9l\u00e8ves pour le d\u00e9but des cours, \u00ab\u00a0des bandits arm\u00e9s ont attaqu\u00e9 une banque pas trop loin de l\u2019\u00e9cole que je dirige\u00a0\u00bb, raconte ainsi Val Neristil Vaniel. \u00ab\u00a0Le secteur \u00e9ducatif est consid\u00e9rablement affect\u00e9, on tente de trouver les jours o\u00f9 l\u2019on peut r\u00e9unir les enfants pour ne pas les mettre en danger\u00a0\u00bb, poursuit-il.<\/p>\n\n\n\n<p class=\"\">L\u2019entreprise de transformation de produits agricoles de Chrismaine Sev\u00e8re est pratiquement au point mort car \u00ab&nbsp;le pays est totalement ferm\u00e9&nbsp;\u00bb et que \u00ab&nbsp;rien ne fonctionne&nbsp;\u00bb, d\u2019autant que \u00ab&nbsp;les consommateurs n\u2019ont pas de&nbsp;<a href=\"https:\/\/www.20minutes.fr\/dossier\/pouvoir_d_achat\" target=\"_blank\" rel=\"noreferrer noopener\">pouvoir d\u2019achat<\/a>&nbsp;\u00bb, confie-t-elle. Lors de pr\u00e9c\u00e9dentes crises elle pouvait se rendre \u00e0 Port-au-Prince en avion pour assurer un minimum son commerce. Mais d\u00e9sormais elle est bloqu\u00e9e dans la r\u00e9gion du Grand Sud \u00e0 cause de l\u2019ins\u00e9curit\u00e9 qui r\u00e8gne dans la capitale cern\u00e9e de groupes arm\u00e9s.<\/p>\n\n\n\n<p class=\"\">Par peur pour sa propre s\u00e9curit\u00e9, Chrismaine Sev\u00e8re \u00ab&nbsp;ne sort presque plus&nbsp;\u00bb de chez elle et se sent parfois \u00ab&nbsp;au bord de la&nbsp;<a href=\"https:\/\/www.20minutes.fr\/societe\/depression\/\" target=\"_blank\" rel=\"noreferrer noopener\">d\u00e9pression<\/a>&nbsp;\u00bb. \u00ab&nbsp;Nous avons tous peur de la situation en cours&nbsp;\u00bb, rench\u00e9rit Val Neristil Vaniel qui tente \u00ab&nbsp;toutefois de se ma\u00eetriser m\u00eame dans les pires situations&nbsp;\u00bb.<\/p>\n\n\n\n<h2 class=\"wp-block-heading\">L\u2019exil comme seul futur&nbsp;?<\/h2>\n\n\n\n<p class=\"\">Pourtant, le quotidien marqu\u00e9 par la violence est aussi impact\u00e9 par le manque d\u2019argent et de nourriture. \u00ab&nbsp;Les \u00e9l\u00e8ves viennent mais ils ont toujours faim, leurs parents sont en difficult\u00e9 \u00e9conomique&nbsp;\u00bb, souffle ainsi le directeur d\u2019\u00e9cole qui admet ne \u00ab&nbsp;pas trop bien se nourrir&nbsp;\u00bb m\u00eame si \u00ab&nbsp;on fait de notre mieux pour passer une journ\u00e9e tranquille et manger quelque chose&nbsp;\u00bb.<\/p>\n\n\n\n<p class=\"\">Face \u00e0 tant de d\u00e9sarrois, partir devient de plus en plus in\u00e9vitable. \u00ab\u00a0Je pense m\u00eame qu\u2019en tant que jeune femme c\u2019est la seule option qu\u2019il me reste, regrette ainsi Chrismaine Sev\u00e8re. Laisser mon pays ch\u00e9ri parce que je peux mourir n\u2019importe o\u00f9, n\u2019importe quand\u00a0\u00bb. Val Neristil Vaniel pense aussi \u00e0 quitter Ha\u00efti mais aucune possibilit\u00e9 ne s\u2019offre \u00e0 lui pour le moment m\u00eame si son passeport est \u00e0 jour, pr\u00e9cise-t-il.L\u2019a\u00e9roport international de Port-au-Prince et le port ne fonctionnent plus et tout d\u00e9placement est risqu\u00e9. Selon les donn\u00e9es de\u00a0<a href=\"https:\/\/www.iom.int\/fr\/news\/des-vagues-de-violence-deferlent-sur-port-au-prince-en-haiti-deplacant-des-milliers-de-personnes#:~:text=Actuellement%2C%20quelque%20362%20000%20personnes,le%20d%C3%A9but%20de%20l'ann%C3%A9e.\" target=\"_blank\" rel=\"noreferrer noopener\">l\u2019Organisation internationale des migrations<\/a>, quelque 362.000 personnes sont d\u00e9plac\u00e9es \u00e0 l\u2019int\u00e9rieur du pays, dont 160.000 personnes dans la zone m\u00e9tropolitaine de Port-au-Prince, parfois plusieurs fois pour certaines d\u2019entre elles.<\/p>\n\n\n\n<p class=\"\">C\u2019est une tr\u00e8s grande souffrance quand on est jeune de constater que son quotidien est en train de s\u2019effondrer brutalement, et d\u2019\u00eatre impuissant et de voir son pays livr\u00e9 \u00e0 lui-m\u00eame&nbsp;\u00bb, ajoute la trentenaire. Une souffrance qui p\u00e8se sur le peuple ha\u00eftien de mani\u00e8re r\u00e9currente ces derni\u00e8res ann\u00e9es, victimes de vagues de violence et de&nbsp;<a href=\"https:\/\/www.20minutes.fr\/monde\/3105223-20210819-seisme-haiti-pres-2200-morts-difficultes-acheminer-aide-sinistres\" target=\"_blank\" rel=\"noreferrer noopener\">catastrophes naturelles d\u00e9vastatrices<\/a><a href=\"https:\/\/www.20minutes.fr\/monde\/3105223-20210819-seisme-haiti-pres-2200-morts-difficultes-acheminer-aide-sinistres\" target=\"_blank\" rel=\"noreferrer noopener\">&nbsp;et meurtri\u00e8res<\/a>. Ha\u00efti est le pays le plus pauvre des Am\u00e9riques.<\/p>\n\n\n\n<figure class=\"wp-block-embed\"><div class=\"wp-block-embed__wrapper\">\nhttps:\/\/assets.poool.fr\/advanced-paywall-frame.html\n<\/div><\/figure>\n","protected":false},"excerpt":{"rendered":"<p>est avec des larmes aux yeux que je d\u00e9cris pour vous cette situation d\u2019ins\u00e9curit\u00e9 qui s\u2019installe actuellement en&nbsp;Ha\u00efti.&nbsp;\u00bb Les civils sont, comme toujours, les premi\u00e8res victimes des conflits arm\u00e9s. La population ha\u00eftienne ne fait pas exception comme le traduit le t\u00e9moignage \u00e0&nbsp;20 Minutes&nbsp;de Chrismaine Sev\u00e8re, jeune juriste et technicienne en agriculture de 32 ans. Depuis [&hellip;]<\/p>\n","protected":false},"author":2,"featured_media":27566,"comment_status":"open","ping_status":"open","sticky":false,"template":"","format":"standard","meta":{"_jetpack_memberships_contains_paid_content":false,"footnotes":"","jetpack_publicize_message":"","jetpack_publicize_feature_enabled":true,"jetpack_social_post_already_shared":true,"jetpack_social_options":{"image_generator_settings":{"template":"highway","default_image_id":0,"font":"","enabled":false},"version":2},"_wpas_customize_per_network":false},"categories":[405],"tags":[],"class_list":["post-27565","post","type-post","status-publish","format-standard","has-post-thumbnail","hentry","category-actu-france-monde"],"jetpack_publicize_connections":[],"jetpack_featured_media_url":"https:\/\/i0.wp.com\/www.iceagetv.com\/radiosite\/wp-content\/uploads\/2024\/03\/Haiti.jpg?fit=741%2C431&ssl=1","jetpack_sharing_enabled":true,"_links":{"self":[{"href":"https:\/\/www.iceagetv.com\/radiosite\/wp-json\/wp\/v2\/posts\/27565","targetHints":{"allow":["GET"]}}],"collection":[{"href":"https:\/\/www.iceagetv.com\/radiosite\/wp-json\/wp\/v2\/posts"}],"about":[{"href":"https:\/\/www.iceagetv.com\/radiosite\/wp-json\/wp\/v2\/types\/post"}],"author":[{"embeddable":true,"href":"https:\/\/www.iceagetv.com\/radiosite\/wp-json\/wp\/v2\/users\/2"}],"replies":[{"embeddable":true,"href":"https:\/\/www.iceagetv.com\/radiosite\/wp-json\/wp\/v2\/comments?post=27565"}],"version-history":[{"count":1,"href":"https:\/\/www.iceagetv.com\/radiosite\/wp-json\/wp\/v2\/posts\/27565\/revisions"}],"predecessor-version":[{"id":27567,"href":"https:\/\/www.iceagetv.com\/radiosite\/wp-json\/wp\/v2\/posts\/27565\/revisions\/27567"}],"wp:featuredmedia":[{"embeddable":true,"href":"https:\/\/www.iceagetv.com\/radiosite\/wp-json\/wp\/v2\/media\/27566"}],"wp:attachment":[{"href":"https:\/\/www.iceagetv.com\/radiosite\/wp-json\/wp\/v2\/media?parent=27565"}],"wp:term":[{"taxonomy":"category","embeddable":true,"href":"https:\/\/www.iceagetv.com\/radiosite\/wp-json\/wp\/v2\/categories?post=27565"},{"taxonomy":"post_tag","embeddable":true,"href":"https:\/\/www.iceagetv.com\/radiosite\/wp-json\/wp\/v2\/tags?post=27565"}],"curies":[{"name":"wp","href":"https:\/\/api.w.org\/{rel}","templated":true}]}}