{"id":27568,"date":"2024-03-19T17:03:01","date_gmt":"2024-03-19T17:03:01","guid":{"rendered":"https:\/\/www.iceagetv.com\/radiosite\/?p=27568"},"modified":"2024-03-19T17:03:01","modified_gmt":"2024-03-19T17:03:01","slug":"hausse-du-nombre-de-cas-de-tuberculose-en-france-quels-sont-les-symptomes-de-la-maladie","status":"publish","type":"post","link":"https:\/\/www.iceagetv.com\/radiosite\/hausse-du-nombre-de-cas-de-tuberculose-en-france-quels-sont-les-symptomes-de-la-maladie\/","title":{"rendered":"Hausse du nombre de cas de tuberculose en France : quels sont les sympt\u00f4mes de la maladie ?"},"content":{"rendered":"\n<p class=\"\"><strong>Selon une \u00e9tude publi\u00e9e ce mardi par Sant\u00e9 publique France, la tuberculose a connu&nbsp;un rebond du nombre de cas en 2023 dans l&rsquo;Hexagone. 4.728 cas ont \u00e9t\u00e9 recens\u00e9s l&rsquo;ann\u00e9e derni\u00e8re contre 4.306 en 2021, soit une hausse de 9,8%. La maladie pr\u00e9sente des sympt\u00f4mes facilement rep\u00e9rables, mais peut \u00e9galement \u00ab\u00a0dormir\u00a0\u00bb au sein de l&rsquo;organisme.<\/strong><\/p>\n\n\n\n<p class=\"\">Parfois consid\u00e9r\u00e9e comme une maladie \u00e9teinte, gr\u00e2ce notamment \u00e0 l&rsquo;existence d&rsquo;un vaccin, la tuberculose est bel et bien pr\u00e9sente dans l&rsquo;Hexagone. Le nombre de cas recens\u00e9s en France est m\u00eame en hausse de 9,8% entre 2023 et 2021, selon des donn\u00e9es publi\u00e9es par Sant\u00e9 publique France. Ainsi, 4.728 personnes ont \u00e9t\u00e9 diagnostiqu\u00e9es l&rsquo;ann\u00e9e derni\u00e8re, contre 4.306 en 2021.&nbsp;<\/p>\n\n\n\n<p class=\"\">Ces chiffres observ\u00e9s en France viennent illustrer une tendance qui d\u00e9passe largement nos fronti\u00e8res. En 2022, l&rsquo;<a href=\"https:\/\/www.europe1.fr\/sante\/sante-loms-appelle-le-monde-a-mieux-se-preparer-en-cas-de-prochaines-pandemies-4222036\">Organisation mondiale de la Sant\u00e9<\/a>\u00a0\u00e9voquait d\u00e9j\u00e0 un rebond de la maladie puisque,\u00a0<a href=\"https:\/\/www.europe1.fr\/sante\/hausse-des-nouveaux-cas-de-tuberculose-une-premiere-en-plus-de-20-ans-salarme-loms-4143894\">pour la premi\u00e8re fois depuis 20 ans, le nombre d&rsquo;infect\u00e9s connaissait une augmentation<\/a>.\u00a0<\/p>\n\n\n\n<h2 class=\"wp-block-heading\">Douleurs thoraciques, toux, fi\u00e8vre&#8230;<\/h2>\n\n\n\n<p class=\"\">Si ce retour en force de la tuberculose peut s&rsquo;expliquer par \u00ab\u00a0un rattrapage des cas diagnostiqu\u00e9s\u00a0\u00bb, apr\u00e8s deux ans de pand\u00e9mie de Covid-19, les autorit\u00e9s sanitaires surveillent avec attention l&rsquo;\u00e9volution de cette maladie qui fut, avant d&rsquo;\u00eatre d\u00e9tr\u00f4n\u00e9e par&#8230; le Covid-19, la\u00a0premi\u00e8re cause de d\u00e9c\u00e8s par infection dans le monde.\u00a0<\/p>\n\n\n\n<p class=\"\">Dans la plupart des cas, la tuberculose s&rsquo;attaque aux poumons et se manifeste par une toux chronique accompagn\u00e9e d&rsquo;un besoin d&rsquo;expectorer. Les crachats peuvent pr\u00e9senter des traces de sang, note l&rsquo;Institut national de la sant\u00e9 et de la recherche m\u00e9dicale (Inserm). Le malade ressent \u00e9galement des douleurs thoraciques ainsi qu&rsquo;une asth\u00e9nie, c&rsquo;est-\u00e0-dire un \u00e9tat de fatigue g\u00e9n\u00e9rale. De la fi\u00e8vre, d&rsquo;une intensit\u00e9 mod\u00e9r\u00e9e, mais persistance, peut aussi survenir et s&rsquo;accompagner de sueurs nocturnes. Dans de plus rares cas, la tuberculose peut affecter les os, le cerveau, les intestins ou m\u00eame les reins.&nbsp;<a><\/a><\/p>\n\n\n\n<h2 class=\"wp-block-heading\">Des facteurs favorisant la maladie<\/h2>\n\n\n\n<p class=\"\">Des sympt\u00f4mes qui surviennent finalement assez rarement, y compris chez des personnes porteuses de la bact\u00e9rie Mycobacterium tuberculosis, \u00e0 l&rsquo;origine de la tuberculose. Dans 90% des cas, cette derni\u00e8re \u00ab\u00a0dort\u00a0\u00bb dans l&rsquo;organisme et la personne ne d\u00e9veloppe pas la maladie. On parle alors de \u00ab\u00a0tuberculose latente\u00a0\u00bb qui, dans 5 \u00e0 10% des cas selon l&rsquo;Inserm, peut toutefois se r\u00e9veiller.\u00a0Les personnes atteintes de diab\u00e8te, o\u00f9 dont le syst\u00e8me immunitaire est affaibli, pr\u00e9sentent davantage de risques de contracter la maladie. La malnutrition ou encore la\u00a0<a href=\"https:\/\/www.europe1.fr\/societe\/plan-anti-tabac-augmenter-drastiquement-les-prix-fera-t-il-decrocher-les-12-millions-de-fumeurs-francais-4216823\">consommation de tabac<\/a>\u00a0peuvent \u00e9galement favoriser l&rsquo;apparition de la tuberculose.\u00a0Cette maladie, extr\u00eamement contagieuse, qui se transmet par voie a\u00e9rienne, se soigne \u00e0 l&rsquo;aide d&rsquo;<a href=\"https:\/\/www.europe1.fr\/sante\/sante-les-francais-consomment-toujours-trop-dantibiotiques-4215585\">antibiotiques<\/a>. Ces derniers doivent \u00eatre pris jusqu&rsquo;au terme du traitement, faute de quoi la bact\u00e9rie peut d\u00e9velopper des r\u00e9sistances. En g\u00e9n\u00e9ral, selon les recommandations de l&rsquo;OMS, un traitement contre la tuberculose dure six mois.<\/p>\n","protected":false},"excerpt":{"rendered":"<p>Selon une \u00e9tude publi\u00e9e ce mardi par Sant\u00e9 publique France, la tuberculose a connu&nbsp;un rebond du nombre de cas en 2023 dans l&rsquo;Hexagone. 4.728 cas ont \u00e9t\u00e9 recens\u00e9s l&rsquo;ann\u00e9e derni\u00e8re contre 4.306 en 2021, soit une hausse de 9,8%. La maladie pr\u00e9sente des sympt\u00f4mes facilement rep\u00e9rables, mais peut \u00e9galement \u00ab\u00a0dormir\u00a0\u00bb au sein de l&rsquo;organisme. Parfois [&hellip;]<\/p>\n","protected":false},"author":2,"featured_media":27569,"comment_status":"open","ping_status":"open","sticky":false,"template":"","format":"standard","meta":{"_jetpack_memberships_contains_paid_content":false,"footnotes":"","jetpack_publicize_message":"","jetpack_publicize_feature_enabled":true,"jetpack_social_post_already_shared":true,"jetpack_social_options":{"image_generator_settings":{"template":"highway","default_image_id":0,"font":"","enabled":false},"version":2},"_wpas_customize_per_network":false},"categories":[405],"tags":[],"class_list":["post-27568","post","type-post","status-publish","format-standard","has-post-thumbnail","hentry","category-actu-france-monde"],"jetpack_publicize_connections":[],"jetpack_featured_media_url":"https:\/\/i0.wp.com\/www.iceagetv.com\/radiosite\/wp-content\/uploads\/2024\/03\/Hausse-du-nombre-de-cas-de-tuberculose-en-France.jpg?fit=680%2C340&ssl=1","jetpack_sharing_enabled":true,"_links":{"self":[{"href":"https:\/\/www.iceagetv.com\/radiosite\/wp-json\/wp\/v2\/posts\/27568","targetHints":{"allow":["GET"]}}],"collection":[{"href":"https:\/\/www.iceagetv.com\/radiosite\/wp-json\/wp\/v2\/posts"}],"about":[{"href":"https:\/\/www.iceagetv.com\/radiosite\/wp-json\/wp\/v2\/types\/post"}],"author":[{"embeddable":true,"href":"https:\/\/www.iceagetv.com\/radiosite\/wp-json\/wp\/v2\/users\/2"}],"replies":[{"embeddable":true,"href":"https:\/\/www.iceagetv.com\/radiosite\/wp-json\/wp\/v2\/comments?post=27568"}],"version-history":[{"count":1,"href":"https:\/\/www.iceagetv.com\/radiosite\/wp-json\/wp\/v2\/posts\/27568\/revisions"}],"predecessor-version":[{"id":27570,"href":"https:\/\/www.iceagetv.com\/radiosite\/wp-json\/wp\/v2\/posts\/27568\/revisions\/27570"}],"wp:featuredmedia":[{"embeddable":true,"href":"https:\/\/www.iceagetv.com\/radiosite\/wp-json\/wp\/v2\/media\/27569"}],"wp:attachment":[{"href":"https:\/\/www.iceagetv.com\/radiosite\/wp-json\/wp\/v2\/media?parent=27568"}],"wp:term":[{"taxonomy":"category","embeddable":true,"href":"https:\/\/www.iceagetv.com\/radiosite\/wp-json\/wp\/v2\/categories?post=27568"},{"taxonomy":"post_tag","embeddable":true,"href":"https:\/\/www.iceagetv.com\/radiosite\/wp-json\/wp\/v2\/tags?post=27568"}],"curies":[{"name":"wp","href":"https:\/\/api.w.org\/{rel}","templated":true}]}}