{"id":27583,"date":"2024-03-21T12:47:53","date_gmt":"2024-03-21T12:47:53","guid":{"rendered":"https:\/\/www.iceagetv.com\/radiosite\/?p=27583"},"modified":"2024-03-21T12:47:53","modified_gmt":"2024-03-21T12:47:53","slug":"les-principales-organisations-syndicales-du-distributeur-auchan-ont-appele-les-salaries-a-se-mobiliser-demain-pour-defendre-leurs-remunerations-dans-un-contexte-economique-complique-pour-lenseigne","status":"publish","type":"post","link":"https:\/\/www.iceagetv.com\/radiosite\/les-principales-organisations-syndicales-du-distributeur-auchan-ont-appele-les-salaries-a-se-mobiliser-demain-pour-defendre-leurs-remunerations-dans-un-contexte-economique-complique-pour-lenseigne\/","title":{"rendered":"Les principales organisations syndicales du distributeur Auchan ont appel\u00e9 les salari\u00e9s \u00e0 se mobiliser demain pour d\u00e9fendre leurs r\u00e9mun\u00e9rations, dans un contexte \u00e9conomique compliqu\u00e9 pour l&rsquo;enseigne de la galaxie Mulliez"},"content":{"rendered":"\n<p class=\"\">Les principales organisations syndicales du distributeur Auchan ont appel\u00e9 les salari\u00e9s \u00e0 se mobiliser demain pour d\u00e9fendre leurs r\u00e9mun\u00e9rations, dans un contexte \u00e9conomique compliqu\u00e9 pour l&rsquo;enseigne de la galaxie Mulliez, qui a r\u00e9alis\u00e9 de mauvais r\u00e9sultats en 2023. CFTC, CFDT, CGT et FO ont appel\u00e9 les salari\u00e9s du distributeur nordiste \u00e0 manifester vendredi.<\/p>\n\n\n\n<p class=\"\">\u00ab\u00a0C&rsquo;est notre mobilisation qui d\u00e9finira notre capacit\u00e9 \u00e0 poursuivre l&rsquo;action revendicative\u00a0\u00bb, selon les termes d&rsquo;un communiqu\u00e9 commun publi\u00e9 par la CFDT sur les r\u00e9seaux sociaux. Dans un communiqu\u00e9 distinct, la CGT a de son c\u00f4t\u00e9 appel\u00e9 \u00e0 la gr\u00e8ve ce vendredi. La direction de l&rsquo;enseigne, qui compte 160.000 salari\u00e9s dans le monde &#8211; dont 59.000 en France -, n&rsquo;a pas souhait\u00e9 faire de commentaire sur la mobilisation.<\/p>\n\n\n\n<p class=\"\">\u00ab\u00a0Nous voulons continuer \u00e0 mettre la pression sur l&rsquo;entreprise parce que nous ne sommes pas satisfait des NAO\u00a0\u00bb (les n\u00e9gociations annuelles obligatoires, ndlr), a expliqu\u00e9 mercredi \u00e0 l&rsquo;AFP Bruno Delaye, d\u00e9l\u00e9gu\u00e9 syndical central pour la CFTC, premi\u00e8re organisation au sein du distributeur.<\/p>\n\n\n\n<p class=\"\">Cette mobilisation \u00e0 quelques jours du \u00ab\u00a0premier gros week-end de l&rsquo;ann\u00e9e\u00a0\u00bb, celui de P\u00e2ques, sera \u00e0 ses yeux un moyen de \u00ab\u00a0voir si les salari\u00e9s nous suivent, parce que cela ne peut pas \u00eatre qu&rsquo;une action \u00e9manant d&rsquo;\u00e9lus ; on parle de probl\u00e9matiques qui concernent les salari\u00e9s\u00a0\u00bb.<\/p>\n\n\n\n<p class=\"\">\u00ab\u00a0Ces derni\u00e8res ann\u00e9es, nous avons perdu beaucoup de pouvoir d&rsquo;achat, l&rsquo;actionnariat, la prime de progr\u00e8s et la participation ne produisent plus\u00a0\u00bb, indiquent encore les quatre organisations syndicales, pour qui les salari\u00e9s ne sont \u00ab\u00a0pas responsables des mauvais r\u00e9sultats de l&rsquo;entreprise\u00a0\u00bb.<\/p>\n","protected":false},"excerpt":{"rendered":"<p>Les principales organisations syndicales du distributeur Auchan ont appel\u00e9 les salari\u00e9s \u00e0 se mobiliser demain pour d\u00e9fendre leurs r\u00e9mun\u00e9rations, dans un contexte \u00e9conomique compliqu\u00e9 pour l&rsquo;enseigne de la galaxie Mulliez, qui a r\u00e9alis\u00e9 de mauvais r\u00e9sultats en 2023. CFTC, CFDT, CGT et FO ont appel\u00e9 les salari\u00e9s du distributeur nordiste \u00e0 manifester vendredi. \u00ab\u00a0C&rsquo;est notre [&hellip;]<\/p>\n","protected":false},"author":2,"featured_media":27584,"comment_status":"open","ping_status":"open","sticky":false,"template":"","format":"standard","meta":{"_jetpack_memberships_contains_paid_content":false,"footnotes":"","jetpack_publicize_message":"","jetpack_publicize_feature_enabled":true,"jetpack_social_post_already_shared":true,"jetpack_social_options":{"image_generator_settings":{"template":"highway","default_image_id":0,"font":"","enabled":false},"version":2},"_wpas_customize_per_network":false},"categories":[405],"tags":[],"class_list":["post-27583","post","type-post","status-publish","format-standard","has-post-thumbnail","hentry","category-actu-france-monde"],"jetpack_publicize_connections":[],"jetpack_featured_media_url":"https:\/\/i0.wp.com\/www.iceagetv.com\/radiosite\/wp-content\/uploads\/2024\/03\/Les-principales-organisations-syndicales-du-distributeur-Auchan.jpg?fit=679%2C293&ssl=1","jetpack_sharing_enabled":true,"_links":{"self":[{"href":"https:\/\/www.iceagetv.com\/radiosite\/wp-json\/wp\/v2\/posts\/27583","targetHints":{"allow":["GET"]}}],"collection":[{"href":"https:\/\/www.iceagetv.com\/radiosite\/wp-json\/wp\/v2\/posts"}],"about":[{"href":"https:\/\/www.iceagetv.com\/radiosite\/wp-json\/wp\/v2\/types\/post"}],"author":[{"embeddable":true,"href":"https:\/\/www.iceagetv.com\/radiosite\/wp-json\/wp\/v2\/users\/2"}],"replies":[{"embeddable":true,"href":"https:\/\/www.iceagetv.com\/radiosite\/wp-json\/wp\/v2\/comments?post=27583"}],"version-history":[{"count":1,"href":"https:\/\/www.iceagetv.com\/radiosite\/wp-json\/wp\/v2\/posts\/27583\/revisions"}],"predecessor-version":[{"id":27585,"href":"https:\/\/www.iceagetv.com\/radiosite\/wp-json\/wp\/v2\/posts\/27583\/revisions\/27585"}],"wp:featuredmedia":[{"embeddable":true,"href":"https:\/\/www.iceagetv.com\/radiosite\/wp-json\/wp\/v2\/media\/27584"}],"wp:attachment":[{"href":"https:\/\/www.iceagetv.com\/radiosite\/wp-json\/wp\/v2\/media?parent=27583"}],"wp:term":[{"taxonomy":"category","embeddable":true,"href":"https:\/\/www.iceagetv.com\/radiosite\/wp-json\/wp\/v2\/categories?post=27583"},{"taxonomy":"post_tag","embeddable":true,"href":"https:\/\/www.iceagetv.com\/radiosite\/wp-json\/wp\/v2\/tags?post=27583"}],"curies":[{"name":"wp","href":"https:\/\/api.w.org\/{rel}","templated":true}]}}