{"id":27586,"date":"2024-03-21T15:16:35","date_gmt":"2024-03-21T15:16:35","guid":{"rendered":"https:\/\/www.iceagetv.com\/radiosite\/?p=27586"},"modified":"2024-03-21T15:16:35","modified_gmt":"2024-03-21T15:16:35","slug":"la-commission-denquete-sur-la-tnt-annonce-que-yann-barthes-sera-auditionne-sur-le-respect-du-pluralisme-de-quotidien-alors-que-lemission-revendique-de-ne-pas-inviter-de-membres-d","status":"publish","type":"post","link":"https:\/\/www.iceagetv.com\/radiosite\/la-commission-denquete-sur-la-tnt-annonce-que-yann-barthes-sera-auditionne-sur-le-respect-du-pluralisme-de-quotidien-alors-que-lemission-revendique-de-ne-pas-inviter-de-membres-d\/","title":{"rendered":"La commission d&rsquo;enqu\u00eate sur la TNT annonce que Yann Barth\u00e8s sera auditionn\u00e9 sur le respect du pluralisme de \u201cQuotidien\u201d alors que l&rsquo;\u00e9mission revendique de ne pas inviter de membres du RN"},"content":{"rendered":"\n<p class=\"\">Le pr\u00e9sident de la commission d\u2019enqu\u00eate sur l\u2019attribution des fr\u00e9quences TNT, le d\u00e9put\u00e9 Quentin Bataillon, a annonc\u00e9 que Yann Barth\u00e8s de TMC serait interrog\u00e9 au S\u00e9nat sur le respect du pluralisme dans l&rsquo;\u00e9mission \u201cQuotidien\u201d, selon les informations du&nbsp;<a href=\"https:\/\/www.lejdd.fr\/medias\/pluralisme-dans-les-medias-yann-barthes-sera-auditionne-par-la-commission-denquete-sur-la-tnt-143275\" target=\"_blank\" rel=\"noreferrer noopener\">Journal du Dimanche<\/a>. Cette demande avait \u00e9t\u00e9 formul\u00e9e par le groupe du Rassemblement national \u00e0 l\u2019Assembl\u00e9e apr\u00e8s avoir entendu le chroniqueur de l&rsquo;\u00e9mission, Julien Bellver, se f\u00e9liciter du fait que Quotidien \u00ab\u00a0ne recevait aucun membre de Rassemblement National\u00a0\u00bb<\/p>\n\n\n\n<p class=\"\">L&rsquo;ancien Ministre Olivier V\u00e9ran, de passage dans l&rsquo;\u00e9mission il y a quelques jours avait m\u00eame f\u00e9licit\u00e9 Yann Barth\u00e8s pour ce choix. Ce dernier avait alors pr\u00e9cis\u00e9 que les temps de parole \u00e9taient n\u00e9anmoins respect\u00e9s gr\u00e2ces aux reportages qui diffusaient de extraits des discours ou des d\u00e9clarations du RN.<\/p>\n\n\n\n<p class=\"\">Seule diff\u00e9rence le ton, entre une interview et des extraits diffus\u00e9s g\u00e9n\u00e9ralement pour \u00eatre moqu\u00e9s ou critiqu\u00e9s, mais le d\u00e9compte de l&rsquo;ARCOM ne prend pas en compte le cadre dans lequel le temps de parole est effectu\u00e9.<\/p>\n\n\n\n<p class=\"\">Jeudi 21 mars, le groupe des d\u00e9put\u00e9s RN avait publi\u00e9 un communiqu\u00e9 r\u00e9clamant l\u2019audition de l\u2019animateur de l\u2019\u00e9mission&nbsp;Quotidien.<\/p>\n\n\n\n<p class=\"\">Dans cette missive relay\u00e9e par le porte-parole des d\u00e9put\u00e9s RN, Thomas M\u00e9nag\u00e9, sur&nbsp;<a href=\"https:\/\/twitter.com\/Thomas_Mng\/status\/1770763833851719995\" target=\"_blank\" rel=\"noreferrer noopener\">X<\/a>, les \u00e9lus accusent Yann Barth\u00e8s et le journaliste Julien Bellver ne pas&nbsp;\u00ab&nbsp;honorer cette pluralit\u00e9&nbsp;\u00bb&nbsp;et de&nbsp;\u00ab&nbsp;s\u2019accorder l\u2019aisance de le revendiquer&nbsp;\u00bb.<\/p>\n","protected":false},"excerpt":{"rendered":"<p>Le pr\u00e9sident de la commission d\u2019enqu\u00eate sur l\u2019attribution des fr\u00e9quences TNT, le d\u00e9put\u00e9 Quentin Bataillon, a annonc\u00e9 que Yann Barth\u00e8s de TMC serait interrog\u00e9 au S\u00e9nat sur le respect du pluralisme dans l&rsquo;\u00e9mission \u201cQuotidien\u201d, selon les informations du&nbsp;Journal du Dimanche. Cette demande avait \u00e9t\u00e9 formul\u00e9e par le groupe du Rassemblement national \u00e0 l\u2019Assembl\u00e9e apr\u00e8s avoir [&hellip;]<\/p>\n","protected":false},"author":2,"featured_media":27587,"comment_status":"open","ping_status":"open","sticky":false,"template":"","format":"standard","meta":{"_jetpack_memberships_contains_paid_content":false,"footnotes":"","jetpack_publicize_message":"","jetpack_publicize_feature_enabled":true,"jetpack_social_post_already_shared":true,"jetpack_social_options":{"image_generator_settings":{"template":"highway","default_image_id":0,"font":"","enabled":false},"version":2},"_wpas_customize_per_network":false},"categories":[68],"tags":[],"class_list":["post-27586","post","type-post","status-publish","format-standard","has-post-thumbnail","hentry","category-actu-culturelle"],"jetpack_publicize_connections":[],"jetpack_featured_media_url":"https:\/\/i0.wp.com\/www.iceagetv.com\/radiosite\/wp-content\/uploads\/2024\/03\/La-commission-denquete-sur-la-TNT.jpg?fit=679%2C293&ssl=1","jetpack_sharing_enabled":true,"_links":{"self":[{"href":"https:\/\/www.iceagetv.com\/radiosite\/wp-json\/wp\/v2\/posts\/27586","targetHints":{"allow":["GET"]}}],"collection":[{"href":"https:\/\/www.iceagetv.com\/radiosite\/wp-json\/wp\/v2\/posts"}],"about":[{"href":"https:\/\/www.iceagetv.com\/radiosite\/wp-json\/wp\/v2\/types\/post"}],"author":[{"embeddable":true,"href":"https:\/\/www.iceagetv.com\/radiosite\/wp-json\/wp\/v2\/users\/2"}],"replies":[{"embeddable":true,"href":"https:\/\/www.iceagetv.com\/radiosite\/wp-json\/wp\/v2\/comments?post=27586"}],"version-history":[{"count":1,"href":"https:\/\/www.iceagetv.com\/radiosite\/wp-json\/wp\/v2\/posts\/27586\/revisions"}],"predecessor-version":[{"id":27588,"href":"https:\/\/www.iceagetv.com\/radiosite\/wp-json\/wp\/v2\/posts\/27586\/revisions\/27588"}],"wp:featuredmedia":[{"embeddable":true,"href":"https:\/\/www.iceagetv.com\/radiosite\/wp-json\/wp\/v2\/media\/27587"}],"wp:attachment":[{"href":"https:\/\/www.iceagetv.com\/radiosite\/wp-json\/wp\/v2\/media?parent=27586"}],"wp:term":[{"taxonomy":"category","embeddable":true,"href":"https:\/\/www.iceagetv.com\/radiosite\/wp-json\/wp\/v2\/categories?post=27586"},{"taxonomy":"post_tag","embeddable":true,"href":"https:\/\/www.iceagetv.com\/radiosite\/wp-json\/wp\/v2\/tags?post=27586"}],"curies":[{"name":"wp","href":"https:\/\/api.w.org\/{rel}","templated":true}]}}