{"id":27598,"date":"2024-03-22T10:57:00","date_gmt":"2024-03-22T10:57:00","guid":{"rendered":"https:\/\/www.iceagetv.com\/radiosite\/?p=27598"},"modified":"2024-03-22T10:57:00","modified_gmt":"2024-03-22T10:57:00","slug":"affaire-plaza-confirmation-officielle-hier-soir-de-nos-infos-exclusives-sur-les-agences-immobilieres-de-lanimateur-face-aux-fausses-infos-lancees-sur-un-changement-de-nom-ou-de-pdg","status":"publish","type":"post","link":"https:\/\/www.iceagetv.com\/radiosite\/affaire-plaza-confirmation-officielle-hier-soir-de-nos-infos-exclusives-sur-les-agences-immobilieres-de-lanimateur-face-aux-fausses-infos-lancees-sur-un-changement-de-nom-ou-de-pdg\/","title":{"rendered":"Affaire Plaza : Confirmation officielle hier soir de nos infos exclusives sur les agences immobili\u00e8res de l&rsquo;animateur face aux fausses infos lanc\u00e9es sur un changement de nom ou de PDG"},"content":{"rendered":"\n<p class=\"\">Hier soir, un des premiers franchis\u00e9s des Agences St\u00e9phane Plaza \u00e9tait sur le plateau de \u00ab\u00a0Touche pas \u00e0 mon poste\u00a0\u00bb sur C8. Il a expliqu\u00e9 ce qui s&rsquo;\u00e9tait dit cette semaine, lors d&rsquo;une r\u00e9union avec l&rsquo;animateur et le PDG du Groupe.<\/p>\n\n\n\n<p class=\"\">En effet, la semaine derni\u00e8re de fausses informations avaient \u00e9t\u00e9 mises en ligne affirmant que St\u00e9phane Plaza allait annoncer la d\u00e9mission du PDG du r\u00e9seau Patrick Khider et que le \u00ab\u00a0St\u00e9phane Plaza\u00a0\u00bb devrait \u00eatre \u00ab\u00a0d\u00e9finitivement effac\u00e9 du r\u00e9seau immobilier qui allait donc changer de nom. Apr\u00e8s enqu\u00eate,&nbsp;<strong>jeanmarcmorandini.com<\/strong>&nbsp;avait totalement d\u00e9menti ces informations et nous \u00e9crivions alors que tout cela \u00e9tait faux, portant ainsi un grave pr\u00e9judice au r\u00e9seau et \u00e0 l&rsquo;animateur.<\/p>\n\n\n\n<p class=\"\">Hier soir, Ronan Lebas, directeur d&rsquo;agence St\u00e9phane Plaza, a donc affirm\u00e9 dans \u00ab\u00a0TPMP\u00a0\u00bb : \u00ab\u00a0La r\u00e9union avec St\u00e9phane Plaza s&rsquo;est bien pass\u00e9e en visio.&nbsp;<strong>Il a balay\u00e9 toutes les rumeurs qui paraissent un peu partout. Patrick Khider qui est pr\u00e9sent depuis longtemps dans le r\u00e9seau est toujours l\u00e0. Il sera toujours l\u00e0 demain. Il est toujours l\u00e0 avec son \u00e9quipe<\/strong>\u00ab\u00a0.<\/p>\n\n\n\n<p class=\"\">Et d&rsquo;ajouter : \u00ab\u00a0Le si\u00e8ge est l\u00e0, toujours debout. St\u00e9phane Plaza est avec son \u00e9quipe. Il essaye de construire pour que demain on puisse dire que la marque St\u00e9phane Plaza Immobilier est toujours l\u00e0. Elle est bien pr\u00e9sente!\u00a0\u00bb.<\/p>\n","protected":false},"excerpt":{"rendered":"<p>Hier soir, un des premiers franchis\u00e9s des Agences St\u00e9phane Plaza \u00e9tait sur le plateau de \u00ab\u00a0Touche pas \u00e0 mon poste\u00a0\u00bb sur C8. Il a expliqu\u00e9 ce qui s&rsquo;\u00e9tait dit cette semaine, lors d&rsquo;une r\u00e9union avec l&rsquo;animateur et le PDG du Groupe. En effet, la semaine derni\u00e8re de fausses informations avaient \u00e9t\u00e9 mises en ligne affirmant [&hellip;]<\/p>\n","protected":false},"author":2,"featured_media":27599,"comment_status":"open","ping_status":"open","sticky":false,"template":"","format":"standard","meta":{"_jetpack_memberships_contains_paid_content":false,"footnotes":"","jetpack_publicize_message":"","jetpack_publicize_feature_enabled":true,"jetpack_social_post_already_shared":true,"jetpack_social_options":{"image_generator_settings":{"template":"highway","default_image_id":0,"font":"","enabled":false},"version":2},"_wpas_customize_per_network":false},"categories":[405],"tags":[],"class_list":["post-27598","post","type-post","status-publish","format-standard","has-post-thumbnail","hentry","category-actu-france-monde"],"jetpack_publicize_connections":[],"jetpack_featured_media_url":"https:\/\/i0.wp.com\/www.iceagetv.com\/radiosite\/wp-content\/uploads\/2024\/03\/Affaire-Plaza.jpg?fit=679%2C293&ssl=1","jetpack_sharing_enabled":true,"_links":{"self":[{"href":"https:\/\/www.iceagetv.com\/radiosite\/wp-json\/wp\/v2\/posts\/27598","targetHints":{"allow":["GET"]}}],"collection":[{"href":"https:\/\/www.iceagetv.com\/radiosite\/wp-json\/wp\/v2\/posts"}],"about":[{"href":"https:\/\/www.iceagetv.com\/radiosite\/wp-json\/wp\/v2\/types\/post"}],"author":[{"embeddable":true,"href":"https:\/\/www.iceagetv.com\/radiosite\/wp-json\/wp\/v2\/users\/2"}],"replies":[{"embeddable":true,"href":"https:\/\/www.iceagetv.com\/radiosite\/wp-json\/wp\/v2\/comments?post=27598"}],"version-history":[{"count":1,"href":"https:\/\/www.iceagetv.com\/radiosite\/wp-json\/wp\/v2\/posts\/27598\/revisions"}],"predecessor-version":[{"id":27600,"href":"https:\/\/www.iceagetv.com\/radiosite\/wp-json\/wp\/v2\/posts\/27598\/revisions\/27600"}],"wp:featuredmedia":[{"embeddable":true,"href":"https:\/\/www.iceagetv.com\/radiosite\/wp-json\/wp\/v2\/media\/27599"}],"wp:attachment":[{"href":"https:\/\/www.iceagetv.com\/radiosite\/wp-json\/wp\/v2\/media?parent=27598"}],"wp:term":[{"taxonomy":"category","embeddable":true,"href":"https:\/\/www.iceagetv.com\/radiosite\/wp-json\/wp\/v2\/categories?post=27598"},{"taxonomy":"post_tag","embeddable":true,"href":"https:\/\/www.iceagetv.com\/radiosite\/wp-json\/wp\/v2\/tags?post=27598"}],"curies":[{"name":"wp","href":"https:\/\/api.w.org\/{rel}","templated":true}]}}