{"id":27601,"date":"2024-03-22T16:29:49","date_gmt":"2024-03-22T16:29:49","guid":{"rendered":"https:\/\/www.iceagetv.com\/radiosite\/?p=27601"},"modified":"2024-03-22T16:29:49","modified_gmt":"2024-03-22T16:29:49","slug":"grave-crise-a-danse-avec-les-stars-lhumoriste-ines-reg-aurait-profere-des-menaces-de-mort-envers-la-chanteuse-natasha-st-pier-apres-une-altercation-cetait-tres-violent-tou","status":"publish","type":"post","link":"https:\/\/www.iceagetv.com\/radiosite\/grave-crise-a-danse-avec-les-stars-lhumoriste-ines-reg-aurait-profere-des-menaces-de-mort-envers-la-chanteuse-natasha-st-pier-apres-une-altercation-cetait-tres-violent-tou\/","title":{"rendered":"Grave crise \u00e0 \u00ab\u00a0Danse avec les stars\u00a0\u00bb &#8211; L\u2019humoriste In\u00e8s Reg aurait prof\u00e9r\u00e9 des menaces de mort envers la chanteuse Natasha St-Pier apr\u00e8s une altercation : \u00ab\u00a0C\u2019\u00e9tait tr\u00e8s violent. Tout le monde a hallucin\u00e9\u00a0\u00bb"},"content":{"rendered":"\n<p class=\"\">Rien ne va plus entre la chanteuse Natasha St-Pier et l&rsquo;humoriste In\u00e8s Reg. Selon&nbsp;<a href=\"https:\/\/www.leparisien.fr\/culture-loisirs\/tv\/danse-avec-les-stars-ines-reg-accusee-de-menaces-de-mort-envers-natasha-st-pier-21-03-2024-TAIRUPLKRFEPVC2F5NZWWBCOCQ.php\" target=\"_blank\" rel=\"noreferrer noopener\">Le Parisien<\/a>, une altercation a eu lieu lors des entrainements de \u00ab\u00a0Danse avec les stars\u00a0\u00bb dont elles sont candidates cette saison. Nos confr\u00e8res rapportent que les faits sont survenus le mois dernier au sein des Studios Keral, \u00e0 Malakoff (Hauts-de-Seine), le lieu des r\u00e9p\u00e9titions du programme.<\/p>\n\n\n\n<p class=\"\">D&rsquo;un c\u00f4t\u00e9, Natasha St-Pier apprend une chor\u00e9graphie avec Anthony Colette, son danseur ; de l&rsquo;autre, In\u00e8s Reg est avec Christophe Licata. Cette derni\u00e8re trouve que le volume sonore de la salle de sa concurrente est trop bruyant. L&rsquo;humoriste lui fait alors la remarque avant que le dialogue entre les deux femmes soit tendu.<\/p>\n\n\n\n<p class=\"\">Selon Le Parisien, In\u00e8s Reg a lanc\u00e9 \u00ab\u00a0si elle continue, je ne fais plus l\u2019\u00e9mission\u00a0\u00bb. Des menaces de mort auraient \u00e9galement \u00e9t\u00e9 prof\u00e9r\u00e9es \u00e0 l&rsquo;encontre de la chanteuse. \u00ab\u00a0C\u2019\u00e9tait tr\u00e8s violent. Tout le monde a hallucin\u00e9, d\u2019autant que Natasha St-Pier est un amour qui a tr\u00e8s bonne r\u00e9putation dans le milieu\u00a0\u00bb, explique une source aupr\u00e8s de nos confr\u00e8res.<\/p>\n\n\n\n<p class=\"\">Face \u00e0 cette situation, la production a s\u00e9par\u00e9 les deux candidates en question et les a faites r\u00e9p\u00e9ter dans deux lieux diff\u00e9rents pendant plusieurs jours. Depuis, elles sont de retour dans le studio de Malakoff mais \u00ab\u00a0elles s\u2019\u00e9vitent soigneusement\u00a0\u00bb, ajoute la source.<\/p>\n\n\n\n<p class=\"\">Le Parisien pr\u00e9cise qu&rsquo;une main courante aurait \u00e9t\u00e9 d\u00e9pos\u00e9e par Natasha St-Pier dans un commissariat d&rsquo;Ile-de-France. Les deux candidates et TF1 n&rsquo;ont pas r\u00e9pondu \u00e0 nos confr\u00e8res. Hier soir, alors que l&rsquo;information circulait sur les r\u00e9seaux sociaux, la chanteuse qu\u00e9becoise a post\u00e9, en story sur son compte Instagram, une vid\u00e9o o\u00f9 on la voit aux c\u00f4t\u00e9s d&rsquo;In\u00e8s Reg et de Keiona.<\/p>\n","protected":false},"excerpt":{"rendered":"<p>Rien ne va plus entre la chanteuse Natasha St-Pier et l&rsquo;humoriste In\u00e8s Reg. Selon&nbsp;Le Parisien, une altercation a eu lieu lors des entrainements de \u00ab\u00a0Danse avec les stars\u00a0\u00bb dont elles sont candidates cette saison. Nos confr\u00e8res rapportent que les faits sont survenus le mois dernier au sein des Studios Keral, \u00e0 Malakoff (Hauts-de-Seine), le lieu [&hellip;]<\/p>\n","protected":false},"author":2,"featured_media":27602,"comment_status":"open","ping_status":"open","sticky":false,"template":"","format":"standard","meta":{"_jetpack_memberships_contains_paid_content":false,"footnotes":"","jetpack_publicize_message":"","jetpack_publicize_feature_enabled":true,"jetpack_social_post_already_shared":true,"jetpack_social_options":{"image_generator_settings":{"template":"highway","default_image_id":0,"font":"","enabled":false},"version":2},"_wpas_customize_per_network":false},"categories":[68],"tags":[],"class_list":["post-27601","post","type-post","status-publish","format-standard","has-post-thumbnail","hentry","category-actu-culturelle"],"jetpack_publicize_connections":[],"jetpack_featured_media_url":"https:\/\/i0.wp.com\/www.iceagetv.com\/radiosite\/wp-content\/uploads\/2024\/03\/Grave-crise-a-Danse-avec-les-stars.jpg?fit=679%2C293&ssl=1","jetpack_sharing_enabled":true,"_links":{"self":[{"href":"https:\/\/www.iceagetv.com\/radiosite\/wp-json\/wp\/v2\/posts\/27601","targetHints":{"allow":["GET"]}}],"collection":[{"href":"https:\/\/www.iceagetv.com\/radiosite\/wp-json\/wp\/v2\/posts"}],"about":[{"href":"https:\/\/www.iceagetv.com\/radiosite\/wp-json\/wp\/v2\/types\/post"}],"author":[{"embeddable":true,"href":"https:\/\/www.iceagetv.com\/radiosite\/wp-json\/wp\/v2\/users\/2"}],"replies":[{"embeddable":true,"href":"https:\/\/www.iceagetv.com\/radiosite\/wp-json\/wp\/v2\/comments?post=27601"}],"version-history":[{"count":1,"href":"https:\/\/www.iceagetv.com\/radiosite\/wp-json\/wp\/v2\/posts\/27601\/revisions"}],"predecessor-version":[{"id":27603,"href":"https:\/\/www.iceagetv.com\/radiosite\/wp-json\/wp\/v2\/posts\/27601\/revisions\/27603"}],"wp:featuredmedia":[{"embeddable":true,"href":"https:\/\/www.iceagetv.com\/radiosite\/wp-json\/wp\/v2\/media\/27602"}],"wp:attachment":[{"href":"https:\/\/www.iceagetv.com\/radiosite\/wp-json\/wp\/v2\/media?parent=27601"}],"wp:term":[{"taxonomy":"category","embeddable":true,"href":"https:\/\/www.iceagetv.com\/radiosite\/wp-json\/wp\/v2\/categories?post=27601"},{"taxonomy":"post_tag","embeddable":true,"href":"https:\/\/www.iceagetv.com\/radiosite\/wp-json\/wp\/v2\/tags?post=27601"}],"curies":[{"name":"wp","href":"https:\/\/api.w.org\/{rel}","templated":true}]}}