{"id":27637,"date":"2024-03-25T06:35:36","date_gmt":"2024-03-25T06:35:36","guid":{"rendered":"https:\/\/www.iceagetv.com\/radiosite\/?p=27637"},"modified":"2024-03-25T06:35:36","modified_gmt":"2024-03-25T06:35:36","slug":"en-quoi-consiste-le-plan-urgence-attentat-decrete-hier-soir-en-france-le-niveau-le-plus-eleve-du-dispositif-vigipirate-et-quest-ce-que-cela-va-changer-dans-votre-quotidien","status":"publish","type":"post","link":"https:\/\/www.iceagetv.com\/radiosite\/en-quoi-consiste-le-plan-urgence-attentat-decrete-hier-soir-en-france-le-niveau-le-plus-eleve-du-dispositif-vigipirate-et-quest-ce-que-cela-va-changer-dans-votre-quotidien\/","title":{"rendered":"En quoi consiste le plan \u00ab\u00a0Urgence Attentat\u00a0\u00bb d\u00e9cr\u00e9t\u00e9 hier soir en France, le niveau le plus \u00e9lev\u00e9 du dispositif Vigipirate et qu&rsquo;est-ce que cela va changer dans votre quotidien ?"},"content":{"rendered":"\n<p class=\"\">Gabriel Attal a annonc\u00e9 dimanche soir \u00ab\u00a0rehausser\u00a0\u00bb le plan Vigipirate en France \u00e0 son niveau le plus \u00e9lev\u00e9 \u00ab\u00a0urgence attentat\u00a0\u00bb, \u00e0 la suite de l&rsquo;attaque de Moscou revendiqu\u00e9e par le groupe jihadiste Etat islamique (EI). \u00ab\u00a0Compte tenu de la revendication de l&rsquo;attentat par l&rsquo;Etat islamique et des menaces qui p\u00e8sent sur notre pays, nous avons d\u00e9cid\u00e9 de rehausser la posture Vigipirate \u00e0 son niveau le plus \u00e9lev\u00e9 : urgence attentat\u00a0\u00bb, a indiqu\u00e9 le Premier ministre sur le r\u00e9seau social X \u00e0 l&rsquo;issue d&rsquo;un conseil de d\u00e9fense \u00e0 l&rsquo;Elys\u00e9e.<\/p>\n\n\n\n<p class=\"\"><strong>Dans le cadre du plan Vigipirate \u00e9lev\u00e9e au niveau \u00ab\u00a0Urgence Attentat\u00a0\u00bb, voici les mesures qui s\u2019appliquent&nbsp;:<\/strong><\/p>\n\n\n\n<ul class=\"wp-block-list\">\n<li class=\"\">Renforcer la&nbsp;surveillance et le contr\u00f4le&nbsp;des rassemblements.&nbsp;<\/li>\n\n\n\n<li class=\"\">La vigilance porte sur les rassemblements festifs et ceux li\u00e9s aux manifestations religieuses, politiques, sportives et culturelles.<\/li>\n\n\n\n<li class=\"\">La surveillance portera \u00e9galement sur les abords de ces manifestations.<\/li>\n\n\n\n<li class=\"\">Une vigilance accrue, pour d\u00e9tecter d\u2019\u00e9ventuelles d\u00e9tentions d\u2019armes blanches ou autres objets suspects, sera port\u00e9e lors des contr\u00f4les mis en place aux diff\u00e9rents acc\u00e8s de ces rassemblements.<\/li>\n\n\n\n<li class=\"\">Interdire&nbsp;toute manifestation aux abords des \u00e9tablissements scolaires.<\/li>\n\n\n\n<li class=\"\">Restreindre&nbsp;voire interdire&nbsp;les activit\u00e9s aux abords des installations et b\u00e2timents&nbsp;d\u00e9sign\u00e9s, en particulier les organes de presse, lieux de culte, b\u00e2timents officiels, locaux relevant du minist\u00e8re de la justice, les \u00e9tablissements culturels (salles de spectacle, rassemblements festifs, locaux de presse) ainsi que les commissariats et brigades de gendarmerie.<\/li>\n<\/ul>\n\n\n\n<ul class=\"wp-block-list\">\n<li class=\"\">Contr\u00f4ler l\u2019acc\u00e8s des personnes, des v\u00e9hicules et des objets entrants dans les b\u00e2timents, en particulier \u00e0 l\u2019entr\u00e9e des \u00e9tablissements d\u2019enseignement et des \u00e9tablissements de sant\u00e9, m\u00e9dico-sociaux et sociaux.<\/li>\n\n\n\n<li class=\"\">Les dispositifs de s\u00e9curit\u00e9 des grands espaces de commerce privil\u00e9gient la surveillance dynamique des espaces, la d\u00e9tection des comportements anormaux et le recours \u00e0 la vid\u00e9osurveillance.&nbsp;<\/li>\n\n\n\n<li class=\"\">Maintenir l\u2019effort de contr\u00f4le syst\u00e9matique pour l\u2019acc\u00e8s aux espaces touristiques, culturels et de loisirs.<\/li>\n\n\n\n<li class=\"\">Pr\u00e9voir des rondes&nbsp;par la police municipale pour celles qui en disposent (montrer de la visibilit\u00e9).<\/li>\n\n\n\n<li class=\"\">Avoir une vigilance particuli\u00e8re&nbsp;et signaler aussit\u00f4t aux forces de l\u2019ordre tout comportement suspect<\/li>\n<\/ul>\n","protected":false},"excerpt":{"rendered":"<p>Gabriel Attal a annonc\u00e9 dimanche soir \u00ab\u00a0rehausser\u00a0\u00bb le plan Vigipirate en France \u00e0 son niveau le plus \u00e9lev\u00e9 \u00ab\u00a0urgence attentat\u00a0\u00bb, \u00e0 la suite de l&rsquo;attaque de Moscou revendiqu\u00e9e par le groupe jihadiste Etat islamique (EI). \u00ab\u00a0Compte tenu de la revendication de l&rsquo;attentat par l&rsquo;Etat islamique et des menaces qui p\u00e8sent sur notre pays, nous avons [&hellip;]<\/p>\n","protected":false},"author":2,"featured_media":27638,"comment_status":"open","ping_status":"open","sticky":false,"template":"","format":"standard","meta":{"_jetpack_memberships_contains_paid_content":false,"footnotes":"","jetpack_publicize_message":"","jetpack_publicize_feature_enabled":true,"jetpack_social_post_already_shared":true,"jetpack_social_options":{"image_generator_settings":{"template":"highway","default_image_id":0,"font":"","enabled":false},"version":2},"_wpas_customize_per_network":false},"categories":[405],"tags":[],"class_list":["post-27637","post","type-post","status-publish","format-standard","has-post-thumbnail","hentry","category-actu-france-monde"],"jetpack_publicize_connections":[],"jetpack_featured_media_url":"https:\/\/i0.wp.com\/www.iceagetv.com\/radiosite\/wp-content\/uploads\/2024\/03\/autocollant-vigipirate-urgence-attentat_0.png?fit=680%2C294&ssl=1","jetpack_sharing_enabled":true,"_links":{"self":[{"href":"https:\/\/www.iceagetv.com\/radiosite\/wp-json\/wp\/v2\/posts\/27637","targetHints":{"allow":["GET"]}}],"collection":[{"href":"https:\/\/www.iceagetv.com\/radiosite\/wp-json\/wp\/v2\/posts"}],"about":[{"href":"https:\/\/www.iceagetv.com\/radiosite\/wp-json\/wp\/v2\/types\/post"}],"author":[{"embeddable":true,"href":"https:\/\/www.iceagetv.com\/radiosite\/wp-json\/wp\/v2\/users\/2"}],"replies":[{"embeddable":true,"href":"https:\/\/www.iceagetv.com\/radiosite\/wp-json\/wp\/v2\/comments?post=27637"}],"version-history":[{"count":1,"href":"https:\/\/www.iceagetv.com\/radiosite\/wp-json\/wp\/v2\/posts\/27637\/revisions"}],"predecessor-version":[{"id":27639,"href":"https:\/\/www.iceagetv.com\/radiosite\/wp-json\/wp\/v2\/posts\/27637\/revisions\/27639"}],"wp:featuredmedia":[{"embeddable":true,"href":"https:\/\/www.iceagetv.com\/radiosite\/wp-json\/wp\/v2\/media\/27638"}],"wp:attachment":[{"href":"https:\/\/www.iceagetv.com\/radiosite\/wp-json\/wp\/v2\/media?parent=27637"}],"wp:term":[{"taxonomy":"category","embeddable":true,"href":"https:\/\/www.iceagetv.com\/radiosite\/wp-json\/wp\/v2\/categories?post=27637"},{"taxonomy":"post_tag","embeddable":true,"href":"https:\/\/www.iceagetv.com\/radiosite\/wp-json\/wp\/v2\/tags?post=27637"}],"curies":[{"name":"wp","href":"https:\/\/api.w.org\/{rel}","templated":true}]}}