{"id":27643,"date":"2024-03-25T09:46:50","date_gmt":"2024-03-25T09:46:50","guid":{"rendered":"https:\/\/www.iceagetv.com\/radiosite\/?p=27643"},"modified":"2024-03-25T09:46:50","modified_gmt":"2024-03-25T09:46:50","slug":"maltraitance-sur-des-bebes-le-gouvernement-lance-des-controles-dans-les-micro-creches","status":"publish","type":"post","link":"https:\/\/www.iceagetv.com\/radiosite\/maltraitance-sur-des-bebes-le-gouvernement-lance-des-controles-dans-les-micro-creches\/","title":{"rendered":"MALTRAITANCE SUR DES B\u00c9B\u00c9S: LE GOUVERNEMENT LANCE DES CONTR\u00d4LES DANS LES MICRO-CR\u00c8CHES"},"content":{"rendered":"\n<p class=\"\">La ministre d\u00e9l\u00e9gu\u00e9e \u00e0 l&rsquo;Enfance, Saral El Ha\u00efry, annonce sur BFMTV une mission de contr\u00f4le de grands groupes de micro-cr\u00e8ches pour lutter contre les risques de maltraitance sur les b\u00e9b\u00e9s.<\/p>\n\n\n\n<p class=\"\">\u00ab\u00a0Je ne souhaite pas un scandale \u00e0 la Orp\u00e9a\u00a0\u00bb. Ce lundi 25 mars, la ministre d\u00e9l\u00e9gu\u00e9e \u00e0 l&rsquo;Enfance&nbsp;<a href=\"https:\/\/www.bfmtv.com\/politique\/gouvernement\/gouvernement-attal-sarah-el-hairy-devient-ministre-deleguee-en-charge-de-l-enfance-et-de-la-famille_AP-202402080869.html\">Sarah El Ha\u00efry<\/a>&nbsp;annonce sur BFMTV un plan de contr\u00f4le des grands groupes de micro-cr\u00e8ches en France. L&rsquo;objectif: pr\u00e9venir les possibles maltraitances sur les b\u00e9b\u00e9s dans les \u00e9tablissements priv\u00e9s comme publics.<\/p>\n\n\n\n<p class=\"\">Cette annonce est une r\u00e9action aux conclusions d&rsquo;un rapport de l&rsquo;Inspection g\u00e9n\u00e9rale des affaires sociales et de l&rsquo;Inspection g\u00e9n<\/p>\n\n\n\n<blockquote class=\"wp-block-quote is-layout-flow wp-block-quote-is-layout-flow\">\n<p class=\"\">Les constats sont \u00e9tablis, l&rsquo;heure est d\u00e9sormais \u00e0 l\u2019action pour construire un service public de la petite enfance de qualit\u00e9 et exigeant\u00a0\u00bb, appuie la ministre d\u00e9l\u00e9gu\u00e9e.<\/p>\n<\/blockquote>\n\n\n\n<h2 class=\"wp-block-heading\">Modification du cadre r\u00e9glementaire<\/h2>\n\n\n\n<p class=\"\">Outre les contr\u00f4les, le gouvernement s&rsquo;attache \u00e0 une autre mission, toujours en s&rsquo;appuyant sur les conclusions du rapport. L&rsquo;ex\u00e9cutif souhaite une \u00ab\u00a0convergence du cadre r\u00e9glementaire\u00a0\u00bb des micro-cr\u00e8ches avec celui des petites cr\u00e8ches.<\/p>\n\n\n\n<p class=\"\">Actuellement, la multiplicit\u00e9 des petits \u00e9tablissements, (lucratifs, associatifs, ruraux, urbains, etc.) se r\u00e9percute en une qualit\u00e9 d&rsquo;accueil variable. Certains \u00e9tablissements \u00ab\u00a0donnent satisfaction\u00a0\u00bb, d&rsquo;autres \u00ab\u00a0devront \u00e9voluer pour garantir la qualit\u00e9 d&rsquo;accueil\u00a0\u00bb, explique le minist\u00e8re dans un communiqu\u00e9 de presse.<\/p>\n\n\n\n<p class=\"\">Des mots m\u00eame de la ministre, l&rsquo;objectif est d&rsquo;\u00e9viter une \u00ab\u00a0<a href=\"https:\/\/www.bfmtv.com\/societe\/affaire-orpea-l-audit-independant-confirme-des-dysfonctionnements_AD-202204260579.html\">affaire Orp\u00e9a<\/a>&nbsp;des cr\u00e8ches\u00a0\u00bb. Ce r\u00e9seau d&rsquo;\u00e9tablissements priv\u00e9s s&rsquo;est retrouv\u00e9 dans l&rsquo;\u0153il du cyclone apr\u00e8s une enqu\u00eate r\u00e9v\u00e9lant des cas de maltraitance chez des r\u00e9sidents \u00e2g\u00e9s. Des dizaines de plaintes avaient dans la foul\u00e9e \u00e9t\u00e9 d\u00e9pos\u00e9es.<\/p>\n\n\n\n<p class=\"\">En avril 2023, les cr\u00e8ches priv\u00e9es avaient d\u00e9j\u00e0 \u00e9t\u00e9&nbsp;<a href=\"https:\/\/www.bfmtv.com\/societe\/un-rapport-de-l-igas-denonce-des-maltraitances-sur-les-enfants-dans-les-creches_AD-202304110395.html\">\u00e9pingl\u00e9es par un premier rapport de l&rsquo;Igas<\/a>, cinq mois apr\u00e8s la mort d&rsquo;un b\u00e9b\u00e9 de 11 mois dans une cr\u00e8che lyonnaise. Enfants oubli\u00e9s sur les toilettes, priv\u00e9s de sieste, ou m\u00eame un b\u00e9b\u00e9 attach\u00e9 \u00e0 un radiateur&#8230; De nombreuses d\u00e9rives \u00e9taient mises en lumi\u00e8re.<\/p>\n","protected":false},"excerpt":{"rendered":"<p>La ministre d\u00e9l\u00e9gu\u00e9e \u00e0 l&rsquo;Enfance, Saral El Ha\u00efry, annonce sur BFMTV une mission de contr\u00f4le de grands groupes de micro-cr\u00e8ches pour lutter contre les risques de maltraitance sur les b\u00e9b\u00e9s. \u00ab\u00a0Je ne souhaite pas un scandale \u00e0 la Orp\u00e9a\u00a0\u00bb. Ce lundi 25 mars, la ministre d\u00e9l\u00e9gu\u00e9e \u00e0 l&rsquo;Enfance&nbsp;Sarah El Ha\u00efry&nbsp;annonce sur BFMTV un plan de [&hellip;]<\/p>\n","protected":false},"author":2,"featured_media":27644,"comment_status":"open","ping_status":"open","sticky":false,"template":"","format":"standard","meta":{"_jetpack_memberships_contains_paid_content":false,"footnotes":"","jetpack_publicize_message":"","jetpack_publicize_feature_enabled":true,"jetpack_social_post_already_shared":true,"jetpack_social_options":{"image_generator_settings":{"template":"highway","default_image_id":0,"font":"","enabled":false},"version":2},"_wpas_customize_per_network":false},"categories":[405],"tags":[],"class_list":["post-27643","post","type-post","status-publish","format-standard","has-post-thumbnail","hentry","category-actu-france-monde"],"jetpack_publicize_connections":[],"jetpack_featured_media_url":"https:\/\/i0.wp.com\/www.iceagetv.com\/radiosite\/wp-content\/uploads\/2024\/03\/creche.jpg?fit=1300%2C740&ssl=1","jetpack_sharing_enabled":true,"_links":{"self":[{"href":"https:\/\/www.iceagetv.com\/radiosite\/wp-json\/wp\/v2\/posts\/27643","targetHints":{"allow":["GET"]}}],"collection":[{"href":"https:\/\/www.iceagetv.com\/radiosite\/wp-json\/wp\/v2\/posts"}],"about":[{"href":"https:\/\/www.iceagetv.com\/radiosite\/wp-json\/wp\/v2\/types\/post"}],"author":[{"embeddable":true,"href":"https:\/\/www.iceagetv.com\/radiosite\/wp-json\/wp\/v2\/users\/2"}],"replies":[{"embeddable":true,"href":"https:\/\/www.iceagetv.com\/radiosite\/wp-json\/wp\/v2\/comments?post=27643"}],"version-history":[{"count":1,"href":"https:\/\/www.iceagetv.com\/radiosite\/wp-json\/wp\/v2\/posts\/27643\/revisions"}],"predecessor-version":[{"id":27645,"href":"https:\/\/www.iceagetv.com\/radiosite\/wp-json\/wp\/v2\/posts\/27643\/revisions\/27645"}],"wp:featuredmedia":[{"embeddable":true,"href":"https:\/\/www.iceagetv.com\/radiosite\/wp-json\/wp\/v2\/media\/27644"}],"wp:attachment":[{"href":"https:\/\/www.iceagetv.com\/radiosite\/wp-json\/wp\/v2\/media?parent=27643"}],"wp:term":[{"taxonomy":"category","embeddable":true,"href":"https:\/\/www.iceagetv.com\/radiosite\/wp-json\/wp\/v2\/categories?post=27643"},{"taxonomy":"post_tag","embeddable":true,"href":"https:\/\/www.iceagetv.com\/radiosite\/wp-json\/wp\/v2\/tags?post=27643"}],"curies":[{"name":"wp","href":"https:\/\/api.w.org\/{rel}","templated":true}]}}