{"id":27649,"date":"2024-03-25T14:46:25","date_gmt":"2024-03-25T14:46:25","guid":{"rendered":"https:\/\/www.iceagetv.com\/radiosite\/?p=27649"},"modified":"2024-03-25T14:46:25","modified_gmt":"2024-03-25T14:46:25","slug":"la-justice-ouvre-une-enquete-sur-un-enfant-de-8-ans-venu-a-lecole-avec-deux-couteaux-et-soupconne-davoir-profere-des-menaces-de-mort-contre-sa-maitresse-et-des-policiers","status":"publish","type":"post","link":"https:\/\/www.iceagetv.com\/radiosite\/la-justice-ouvre-une-enquete-sur-un-enfant-de-8-ans-venu-a-lecole-avec-deux-couteaux-et-soupconne-davoir-profere-des-menaces-de-mort-contre-sa-maitresse-et-des-policiers\/","title":{"rendered":"La justice ouvre une enqu\u00eate sur un enfant de 8 ans venu \u00e0 l&rsquo;\u00e9cole avec deux couteaux et soup\u00e7onn\u00e9 d&rsquo;avoir prof\u00e9r\u00e9 des menaces de mort contre sa ma\u00eetresse et des policiers"},"content":{"rendered":"\n<p class=\"\">La justice a ouvert une enqu\u00eate sur un enfant de huit ans venu \u00e0 l&rsquo;\u00e9cole avec deux couteaux et soup\u00e7onn\u00e9 d&rsquo;avoir prof\u00e9r\u00e9 des menaces de mort contre sa ma\u00eetresse et des policiers, a-t-on appris lundi aupr\u00e8s du parquet de Saint-Etienne.<\/p>\n\n\n\n<p class=\"\">L&rsquo;enqu\u00eate est ouverte pour \u00ab\u00a0menaces de mort, port d&rsquo;armes et introduction d&rsquo;armes dans une enceinte scolaire\u00a0\u00bb, a pr\u00e9cis\u00e9 \u00e0 l&rsquo;AFP le procureur de Saint-Etienne David Charmatz, confirmant une information du Figaro.<\/p>\n\n\n\n<p class=\"\">Ce sont des \u00e9l\u00e8ves de cet \u00e9tablissement qui ont averti une enseignante de CE2 des menaces qui auraient \u00e9t\u00e9 prof\u00e9r\u00e9es par le jeune gar\u00e7on, dans le cartable duquel deux couteaux \u00e0 steak ont \u00e9t\u00e9 retrouv\u00e9s, selon le Figaro.<\/p>\n\n\n\n<p class=\"\">Contact\u00e9e par l&rsquo;AFP, la direction de l&rsquo;\u00e9cole primaire Saint-Charles, de Saint-Etienne, a indiqu\u00e9 qu'\u00a0\u00bbil y avait une proc\u00e9dure en cours\u00a0\u00bb et qu&rsquo;elle \u00ab\u00a0ne souhaitait pas communiquer\u00a0\u00bb.<\/p>\n\n\n\n<p class=\"\">Le jeune gar\u00e7on, qui a \u00e9t\u00e9 entendu par la police ainsi que ses parents, conteste les propos qui lui sont imput\u00e9s, indique le parquet.<\/p>\n\n\n\n<p class=\"\">\u00ab\u00a0Son \u00e2ge emp\u00eache toute poursuite \u00e0 l&rsquo;\u00e9gard de cet enfant dont des expertises psychologiques et psychiatriques devront indiquer ce que ces faits r\u00e9v\u00e8lent de sa personnalit\u00e9 et de ses besoins de soutien \u00e9ducatif\u00a0\u00bb, explique David Charmatz.<\/p>\n","protected":false},"excerpt":{"rendered":"<p>La justice a ouvert une enqu\u00eate sur un enfant de huit ans venu \u00e0 l&rsquo;\u00e9cole avec deux couteaux et soup\u00e7onn\u00e9 d&rsquo;avoir prof\u00e9r\u00e9 des menaces de mort contre sa ma\u00eetresse et des policiers, a-t-on appris lundi aupr\u00e8s du parquet de Saint-Etienne. L&rsquo;enqu\u00eate est ouverte pour \u00ab\u00a0menaces de mort, port d&rsquo;armes et introduction d&rsquo;armes dans une enceinte [&hellip;]<\/p>\n","protected":false},"author":2,"featured_media":27650,"comment_status":"open","ping_status":"open","sticky":false,"template":"","format":"standard","meta":{"_jetpack_memberships_contains_paid_content":false,"footnotes":"","jetpack_publicize_message":"","jetpack_publicize_feature_enabled":true,"jetpack_social_post_already_shared":true,"jetpack_social_options":{"image_generator_settings":{"template":"highway","default_image_id":0,"font":"","enabled":false},"version":2},"_wpas_customize_per_network":false},"categories":[405],"tags":[],"class_list":["post-27649","post","type-post","status-publish","format-standard","has-post-thumbnail","hentry","category-actu-france-monde"],"jetpack_publicize_connections":[],"jetpack_featured_media_url":"https:\/\/i0.wp.com\/www.iceagetv.com\/radiosite\/wp-content\/uploads\/2024\/03\/8IqUw7yN.jpg?fit=899%2C388&ssl=1","jetpack_sharing_enabled":true,"_links":{"self":[{"href":"https:\/\/www.iceagetv.com\/radiosite\/wp-json\/wp\/v2\/posts\/27649","targetHints":{"allow":["GET"]}}],"collection":[{"href":"https:\/\/www.iceagetv.com\/radiosite\/wp-json\/wp\/v2\/posts"}],"about":[{"href":"https:\/\/www.iceagetv.com\/radiosite\/wp-json\/wp\/v2\/types\/post"}],"author":[{"embeddable":true,"href":"https:\/\/www.iceagetv.com\/radiosite\/wp-json\/wp\/v2\/users\/2"}],"replies":[{"embeddable":true,"href":"https:\/\/www.iceagetv.com\/radiosite\/wp-json\/wp\/v2\/comments?post=27649"}],"version-history":[{"count":1,"href":"https:\/\/www.iceagetv.com\/radiosite\/wp-json\/wp\/v2\/posts\/27649\/revisions"}],"predecessor-version":[{"id":27651,"href":"https:\/\/www.iceagetv.com\/radiosite\/wp-json\/wp\/v2\/posts\/27649\/revisions\/27651"}],"wp:featuredmedia":[{"embeddable":true,"href":"https:\/\/www.iceagetv.com\/radiosite\/wp-json\/wp\/v2\/media\/27650"}],"wp:attachment":[{"href":"https:\/\/www.iceagetv.com\/radiosite\/wp-json\/wp\/v2\/media?parent=27649"}],"wp:term":[{"taxonomy":"category","embeddable":true,"href":"https:\/\/www.iceagetv.com\/radiosite\/wp-json\/wp\/v2\/categories?post=27649"},{"taxonomy":"post_tag","embeddable":true,"href":"https:\/\/www.iceagetv.com\/radiosite\/wp-json\/wp\/v2\/tags?post=27649"}],"curies":[{"name":"wp","href":"https:\/\/api.w.org\/{rel}","templated":true}]}}