{"id":27656,"date":"2024-03-25T15:39:40","date_gmt":"2024-03-25T15:39:40","guid":{"rendered":"https:\/\/www.iceagetv.com\/radiosite\/?p=27656"},"modified":"2024-03-25T15:39:40","modified_gmt":"2024-03-25T15:39:40","slug":"deux-projets-dattentat-ont-ete-dejoues-en-france-depuis-debut-2024-annonce-gabriel-attal","status":"publish","type":"post","link":"https:\/\/www.iceagetv.com\/radiosite\/deux-projets-dattentat-ont-ete-dejoues-en-france-depuis-debut-2024-annonce-gabriel-attal\/","title":{"rendered":"Deux projets d&rsquo;attentat ont \u00e9t\u00e9 \u00ab\u00a0d\u00e9jou\u00e9s\u00a0\u00bb en France depuis d\u00e9but 2024, annonce Gabriel Attal"},"content":{"rendered":"\n<p class=\"\">Des<em>&nbsp;\u00ab\u00a0moyens exceptionnels partout\u00a0\u00bb&nbsp;<\/em>face au&nbsp;<em>\u00ab\u00a0terrorisme islamiste\u00a0\u00bb<\/em>.&nbsp;<a href=\"https:\/\/www.francetvinfo.fr\/monde\/russie\/attentat-terroriste-pres-de-moscou-la-france-rehausse-le-niveau-du-plan-vigipirate-a-urgence-attentat_6444787.html\">Apr\u00e8s le rel\u00e8vement du plan s\u00e9curitaire Vigipirate \u00e0 son niveau le plus \u00e9lev\u00e9<\/a>, le Premier ministre Gabriel Attal a annonc\u00e9 que deux projets d&rsquo;attentat ont \u00e9t\u00e9&nbsp;<em>\u00ab\u00a0d\u00e9jou\u00e9s\u00a0\u00bb<\/em>&nbsp;en France depuis d\u00e9but 2024, lors d&rsquo;une visite \u00e0 la gare Saint-Lazare \u00e0 Paris pour saluer les forces de l&rsquo;ordre, lundi 25 mars. G\u00e9rald Darmanin, le ministre de l&rsquo;Int\u00e9rieur,&nbsp;a pr\u00e9cis\u00e9 que les deux attentats ont \u00e9t\u00e9 d\u00e9jou\u00e9s le 10 janvier et le 5 mars et que l&rsquo;un d&rsquo;entre eux visait&nbsp;<em>\u00ab\u00a0la ville de Strasbourg\u00a0\u00bb<\/em>.&nbsp;<\/p>\n\n\n\n<p class=\"\">Au total, Gabriel Attal a d\u00e9clar\u00e9 que 45 attentats ont \u00e9t\u00e9 d\u00e9jou\u00e9s depuis 2017 et que\u00a0\u00bb<em>&nbsp;760 \u00e9trangers radicalis\u00e9s\u00a0\u00bb<\/em>&nbsp;ont \u00e9t\u00e9 reconduits \u00e0 la fronti\u00e8re ces sept derni\u00e8res ann\u00e9es.&nbsp;<em>\u00ab\u00a0La menace terroriste islamiste est r\u00e9elle, elle est forte, elle n&rsquo;a jamais faibli. (&#8230;) Nous ne devons pas c\u00e9der le moindre millim\u00e8tre au terrorisme islamisme\u00a0\u00bb<\/em>, a-t-il martel\u00e9, avant d&rsquo;encha\u00eener les propos martiaux.<\/p>\n\n\n\n<p class=\"\">Il a notamment fait \u00e9tat des<em>&nbsp;\u00ab\u00a04 000 militaires suppl\u00e9mentaires\u00a0\u00bb<\/em>&nbsp;plac\u00e9s<em>&nbsp;\u00ab\u00a0en alerte\u00a0\u00bb<\/em>&nbsp;en plus des 3 000 d\u00e9j\u00e0 d\u00e9ploy\u00e9s dans le cadre de l&rsquo;op\u00e9ration Sentinelle.&nbsp;<em>\u00ab\u00a0Depuis ce matin, et dans les heures qui viennent, nous allons d\u00e9ployer des moyens exceptionnels sur tout le territoire. La pr\u00e9sence polici\u00e8re sera renforc\u00e9e devant tous les lieux sensibles, notamment les \u00e9coles<\/em>\u00ab\u00a0, a-t-il fait savoir, avant de conclure :&nbsp;<em>\u00ab\u00a0Notre main ne tremblera jamais face au terrorisme\u00a0\u00bb.<\/em><\/p>\n\n\n\n<p class=\"\">Cette prise de paroles intervient quelques heures apr\u00e8s la d\u00e9claration d&rsquo;Emmanuel Macron sur le<a href=\"https:\/\/www.francetvinfo.fr\/monde\/russie\/attaque-terroriste-pres-de-moscou\/attentat-terroriste-pres-de-moscou-pourquoi-le-groupe-jihadiste-etat-islamique-qui-revendique-l-attaque-vise-t-il-la-russie_6442624.html\">&nbsp;groupe terroriste Etat islamique au Khorasan<\/a>, qui a revendiqu\u00e9&nbsp;<a href=\"https:\/\/www.francetvinfo.fr\/monde\/russie\/attaque-terroriste-pres-de-moscou\/attentat-a-moscou-ce-que-l-on-sait-des-quatre-suspects_6445891.html\">l&rsquo;attentat contre la salle de concert Crocus City Hall \u00e0 Moscou<\/a>&nbsp;ayant fait 137&nbsp;morts : le pr\u00e9sident a affirm\u00e9 depuis la Guyane, que cette m\u00eame organisation terroriste&nbsp;<em>\u00ab\u00a0a plusieurs fois tent\u00e9 de toucher le sol fran\u00e7ais\u00a0\u00bb.<\/em><a href=\"https:\/\/www.francetvinfo.fr\/societe\/armee-securite-defense\/deux-projets-d-attentat-ont-ete-dejoues-en-france-depuis-debut-2024-annonce-gabriel-attal_6446746.html#comments\">voir les commentaires<\/a><\/p>\n","protected":false},"excerpt":{"rendered":"<p>Des&nbsp;\u00ab\u00a0moyens exceptionnels partout\u00a0\u00bb&nbsp;face au&nbsp;\u00ab\u00a0terrorisme islamiste\u00a0\u00bb.&nbsp;Apr\u00e8s le rel\u00e8vement du plan s\u00e9curitaire Vigipirate \u00e0 son niveau le plus \u00e9lev\u00e9, le Premier ministre Gabriel Attal a annonc\u00e9 que deux projets d&rsquo;attentat ont \u00e9t\u00e9&nbsp;\u00ab\u00a0d\u00e9jou\u00e9s\u00a0\u00bb&nbsp;en France depuis d\u00e9but 2024, lors d&rsquo;une visite \u00e0 la gare Saint-Lazare \u00e0 Paris pour saluer les forces de l&rsquo;ordre, lundi 25 mars. G\u00e9rald Darmanin, le [&hellip;]<\/p>\n","protected":false},"author":2,"featured_media":27657,"comment_status":"open","ping_status":"open","sticky":false,"template":"","format":"standard","meta":{"_jetpack_memberships_contains_paid_content":false,"footnotes":"","jetpack_publicize_message":"","jetpack_publicize_feature_enabled":true,"jetpack_social_post_already_shared":true,"jetpack_social_options":{"image_generator_settings":{"template":"highway","default_image_id":0,"font":"","enabled":false},"version":2},"_wpas_customize_per_network":false},"categories":[405],"tags":[],"class_list":["post-27656","post","type-post","status-publish","format-standard","has-post-thumbnail","hentry","category-actu-france-monde"],"jetpack_publicize_connections":[],"jetpack_featured_media_url":"https:\/\/i0.wp.com\/www.iceagetv.com\/radiosite\/wp-content\/uploads\/2024\/03\/Deux-projets-dattentat.png?fit=1025%2C546&ssl=1","jetpack_sharing_enabled":true,"_links":{"self":[{"href":"https:\/\/www.iceagetv.com\/radiosite\/wp-json\/wp\/v2\/posts\/27656","targetHints":{"allow":["GET"]}}],"collection":[{"href":"https:\/\/www.iceagetv.com\/radiosite\/wp-json\/wp\/v2\/posts"}],"about":[{"href":"https:\/\/www.iceagetv.com\/radiosite\/wp-json\/wp\/v2\/types\/post"}],"author":[{"embeddable":true,"href":"https:\/\/www.iceagetv.com\/radiosite\/wp-json\/wp\/v2\/users\/2"}],"replies":[{"embeddable":true,"href":"https:\/\/www.iceagetv.com\/radiosite\/wp-json\/wp\/v2\/comments?post=27656"}],"version-history":[{"count":1,"href":"https:\/\/www.iceagetv.com\/radiosite\/wp-json\/wp\/v2\/posts\/27656\/revisions"}],"predecessor-version":[{"id":27658,"href":"https:\/\/www.iceagetv.com\/radiosite\/wp-json\/wp\/v2\/posts\/27656\/revisions\/27658"}],"wp:featuredmedia":[{"embeddable":true,"href":"https:\/\/www.iceagetv.com\/radiosite\/wp-json\/wp\/v2\/media\/27657"}],"wp:attachment":[{"href":"https:\/\/www.iceagetv.com\/radiosite\/wp-json\/wp\/v2\/media?parent=27656"}],"wp:term":[{"taxonomy":"category","embeddable":true,"href":"https:\/\/www.iceagetv.com\/radiosite\/wp-json\/wp\/v2\/categories?post=27656"},{"taxonomy":"post_tag","embeddable":true,"href":"https:\/\/www.iceagetv.com\/radiosite\/wp-json\/wp\/v2\/tags?post=27656"}],"curies":[{"name":"wp","href":"https:\/\/api.w.org\/{rel}","templated":true}]}}