{"id":27668,"date":"2024-03-26T08:48:37","date_gmt":"2024-03-26T08:48:37","guid":{"rendered":"https:\/\/www.iceagetv.com\/radiosite\/?p=27668"},"modified":"2024-03-26T08:48:37","modified_gmt":"2024-03-26T08:48:37","slug":"disparition-de-lina-trois-suspects-places-en-garde-a-vue-une-premiere-depuis-le-debut-de-lenquete","status":"publish","type":"post","link":"https:\/\/www.iceagetv.com\/radiosite\/disparition-de-lina-trois-suspects-places-en-garde-a-vue-une-premiere-depuis-le-debut-de-lenquete\/","title":{"rendered":"DISPARITION DE LINA: TROIS SUSPECTS PLAC\u00c9S EN GARDE \u00c0 VUE, UNE PREMI\u00c8RE DEPUIS LE D\u00c9BUT DE L&rsquo;ENQU\u00caTE"},"content":{"rendered":"\n<p class=\"\">L&rsquo;adolescente de 15 ans a disparu depuis le 23 septembre 2023 alors qu&rsquo;elle se rendait \u00e0 pied la gare de Saint-Blaise-la-Roche, dans le Bas-Rhin. Pour la premi\u00e8re fois depuis le d\u00e9but de l&rsquo;enqu\u00eate, trois suspects ont \u00e9t\u00e9 plac\u00e9s en garde \u00e0 vue, ce mardi 26 mars dans la matin\u00e9e.<\/p>\n\n\n\n<p class=\"\">Depuis six mois, les enqu\u00eateurs travaillent sans rel\u00e2che, \u00ab\u00a0une enqu\u00eate \u00e0 haut r\u00e9gime\u00a0\u00bb, comme le confiait une source proche de l&rsquo;enqu\u00eate, qui porte ses fruits ce mardi 26 mars. Trois suspects sont entendus sous le r\u00e9gime de la garde \u00e0 vue en ce d\u00e9but de matin\u00e9e, a appris l&rsquo;AFP confirmant les informations du&nbsp;<strong><a href=\"https:\/\/www.leparisien.fr\/faits-divers\/disparition-de-lina-trois-suspects-places-en-garde-a-vue-26-03-2024-A46NFYD6RVBVBEA47QOY4GHTYY.php\" target=\"_blank\" rel=\"noreferrer noopener\">Parisien<\/a><\/strong>.<\/p>\n\n\n\n<p class=\"\">Un couple a \u00e9t\u00e9 convoqu\u00e9 chez les gendarmes et un homme a \u00e9t\u00e9 interpell\u00e9 \u00e0 son domicile, selon l&rsquo;agence de presse. D&rsquo;autres t\u00e9moins ont \u00e9galement \u00e9t\u00e9 convoqu\u00e9s pour \u00eatre entendus librement, notamment sur des incoh\u00e9rences d&#8217;emploi du temps, a encore pr\u00e9cis\u00e9 cette source proche de l&rsquo;enqu\u00eate, confirmant une information du Parisien.<\/p>\n","protected":false},"excerpt":{"rendered":"<p>L&rsquo;adolescente de 15 ans a disparu depuis le 23 septembre 2023 alors qu&rsquo;elle se rendait \u00e0 pied la gare de Saint-Blaise-la-Roche, dans le Bas-Rhin. Pour la premi\u00e8re fois depuis le d\u00e9but de l&rsquo;enqu\u00eate, trois suspects ont \u00e9t\u00e9 plac\u00e9s en garde \u00e0 vue, ce mardi 26 mars dans la matin\u00e9e. Depuis six mois, les enqu\u00eateurs travaillent [&hellip;]<\/p>\n","protected":false},"author":2,"featured_media":27669,"comment_status":"open","ping_status":"open","sticky":false,"template":"","format":"standard","meta":{"_jetpack_memberships_contains_paid_content":false,"footnotes":"","jetpack_publicize_message":"","jetpack_publicize_feature_enabled":true,"jetpack_social_post_already_shared":true,"jetpack_social_options":{"image_generator_settings":{"template":"highway","default_image_id":0,"font":"","enabled":false},"version":2},"_wpas_customize_per_network":false},"categories":[405],"tags":[],"class_list":["post-27668","post","type-post","status-publish","format-standard","has-post-thumbnail","hentry","category-actu-france-monde"],"jetpack_publicize_connections":[],"jetpack_featured_media_url":"https:\/\/i0.wp.com\/www.iceagetv.com\/radiosite\/wp-content\/uploads\/2024\/03\/Lina-une-adolescente-de-15-ans-a-disparu-sans-donner-de-nouvelles-depuis-samedi-23-septembre-2023-dans-le-Bas-Rhin-1717665.jpg?fit=1600%2C900&ssl=1","jetpack_sharing_enabled":true,"_links":{"self":[{"href":"https:\/\/www.iceagetv.com\/radiosite\/wp-json\/wp\/v2\/posts\/27668","targetHints":{"allow":["GET"]}}],"collection":[{"href":"https:\/\/www.iceagetv.com\/radiosite\/wp-json\/wp\/v2\/posts"}],"about":[{"href":"https:\/\/www.iceagetv.com\/radiosite\/wp-json\/wp\/v2\/types\/post"}],"author":[{"embeddable":true,"href":"https:\/\/www.iceagetv.com\/radiosite\/wp-json\/wp\/v2\/users\/2"}],"replies":[{"embeddable":true,"href":"https:\/\/www.iceagetv.com\/radiosite\/wp-json\/wp\/v2\/comments?post=27668"}],"version-history":[{"count":1,"href":"https:\/\/www.iceagetv.com\/radiosite\/wp-json\/wp\/v2\/posts\/27668\/revisions"}],"predecessor-version":[{"id":27670,"href":"https:\/\/www.iceagetv.com\/radiosite\/wp-json\/wp\/v2\/posts\/27668\/revisions\/27670"}],"wp:featuredmedia":[{"embeddable":true,"href":"https:\/\/www.iceagetv.com\/radiosite\/wp-json\/wp\/v2\/media\/27669"}],"wp:attachment":[{"href":"https:\/\/www.iceagetv.com\/radiosite\/wp-json\/wp\/v2\/media?parent=27668"}],"wp:term":[{"taxonomy":"category","embeddable":true,"href":"https:\/\/www.iceagetv.com\/radiosite\/wp-json\/wp\/v2\/categories?post=27668"},{"taxonomy":"post_tag","embeddable":true,"href":"https:\/\/www.iceagetv.com\/radiosite\/wp-json\/wp\/v2\/tags?post=27668"}],"curies":[{"name":"wp","href":"https:\/\/api.w.org\/{rel}","templated":true}]}}