{"id":27684,"date":"2024-03-27T06:52:05","date_gmt":"2024-03-27T06:52:05","guid":{"rendered":"https:\/\/www.iceagetv.com\/radiosite\/?p=27684"},"modified":"2024-03-27T06:52:05","modified_gmt":"2024-03-27T06:52:05","slug":"disparition-de-lina-les-trois-gardes-a-vue-ont-ete-levees-faute-delements-incriminants","status":"publish","type":"post","link":"https:\/\/www.iceagetv.com\/radiosite\/disparition-de-lina-les-trois-gardes-a-vue-ont-ete-levees-faute-delements-incriminants\/","title":{"rendered":"DISPARITION DE LINA: LES TROIS GARDES \u00c0 VUE ONT \u00c9T\u00c9 LEV\u00c9ES, FAUTE D'\u00a0\u00bb\u00c9L\u00c9MENTS INCRIMINANTS\u00a0\u00bb"},"content":{"rendered":"\n<p class=\"\">Les trois gardes \u00e0 vue dans le cadre de l&rsquo;enqu\u00eate sur la disparition de Lina, 15 ans, en septembre dans le Bas-Rhin, \u00ab\u00a0ont \u00e9t\u00e9 lev\u00e9es\u00a0\u00bb, a appris mercredi BFMTV d&rsquo;une source proche de l&rsquo;enqu\u00eate.<\/p>\n\n\n\n<p class=\"\">Trois personnes avaient \u00e9t\u00e9 plac\u00e9es en garde \u00e0 vue mardi, pour que les enqu\u00eateurs puissent v\u00e9rifier certaines incoh\u00e9rences dans leur r\u00e9cit et leur emploi du temps. Ces gardes \u00e0 vue qui ont donc \u00ab\u00a0\u00e9t\u00e9 lev\u00e9es cette nuit\u00a0\u00bb car il n&rsquo;y a \u00ab\u00a0pas d&rsquo;\u00e9l\u00e9ments incriminants\u00a0\u00bb, a indiqu\u00e9 la m\u00eame source.<\/p>\n","protected":false},"excerpt":{"rendered":"<p>Les trois gardes \u00e0 vue dans le cadre de l&rsquo;enqu\u00eate sur la disparition de Lina, 15 ans, en septembre dans le Bas-Rhin, \u00ab\u00a0ont \u00e9t\u00e9 lev\u00e9es\u00a0\u00bb, a appris mercredi BFMTV d&rsquo;une source proche de l&rsquo;enqu\u00eate. Trois personnes avaient \u00e9t\u00e9 plac\u00e9es en garde \u00e0 vue mardi, pour que les enqu\u00eateurs puissent v\u00e9rifier certaines incoh\u00e9rences dans leur r\u00e9cit [&hellip;]<\/p>\n","protected":false},"author":2,"featured_media":27669,"comment_status":"open","ping_status":"open","sticky":false,"template":"","format":"standard","meta":{"_jetpack_memberships_contains_paid_content":false,"footnotes":"","jetpack_publicize_message":"","jetpack_publicize_feature_enabled":true,"jetpack_social_post_already_shared":true,"jetpack_social_options":{"image_generator_settings":{"template":"highway","default_image_id":0,"font":"","enabled":false},"version":2},"_wpas_customize_per_network":false},"categories":[405],"tags":[],"class_list":["post-27684","post","type-post","status-publish","format-standard","has-post-thumbnail","hentry","category-actu-france-monde"],"jetpack_publicize_connections":[],"jetpack_featured_media_url":"https:\/\/i0.wp.com\/www.iceagetv.com\/radiosite\/wp-content\/uploads\/2024\/03\/Lina-une-adolescente-de-15-ans-a-disparu-sans-donner-de-nouvelles-depuis-samedi-23-septembre-2023-dans-le-Bas-Rhin-1717665.jpg?fit=1600%2C900&ssl=1","jetpack_sharing_enabled":true,"_links":{"self":[{"href":"https:\/\/www.iceagetv.com\/radiosite\/wp-json\/wp\/v2\/posts\/27684","targetHints":{"allow":["GET"]}}],"collection":[{"href":"https:\/\/www.iceagetv.com\/radiosite\/wp-json\/wp\/v2\/posts"}],"about":[{"href":"https:\/\/www.iceagetv.com\/radiosite\/wp-json\/wp\/v2\/types\/post"}],"author":[{"embeddable":true,"href":"https:\/\/www.iceagetv.com\/radiosite\/wp-json\/wp\/v2\/users\/2"}],"replies":[{"embeddable":true,"href":"https:\/\/www.iceagetv.com\/radiosite\/wp-json\/wp\/v2\/comments?post=27684"}],"version-history":[{"count":1,"href":"https:\/\/www.iceagetv.com\/radiosite\/wp-json\/wp\/v2\/posts\/27684\/revisions"}],"predecessor-version":[{"id":27685,"href":"https:\/\/www.iceagetv.com\/radiosite\/wp-json\/wp\/v2\/posts\/27684\/revisions\/27685"}],"wp:featuredmedia":[{"embeddable":true,"href":"https:\/\/www.iceagetv.com\/radiosite\/wp-json\/wp\/v2\/media\/27669"}],"wp:attachment":[{"href":"https:\/\/www.iceagetv.com\/radiosite\/wp-json\/wp\/v2\/media?parent=27684"}],"wp:term":[{"taxonomy":"category","embeddable":true,"href":"https:\/\/www.iceagetv.com\/radiosite\/wp-json\/wp\/v2\/categories?post=27684"},{"taxonomy":"post_tag","embeddable":true,"href":"https:\/\/www.iceagetv.com\/radiosite\/wp-json\/wp\/v2\/tags?post=27684"}],"curies":[{"name":"wp","href":"https:\/\/api.w.org\/{rel}","templated":true}]}}