{"id":2770,"date":"2015-08-29T13:32:48","date_gmt":"2015-08-29T13:32:48","guid":{"rendered":"http:\/\/www.iceagetv.com\/radiosite\/?p=2770"},"modified":"2015-08-29T13:32:48","modified_gmt":"2015-08-29T13:32:48","slug":"le-realisateur-cedric-klapisch-presente-dix-pour-cent-sa-premiere-serie-tv-a-angouleme","status":"publish","type":"post","link":"https:\/\/www.iceagetv.com\/radiosite\/le-realisateur-cedric-klapisch-presente-dix-pour-cent-sa-premiere-serie-tv-a-angouleme\/","title":{"rendered":"Le r\u00e9alisateur C\u00e9dric Klapisch pr\u00e9sente \u00ab\u00a0Dix pour cent\u00a0\u00bb sa premi\u00e8re s\u00e9rie TV \u00e0 Angoul\u00eame"},"content":{"rendered":"<p>\n\tLe r&eacute;alisateur C&eacute;dric Klapisch tourne tous azimuts: il pr&eacute;sente &quot;Dix pour cent&quot;, sa premi&egrave;re s&eacute;rie TV &agrave; Angoul&ecirc;me, alors qu&#39;il vient juste d&#39;entamer le tournage d&#39;un nouveau long m&eacute;trage, sans oublier un documentaire sur l&#39;athl&egrave;te Renaud Lavillenie.\n<\/p>\n<p>\n\tLe r&eacute;alisateur de &quot;L&#39;Auberge espagnole&quot; et du &quot;P&eacute;ril jeune&quot; a r&eacute;serv&eacute; la primeur des deux premiers &eacute;pisodes qu&#39;il a r&eacute;alis&eacute;s pour la s&eacute;rie &quot;Dix pour cent&quot; (6 x 52 mn) au Festival du film francophone qui s&#39;est ouvert mardi soir.\n<\/p>\n<p>\n\tFrance 2 la diffusera &agrave; l&#39;automne. Cr&eacute;&eacute;e sur une id&eacute;e de l&#39;ex-agent de stars et fondateur du festival d&#39;Angoul&ecirc;me, Dominique Besnehard, cette com&eacute;die a pour cadre une agence d&#39;impr&eacute;sarios fantasques. Ces personnages &#8211; un cynique, une battante, une &quot;has been&quot;, un &quot;loser&quot; &#8211; composent une famille dont les rapports oscillent entre l&#39;amour et la haine.\n<\/p>\n<p>\n\t&quot;Dix pour cent&quot; fait r&eacute;f&eacute;rence &agrave; la part que les agents touchent sur les cachets des com&eacute;diens, qui jouent leur propre r&ocirc;le dans la s&eacute;rie.\n<\/p>\n<p>\n\tC&eacute;cile de France, dans le premier &eacute;pisode, Fran&ccedil;oise Fabian, Line Renaud dans le deuxi&egrave;me, Audrey Fleurot, Julie Gayet, Fran&ccedil;ois Berl&eacute;and, JoeyStarr, Nathalie Baye et Laura Smet dans les suivants.\n<\/p>\n<p>\n\t&quot;Mais on ne leur demande pas d&#39;appara&icirc;tre tels qu&#39;ils sont dans leur vie&quot;, explique C&eacute;dric Klapisch &agrave; l&#39;AFP. Pour Nathalie Baye et Laura Smet, il souhaitait quand m&ecirc;me que le &quot;lien naturel entre la m&egrave;re et la fille soit bien senti mais sans exhiber leur intimit&eacute; r&eacute;elle&quot;.\n<\/p>\n<p>\n\t&quot;J&#39;ai trouv&eacute; originale l&#39;id&eacute;e d&#39;aborder le m&eacute;tier d&#39;acteur &agrave; travers leurs relations avec les agents&quot; jou&eacute;s par Camille Cottin, Thibault de Montalembert, Gr&eacute;gory Montel et Liliane Rov&egrave;re, ajoute-t-il.\n<\/p>\n<p>\n\t&quot;La s&eacute;rie permet de travailler sur les personnages qui &eacute;voluent et s&#39;&eacute;toffent davantage en six heures au lieu de deux au cin&eacute;ma&quot;. &quot;Ce rapport au temps tr&egrave;s diff&eacute;rent&quot; et &quot;le feuilleton dans la narration&quot; l&#39;ont &eacute;galement s&eacute;duit.\n<\/p>\n<p>\n\t&quot;Apr&egrave;s avoir r&eacute;alis&eacute; onze films, j&#39;ai un rapport tr&egrave;s fort avec les acteurs. J&#39;ai trouv&eacute; tr&egrave;s juste le ton et le regard&quot; du sc&eacute;nario &eacute;crit par une &eacute;quipe de dix auteurs.\n<\/p>\n<p>\n\t&quot;Plut&ocirc;t solitaire dans ses choix&quot; au cin&eacute;ma, C&eacute;dric Klapisch a adh&eacute;r&eacute; &agrave; ce &quot;projet collectif&quot; qui r&eacute;unit, outre les sc&eacute;naristes, deux autres r&eacute;alisateurs, son &eacute;pouse Lola Doillon, et l&#39;un de ses anciens assistants Antoine Garceau. &quot;Nous confrontons nos points de vue sur &agrave; peu pr&egrave;s tout&quot;, note-t-il.\n<\/p>\n<p>\n\tIl est d&eacute;j&agrave; question d&#39;une deuxi&egrave;me saison mais avec de nouveaux r&eacute;alisateurs.\n<\/p>\n<p>\n\t&quot;Mon agenda ne me permettra pas de poursuivre cette aventure&quot;.\n<\/p>\n<p>\n\tKlapisch a d&eacute;but&eacute; mardi le tournage d&#39;un long m&eacute;trage, &quot;Le Vin et le vent&quot;.\n<\/p>\n<p>\n\t&quot;Ce sera mon premier film r&eacute;alis&eacute; &agrave; la campagne dans les vignes de la r&eacute;gion de Meursault en Bourgogne. J&#39;avais envie de faire un film sur ce que fait l&#39;homme de la nature&quot;.\n<\/p>\n<p>\n\tLe tournage durera toute une ann&eacute;e afin de suivre les quatre saisons de jeunes vignerons, incarn&eacute;s par les com&eacute;diens Pio Marma&iuml;, Ana Girardot et Fran&ccedil;ois Civil.\n<\/p>\n<p>\n\tKlapisch travaille en m&ecirc;me temps pour France 3 sur un documentaire consacr&eacute; &agrave; Renaud Lavillenie, le champion fran&ccedil;ais de saut &agrave; la perche, centr&eacute; sur sa pr&eacute;paration pour les Jeux Olympiques de Rio de 2016.\n<\/p>\n<p>\n\tLe r&eacute;alisateur, qui a lui-m&ecirc;me pratiqu&eacute; le saut &agrave; la perche entre 12 et 18 ans, avait d&eacute;j&agrave; suivi le sportif &agrave; Donetsk (Ukraine) debut 2014 et film&eacute; son record du monde dans &quot;El&eacute;vation&quot;, un 26 mn pour Canal+.\n<\/p>\n<p>\n\tCette semaine, il a envoy&eacute; un cam&eacute;raman &agrave; P&eacute;kin o&ugrave; l&#39;athl&egrave;te a remport&eacute; une m&eacute;daille de bronze.\n<\/p>\n<p>\n\tLe cin&eacute;aste avait d&eacute;j&agrave; r&eacute;alis&eacute; pour France 3 &quot;L&#39;Espace d&#39;un instant&quot;, portrait de la danseuse &eacute;toile Aur&eacute;lie Dupont, r&eacute;compens&eacute; en 2010 par un Fipa d&#39;Or, au Festival international de Biarritz.<\/p>\n","protected":false},"excerpt":{"rendered":"<p>Le r&eacute;alisateur C&eacute;dric Klapisch tourne tous azimuts: il pr&eacute;sente &quot;Dix pour cent&quot;, sa premi&egrave;re s&eacute;rie TV &agrave; Angoul&ecirc;me, alors qu&#39;il vient juste d&#39;entamer le tournage d&#39;un nouveau long m&eacute;trage, sans oublier un documentaire sur l&#39;athl&egrave;te Renaud Lavillenie. Le r&eacute;alisateur de &quot;L&#39;Auberge espagnole&quot; et du &quot;P&eacute;ril jeune&quot; a r&eacute;serv&eacute; la primeur des deux premiers &eacute;pisodes qu&#39;il [&hellip;]<\/p>\n","protected":false},"author":2,"featured_media":2771,"comment_status":"open","ping_status":"open","sticky":false,"template":"","format":"standard","meta":{"_jetpack_memberships_contains_paid_content":false,"footnotes":"","jetpack_publicize_message":"","jetpack_publicize_feature_enabled":true,"jetpack_social_post_already_shared":false,"jetpack_social_options":{"image_generator_settings":{"template":"highway","default_image_id":0,"font":"","enabled":false},"version":2},"_wpas_customize_per_network":false},"categories":[68],"tags":[617],"class_list":["post-2770","post","type-post","status-publish","format-standard","has-post-thumbnail","hentry","category-actu-culturelle","tag-cedric-klapisch"],"jetpack_publicize_connections":[],"jetpack_featured_media_url":"https:\/\/i0.wp.com\/www.iceagetv.com\/radiosite\/wp-content\/uploads\/2015\/08\/C%C3%A9dric-Klapisch.jpg?fit=628%2C287&ssl=1","jetpack_sharing_enabled":true,"_links":{"self":[{"href":"https:\/\/www.iceagetv.com\/radiosite\/wp-json\/wp\/v2\/posts\/2770","targetHints":{"allow":["GET"]}}],"collection":[{"href":"https:\/\/www.iceagetv.com\/radiosite\/wp-json\/wp\/v2\/posts"}],"about":[{"href":"https:\/\/www.iceagetv.com\/radiosite\/wp-json\/wp\/v2\/types\/post"}],"author":[{"embeddable":true,"href":"https:\/\/www.iceagetv.com\/radiosite\/wp-json\/wp\/v2\/users\/2"}],"replies":[{"embeddable":true,"href":"https:\/\/www.iceagetv.com\/radiosite\/wp-json\/wp\/v2\/comments?post=2770"}],"version-history":[{"count":1,"href":"https:\/\/www.iceagetv.com\/radiosite\/wp-json\/wp\/v2\/posts\/2770\/revisions"}],"predecessor-version":[{"id":2772,"href":"https:\/\/www.iceagetv.com\/radiosite\/wp-json\/wp\/v2\/posts\/2770\/revisions\/2772"}],"wp:featuredmedia":[{"embeddable":true,"href":"https:\/\/www.iceagetv.com\/radiosite\/wp-json\/wp\/v2\/media\/2771"}],"wp:attachment":[{"href":"https:\/\/www.iceagetv.com\/radiosite\/wp-json\/wp\/v2\/media?parent=2770"}],"wp:term":[{"taxonomy":"category","embeddable":true,"href":"https:\/\/www.iceagetv.com\/radiosite\/wp-json\/wp\/v2\/categories?post=2770"},{"taxonomy":"post_tag","embeddable":true,"href":"https:\/\/www.iceagetv.com\/radiosite\/wp-json\/wp\/v2\/tags?post=2770"}],"curies":[{"name":"wp","href":"https:\/\/api.w.org\/{rel}","templated":true}]}}