{"id":27710,"date":"2024-03-28T12:19:27","date_gmt":"2024-03-28T12:19:27","guid":{"rendered":"https:\/\/www.iceagetv.com\/radiosite\/?p=27710"},"modified":"2024-03-28T12:19:27","modified_gmt":"2024-03-28T12:19:27","slug":"lanimateur-de-france-2-frederic-lopez-revele-etre-touche-par-une-maladie-evolutive-qui-lui-fait-perdre-la-plus-grande-partie-de-son-audition-cest-complique-de-passer-une-vie-comme-ca","status":"publish","type":"post","link":"https:\/\/www.iceagetv.com\/radiosite\/lanimateur-de-france-2-frederic-lopez-revele-etre-touche-par-une-maladie-evolutive-qui-lui-fait-perdre-la-plus-grande-partie-de-son-audition-cest-complique-de-passer-une-vie-comme-ca\/","title":{"rendered":"L&rsquo;animateur de France 2, Fr\u00e9d\u00e9ric Lopez r\u00e9v\u00e8le \u00eatre touch\u00e9 par une maladie \u00e9volutive qui lui fait perdre la plus grande partie de son audition : \u00ab\u00a0C&rsquo;est compliqu\u00e9 de passer une vie comme \u00e7a&#8230;\u00a0\u00bb"},"content":{"rendered":"\n<p class=\"\">Je n\u2019entends plus rien de l\u2019oreille droite. Quant \u00e0 mon oreille gauche, il ne me reste que \u00ab\u00a050% de mes facult\u00e9s et j&rsquo;ai en permanence des acouph\u00e8nes, comparables \u00e0 un bruit d\u2019aspirateur\u00a0\u00bb. C&rsquo;est ainsi que Fr\u00e9d\u00e9ric Lopez d\u00e9crit les cons\u00e9quences de la maladie dont il souffre en secret depuis des ann\u00e9es et dont il parle pour la premi\u00e8re fois dans<a href=\"https:\/\/www.nicematin.com\/nouvelle-ere\/frederic-lopez-raconte-ses-projets-malgre-la-maladie-907804\" target=\"_blank\" rel=\"noreferrer noopener\">&nbsp;Nice Matin.<\/a><\/p>\n\n\n\n<p class=\"\">L&rsquo;animateur et producteur porte donc d\u00e9sormais un appareil auditif pour tenter de compense les probl\u00e8mes provoquer par une maladie g\u00e9n\u00e9tique qui s&rsquo;appelle&nbsp;l&rsquo;otospongiose.&nbsp;Fr\u00e9d\u00e9ric Lopez a tent\u00e9 d&rsquo;att\u00e9nuer les sympt\u00f4mes en se faisant op\u00e9rer de l&rsquo;oreille droite en 2019, mais \u00a0\u00bb \u00e7a n\u2019a pas fonctionn\u00e9\u00a0\u00bb, r\u00e9v\u00e8le l&rsquo;animateur.&nbsp;<\/p>\n\n\n\n<p class=\"\">\u00ab\u00a0En r\u00e9union, j\u2019en vois certains g\u00ean\u00e9s. Alors que beaucoup portent des lunettes sans que \u00e7a soit un probl\u00e8me\u00a0\u00bb, lance-t-il dans les colonnes de Nice-Matin.&nbsp;Fr\u00e9d\u00e9ric Lopez, qui ne s\u2019imaginait&nbsp;\u00ab\u00a0pas pouvoir passer une vie&nbsp;enti\u00e8re comme \u00e7a\u00a0\u00bb, d\u00e9dramatise aujourd\u2019hui sa situation:&nbsp;\u00ab\u00a0C\u2019est compliqu\u00e9 quand son m\u00e9tier, c\u2019est d\u2019\u00e9couter. Mais c\u2019est&nbsp;comme \u00e7a, je l\u2019accepte.\u00a0\u00bb<\/p>\n\n\n\n<p class=\"\">L&rsquo;animateur dit voir aussi les cons\u00e9quences de son handicap dans sa vie de tous les jours. \u00ab\u00a0Lors d\u2019un d\u00eener, \u00e7a isole. Je suis un peu en retrait. Mais \u00e7a me va de voir les autres s\u2019amuser.\u00a0\u00bb<\/p>\n\n\n\n<p class=\"\"><a href=\"https:\/\/www.fondationpourlaudition.org\/lotospongiose-une-maladie-des-os-de-loreille-interne-527\" target=\"_blank\" rel=\"noreferrer noopener\">Selon la Fondation pour l&rsquo;audition<\/a>, l&rsquo;otospongiose est une maladie trouvant sa source au niveau des os de l\u2019oreille, elle engendre, sans intervention m\u00e9dicale, une forme de surdit\u00e9, unilat\u00e9rale ou bilat\u00e9rale dans la majorit\u00e9 des cas.<\/p>\n\n\n\n<p class=\"\">Elle est due \u00e0 l\u2019agglom\u00e9ration dans l&rsquo;oreille d\u2019os de mauvaise qualit\u00e9, cr\u00e9ant des foyers otospongieux, g\u00e9n\u00e9ralement autour de l\u2019\u00e9trier (mais qui peuvent aussi se d\u00e9velopper autour de la cochl\u00e9e dans certains cas plus rares). Se d\u00e9veloppent alors des ankyloses bloquant l\u2019\u00e9trier et entra\u00eenant ainsi une surdit\u00e9 de transmission.<\/p>\n\n\n\n<p class=\"\"><a href=\"https:\/\/www.fondationpourlaudition.org\/lotospongiose-une-maladie-des-os-de-loreille-interne-527\" target=\"_blank\" rel=\"noreferrer noopener\">La maladie de l&rsquo;otospongiose<\/a>&nbsp;appara\u00eet \u00e0 l\u2019\u00e2ge adulte et touche environ 2 \u00e0 3 personnes sur 1000. Ce sont les femmes les plus touch\u00e9es (on parle de 2 femmes pour 3 hommes), d\u00fb \u00e0 l\u2019implication du syst\u00e8me hormonal dans la maladie.<\/p>\n\n\n\n<p class=\"\">Par ailleurs, dans 50% des cas, l\u2019otospongiose est d\u2019origine familiale. La maladie, et la surdit\u00e9 qui l\u2019accompagne, \u00e9voluent lentement et progressivement.<\/p>\n","protected":false},"excerpt":{"rendered":"<p>Je n\u2019entends plus rien de l\u2019oreille droite. Quant \u00e0 mon oreille gauche, il ne me reste que \u00ab\u00a050% de mes facult\u00e9s et j&rsquo;ai en permanence des acouph\u00e8nes, comparables \u00e0 un bruit d\u2019aspirateur\u00a0\u00bb. C&rsquo;est ainsi que Fr\u00e9d\u00e9ric Lopez d\u00e9crit les cons\u00e9quences de la maladie dont il souffre en secret depuis des ann\u00e9es et dont il parle [&hellip;]<\/p>\n","protected":false},"author":2,"featured_media":27711,"comment_status":"open","ping_status":"open","sticky":false,"template":"","format":"standard","meta":{"_jetpack_memberships_contains_paid_content":false,"footnotes":"","jetpack_publicize_message":"","jetpack_publicize_feature_enabled":true,"jetpack_social_post_already_shared":true,"jetpack_social_options":{"image_generator_settings":{"template":"highway","default_image_id":0,"font":"","enabled":false},"version":2},"_wpas_customize_per_network":false},"categories":[405],"tags":[],"class_list":["post-27710","post","type-post","status-publish","format-standard","has-post-thumbnail","hentry","category-actu-france-monde"],"jetpack_publicize_connections":[],"jetpack_featured_media_url":"https:\/\/i0.wp.com\/www.iceagetv.com\/radiosite\/wp-content\/uploads\/2024\/03\/Lanimateur-de-France-2-Frederic-Lopez.jpg?fit=628%2C287&ssl=1","jetpack_sharing_enabled":true,"_links":{"self":[{"href":"https:\/\/www.iceagetv.com\/radiosite\/wp-json\/wp\/v2\/posts\/27710","targetHints":{"allow":["GET"]}}],"collection":[{"href":"https:\/\/www.iceagetv.com\/radiosite\/wp-json\/wp\/v2\/posts"}],"about":[{"href":"https:\/\/www.iceagetv.com\/radiosite\/wp-json\/wp\/v2\/types\/post"}],"author":[{"embeddable":true,"href":"https:\/\/www.iceagetv.com\/radiosite\/wp-json\/wp\/v2\/users\/2"}],"replies":[{"embeddable":true,"href":"https:\/\/www.iceagetv.com\/radiosite\/wp-json\/wp\/v2\/comments?post=27710"}],"version-history":[{"count":1,"href":"https:\/\/www.iceagetv.com\/radiosite\/wp-json\/wp\/v2\/posts\/27710\/revisions"}],"predecessor-version":[{"id":27712,"href":"https:\/\/www.iceagetv.com\/radiosite\/wp-json\/wp\/v2\/posts\/27710\/revisions\/27712"}],"wp:featuredmedia":[{"embeddable":true,"href":"https:\/\/www.iceagetv.com\/radiosite\/wp-json\/wp\/v2\/media\/27711"}],"wp:attachment":[{"href":"https:\/\/www.iceagetv.com\/radiosite\/wp-json\/wp\/v2\/media?parent=27710"}],"wp:term":[{"taxonomy":"category","embeddable":true,"href":"https:\/\/www.iceagetv.com\/radiosite\/wp-json\/wp\/v2\/categories?post=27710"},{"taxonomy":"post_tag","embeddable":true,"href":"https:\/\/www.iceagetv.com\/radiosite\/wp-json\/wp\/v2\/tags?post=27710"}],"curies":[{"name":"wp","href":"https:\/\/api.w.org\/{rel}","templated":true}]}}