{"id":27730,"date":"2024-03-29T14:47:37","date_gmt":"2024-03-29T14:47:37","guid":{"rendered":"https:\/\/www.iceagetv.com\/radiosite\/?p=27730"},"modified":"2024-03-29T14:47:37","modified_gmt":"2024-03-29T14:47:37","slug":"chartres-ils-tentent-de-tuer-un-lyceen-a-coups-de-couteau-en-pleine-rue-deux-mineurs-ecroues","status":"publish","type":"post","link":"https:\/\/www.iceagetv.com\/radiosite\/chartres-ils-tentent-de-tuer-un-lyceen-a-coups-de-couteau-en-pleine-rue-deux-mineurs-ecroues\/","title":{"rendered":"Chartres : Ils tentent de tuer un lyc\u00e9en \u00e0 coups de couteau en pleine rue, deux mineurs \u00e9crou\u00e9s"},"content":{"rendered":"\n<p class=\"\">Deux adolescents de 16 ans ont \u00e9t\u00e9 mis en examen et plac\u00e9s en d\u00e9tention provisoire pour tentative d&rsquo;homicide volontaire sur un lyc\u00e9en \u00e0 Chartres (Eure-et-Loir), suite \u00e0 une violente agression \u00e0 l&rsquo;arme blanche survenue mardi soir en pleine rue. La victime n&rsquo;a plus son pronostic vital engag\u00e9.<\/p>\n\n\n\n<p class=\"\">La victime de 17 ans n&rsquo;a plus son pronostic vital engag\u00e9 et a pu \u00eatre interrog\u00e9e par les enqu\u00eateurs du service local de police judiciaire (SLPJ) de Chartres.&nbsp;<em>\u00ab\u00a0Il pr\u00e9cisait qu\u2019alors qu\u2019il se trouvait \u00e0 un arr\u00eat de bus devant la gare, il \u00e9tait abord\u00e9 par deux jeunes, dont un qu\u2019il connaissait. Il lui \u00e9tait demand\u00e9 s\u2019il connaissait un jeune avec lequel un des deux avait eu un pr\u00e9c\u00e9dent violent. Et tr\u00e8s rapidement, un des deux jeunes brandissait un tournevis pour tenter de lui mettre un coup tandis que le second individu lui ass\u00e9nait des coups de poing\u00a0\u00bb<\/em>, d\u00e9taille le magistrat.<\/p>\n\n\n\n<h2 class=\"wp-block-heading\">Trois coups de couteau, l&rsquo;agression film\u00e9e<\/h2>\n\n\n\n<p class=\"\"><em>\u00ab\u00a0La victime r\u00e9ussissait \u00e0 s\u2019enfuir de cette double emprise et partait en courant, remontant l\u2019avenue Jehan de Beauce. Il \u00e9tait poursuivi par les deux agresseurs dont un parvenait \u00e0 le rattraper et \u00e0 le frapper avec un couteau \u00e0 trois reprises &#8211; en haut du torse, sur le torse et dans le dos -. Cette sc\u00e8ne \u00e9tait film\u00e9e par le second avec son t\u00e9l\u00e9phone portable et diffus\u00e9 rapidement. Le couteau et le tournevis \u00e9taient retrouv\u00e9s par les enqu\u00eateurs\u00a0\u00bb<\/em>, poursuit le procureur. Les deux agresseurs ont pris la fuite mais ont \u00e9t\u00e9 interpell\u00e9s un peu plus tard dans la soir\u00e9e par les policiers.<\/p>\n\n\n\n<p class=\"\">En garde \u00e0 vue, les deux suspects&nbsp;<em>\u00ab\u00a0ont reconnu avoir particip\u00e9 aux faits mais ils pr\u00e9cisaient n&rsquo;avoir pas eu l&rsquo;intention de donner la mort \u00e0 la victime mais avoir souhait\u00e9 se venger, &lsquo;en lui faisant du mal&rsquo;, de pr\u00e9c\u00e9dents \u00e9pisodes dont ils avaient \u00e9t\u00e9 victimes\u00a0\u00bb<\/em>, a \u00e9galement soulign\u00e9 le magistrat. Des faits pour lesquels les deux adolescents n&rsquo;ont pas d\u00e9pos\u00e9 plainte.<\/p>\n","protected":false},"excerpt":{"rendered":"<p>Deux adolescents de 16 ans ont \u00e9t\u00e9 mis en examen et plac\u00e9s en d\u00e9tention provisoire pour tentative d&rsquo;homicide volontaire sur un lyc\u00e9en \u00e0 Chartres (Eure-et-Loir), suite \u00e0 une violente agression \u00e0 l&rsquo;arme blanche survenue mardi soir en pleine rue. La victime n&rsquo;a plus son pronostic vital engag\u00e9. La victime de 17 ans n&rsquo;a plus son [&hellip;]<\/p>\n","protected":false},"author":2,"featured_media":27687,"comment_status":"open","ping_status":"open","sticky":false,"template":"","format":"standard","meta":{"_jetpack_memberships_contains_paid_content":false,"footnotes":"","jetpack_publicize_message":"","jetpack_publicize_feature_enabled":true,"jetpack_social_post_already_shared":true,"jetpack_social_options":{"image_generator_settings":{"template":"highway","default_image_id":0,"font":"","enabled":false},"version":2},"_wpas_customize_per_network":false},"categories":[405],"tags":[],"class_list":["post-27730","post","type-post","status-publish","format-standard","has-post-thumbnail","hentry","category-actu-france-monde"],"jetpack_publicize_connections":[],"jetpack_featured_media_url":"https:\/\/i0.wp.com\/www.iceagetv.com\/radiosite\/wp-content\/uploads\/2024\/03\/Screenshot_20240327_080416.jpg?fit=859%2C637&ssl=1","jetpack_sharing_enabled":true,"_links":{"self":[{"href":"https:\/\/www.iceagetv.com\/radiosite\/wp-json\/wp\/v2\/posts\/27730","targetHints":{"allow":["GET"]}}],"collection":[{"href":"https:\/\/www.iceagetv.com\/radiosite\/wp-json\/wp\/v2\/posts"}],"about":[{"href":"https:\/\/www.iceagetv.com\/radiosite\/wp-json\/wp\/v2\/types\/post"}],"author":[{"embeddable":true,"href":"https:\/\/www.iceagetv.com\/radiosite\/wp-json\/wp\/v2\/users\/2"}],"replies":[{"embeddable":true,"href":"https:\/\/www.iceagetv.com\/radiosite\/wp-json\/wp\/v2\/comments?post=27730"}],"version-history":[{"count":1,"href":"https:\/\/www.iceagetv.com\/radiosite\/wp-json\/wp\/v2\/posts\/27730\/revisions"}],"predecessor-version":[{"id":27731,"href":"https:\/\/www.iceagetv.com\/radiosite\/wp-json\/wp\/v2\/posts\/27730\/revisions\/27731"}],"wp:featuredmedia":[{"embeddable":true,"href":"https:\/\/www.iceagetv.com\/radiosite\/wp-json\/wp\/v2\/media\/27687"}],"wp:attachment":[{"href":"https:\/\/www.iceagetv.com\/radiosite\/wp-json\/wp\/v2\/media?parent=27730"}],"wp:term":[{"taxonomy":"category","embeddable":true,"href":"https:\/\/www.iceagetv.com\/radiosite\/wp-json\/wp\/v2\/categories?post=27730"},{"taxonomy":"post_tag","embeddable":true,"href":"https:\/\/www.iceagetv.com\/radiosite\/wp-json\/wp\/v2\/tags?post=27730"}],"curies":[{"name":"wp","href":"https:\/\/api.w.org\/{rel}","templated":true}]}}