{"id":27732,"date":"2024-03-30T07:42:13","date_gmt":"2024-03-30T07:42:13","guid":{"rendered":"https:\/\/www.iceagetv.com\/radiosite\/?p=27732"},"modified":"2024-03-30T07:42:13","modified_gmt":"2024-03-30T07:42:13","slug":"inquietudes-pour-le-pape-francois-87-ans-qui-a-annule-hier-soir-a-la-derniere-minute-sa-participation-au-chemin-de-croix-au-colisee-de-rome-sur-fond-de-preoccupations-persistantes-sur-son-etat-de","status":"publish","type":"post","link":"https:\/\/www.iceagetv.com\/radiosite\/inquietudes-pour-le-pape-francois-87-ans-qui-a-annule-hier-soir-a-la-derniere-minute-sa-participation-au-chemin-de-croix-au-colisee-de-rome-sur-fond-de-preoccupations-persistantes-sur-son-etat-de\/","title":{"rendered":"Inqui\u00e9tudes pour le Pape Fran\u00e7ois, 87 ans, qui a annul\u00e9 hier soir \u00e0 la derni\u00e8re minute, sa participation au Chemin de Croix au Colis\u00e9e de Rome, sur fond de pr\u00e9occupations persistantes sur son \u00e9tat de sant\u00e9"},"content":{"rendered":"\n<p class=\"\">Le pape Fran\u00e7ois, 87 ans, a annul\u00e9 hier soir \u00e0 la derni\u00e8re minute sa participation au Chemin de Croix au Colis\u00e9e de Rome, sur fond de pr\u00e9occupations persistantes sur son \u00e9tat de sant\u00e9. \u00abPour pr\u00e9server sa sant\u00e9 en vue de la veill\u00e9e de demain et de la messe du dimanche de P\u00e2ques, le pape Fran\u00e7ois suivra ce soir le Chemin de croix au Colis\u00e9e depuis la R\u00e9sidence Sainte Marthe\u00bb, a annonc\u00e9 le Vatican dans un communiqu\u00e9.<\/p>\n\n\n\n<p class=\"\">Au moment de l&rsquo;annonce, qui est intervenue quelques secondes \u00e0 peine avant le d\u00e9but de la c\u00e9r\u00e9monie, les organisateurs ont retir\u00e9 le fauteuil du pape dispos\u00e9 sur une colline en face du Colis\u00e9e.<\/p>\n\n\n\n<p class=\"\">Le j\u00e9suite argentin avait d\u00e9j\u00e0 annul\u00e9 sa participation en 2023 pour des raisons de sant\u00e9, quelques jours apr\u00e8s une hospitalisation de trois jours pour une bronchite, mais cette d\u00e9cision avait \u00e9t\u00e9 communiqu\u00e9e en amont, contrairement \u00e0 cette fois-ci.<\/p>\n\n\n\n<p class=\"\">Devant le cadre spectaculaire de l&rsquo;amphith\u00e9\u00e2tre romain illumin\u00e9, des milliers de fid\u00e8les de nombreux pays, souvent une bougie \u00e0 la main, se sont r\u00e9unis en silence pour assister \u00e0 ce temps fort de la Semaine sainte qui pr\u00e9c\u00e8de la f\u00eate de P\u00e2ques. Vendredi apr\u00e8s-midi, le chef de l&rsquo;\u00c9glise catholique a pr\u00e9sid\u00e9 comme pr\u00e9vu l\u2019office du Vendredi saint dans la basilique Saint-Pierre au Vatican.<\/p>\n\n\n\n<p class=\"\">Dimanche matin, il doit pr\u00e9sider l\u2019office de P\u00e2ques sur la place Saint-Pierre avant de donner la b\u00e9n\u00e9diction \u00abUrbi et Orbi\u00bb (\u00abA la ville et au monde\u00bb), lors de laquelle il passe g\u00e9n\u00e9ralement en revue les conflits internationaux. Jorge Bergoglio, qui se d\u00e9place en fauteuil roulant, a connu une s\u00e9rie de probl\u00e8mes de sant\u00e9 ces derni\u00e8res ann\u00e9es, notamment aux genoux, aux hanches et au c\u00f4lon.<\/p>\n\n\n\n<p class=\"\">Il a aussi \u00e9t\u00e9 op\u00e9r\u00e9 de l&rsquo;abdomen en juin et a annul\u00e9 son voyage \u00e0 Duba\u00ef pour la COP28 en d\u00e9cembre en raison d&rsquo;une bronchite. Ces derniers jours, il a \u00e9t\u00e9 contraint \u00e0 plusieurs reprises de d\u00e9l\u00e9guer la lecture de plusieurs discours pour des raisons de sant\u00e9.<\/p>\n","protected":false},"excerpt":{"rendered":"<p>Le pape Fran\u00e7ois, 87 ans, a annul\u00e9 hier soir \u00e0 la derni\u00e8re minute sa participation au Chemin de Croix au Colis\u00e9e de Rome, sur fond de pr\u00e9occupations persistantes sur son \u00e9tat de sant\u00e9. \u00abPour pr\u00e9server sa sant\u00e9 en vue de la veill\u00e9e de demain et de la messe du dimanche de P\u00e2ques, le pape Fran\u00e7ois [&hellip;]<\/p>\n","protected":false},"author":2,"featured_media":27733,"comment_status":"open","ping_status":"open","sticky":false,"template":"","format":"standard","meta":{"_jetpack_memberships_contains_paid_content":false,"footnotes":"","jetpack_publicize_message":"","jetpack_publicize_feature_enabled":true,"jetpack_social_post_already_shared":true,"jetpack_social_options":{"image_generator_settings":{"template":"highway","default_image_id":0,"font":"","enabled":false},"version":2},"_wpas_customize_per_network":false},"categories":[405],"tags":[],"class_list":["post-27732","post","type-post","status-publish","format-standard","has-post-thumbnail","hentry","category-actu-france-monde"],"jetpack_publicize_connections":[],"jetpack_featured_media_url":"https:\/\/i0.wp.com\/www.iceagetv.com\/radiosite\/wp-content\/uploads\/2024\/03\/Inquietudes-pour-le-Pape-Francois.jpg?fit=899%2C388&ssl=1","jetpack_sharing_enabled":true,"_links":{"self":[{"href":"https:\/\/www.iceagetv.com\/radiosite\/wp-json\/wp\/v2\/posts\/27732","targetHints":{"allow":["GET"]}}],"collection":[{"href":"https:\/\/www.iceagetv.com\/radiosite\/wp-json\/wp\/v2\/posts"}],"about":[{"href":"https:\/\/www.iceagetv.com\/radiosite\/wp-json\/wp\/v2\/types\/post"}],"author":[{"embeddable":true,"href":"https:\/\/www.iceagetv.com\/radiosite\/wp-json\/wp\/v2\/users\/2"}],"replies":[{"embeddable":true,"href":"https:\/\/www.iceagetv.com\/radiosite\/wp-json\/wp\/v2\/comments?post=27732"}],"version-history":[{"count":1,"href":"https:\/\/www.iceagetv.com\/radiosite\/wp-json\/wp\/v2\/posts\/27732\/revisions"}],"predecessor-version":[{"id":27734,"href":"https:\/\/www.iceagetv.com\/radiosite\/wp-json\/wp\/v2\/posts\/27732\/revisions\/27734"}],"wp:featuredmedia":[{"embeddable":true,"href":"https:\/\/www.iceagetv.com\/radiosite\/wp-json\/wp\/v2\/media\/27733"}],"wp:attachment":[{"href":"https:\/\/www.iceagetv.com\/radiosite\/wp-json\/wp\/v2\/media?parent=27732"}],"wp:term":[{"taxonomy":"category","embeddable":true,"href":"https:\/\/www.iceagetv.com\/radiosite\/wp-json\/wp\/v2\/categories?post=27732"},{"taxonomy":"post_tag","embeddable":true,"href":"https:\/\/www.iceagetv.com\/radiosite\/wp-json\/wp\/v2\/tags?post=27732"}],"curies":[{"name":"wp","href":"https:\/\/api.w.org\/{rel}","templated":true}]}}