{"id":27746,"date":"2024-03-30T17:51:57","date_gmt":"2024-03-30T17:51:57","guid":{"rendered":"https:\/\/www.iceagetv.com\/radiosite\/?p=27746"},"modified":"2024-03-30T17:51:57","modified_gmt":"2024-03-30T17:51:57","slug":"changement-dheure-cette-nuit-une-moins-bonne-sante-physique-et-mentale-previent-ce-medecin","status":"publish","type":"post","link":"https:\/\/www.iceagetv.com\/radiosite\/changement-dheure-cette-nuit-une-moins-bonne-sante-physique-et-mentale-previent-ce-medecin\/","title":{"rendered":"CHANGEMENT D&rsquo;HEURE CETTE NUIT : \u00ab\u00a0UNE MOINS BONNE SANT\u00c9 PHYSIQUE ET MENTALE\u00a0\u00bb, PR\u00c9VIENT CE M\u00c9DECIN"},"content":{"rendered":"\n<p class=\"\">Le passage \u00e0 l&rsquo;heure d&rsquo;\u00e9t\u00e9, c&rsquo;est cette nuit ! \u00c0 2h, il sera 3h. Ce qui signifie la perte d&rsquo;une heure de sommeil. Pour autant, ce rite annuel est souvent re\u00e7u positivement par le plus grand nombre, l&rsquo;associant au d\u00e9but du printemps et du soleil qui se couche apr\u00e8s 20h, permettant notamment une vie sociale plus tardive. Cependant, \u00ab\u00a0ce d\u00e9calage de 2h avec l&rsquo;heure solaire est associ\u00e9 \u00e0 une bonne moins sant\u00e9 physique et mentale\u00a0\u00bb, rappelle le professeur Pierre-Alexis Geoffroy.<\/p>\n\n\n\n<p class=\"\">C&rsquo;est l&rsquo;\u00e9ternelle question en ce fin de mois de mars, quand survient le changement d&rsquo;heure: \u00ab\u00a0On gagne ou on perd une heure de sommeil?\u00a0\u00bb Dans la nuit de samedi \u00e0 dimanche, \u00e0 2h, il sera 3h. Ce qui signifie donc que la nuit sera&#8230; \u00e9court\u00e9e d&rsquo;une heure.<\/p>\n\n\n\n<p class=\"\">Alors, si certains r\u00e2lent ici et l\u00e0 de leur pr\u00e9cieux temps de sommeil rabot\u00e9, la plupart sont souvent heureux de ce changement d&rsquo;heure. La raison? Le soleil se couche d\u00e9sormais plus tard, apr\u00e8s 20h. Ce qui est associ\u00e9 au d\u00e9but du printemps, des beaux jours et l&rsquo;arriv\u00e9e ensuite de l&rsquo;\u00e9t\u00e9.<\/p>\n\n\n\n<h2 class=\"wp-block-heading\">DAVANTAGE DE CRISES CARDIAQUES ET D&rsquo;AVC<\/h2>\n\n\n\n<p class=\"\">Mais ce changement d&rsquo;heure est-il r\u00e9\u00e9lement une bonne nouvelle? Pour le professeur Pierre-Alexis Geoffroy, ce changement est pourtant bien pire que celui d&rsquo;hiver. \u00ab\u00a0On se d\u00e9cale de 2h avec l&rsquo;heure solaire et il est souvent associ\u00e9 \u00e0 une moins bonne sant\u00e9 physique et mentale\u00a0\u00bb, explique-t-il d&#8217;embl\u00e9e au micro de RMC, dans la Matinale Week-end.<\/p>\n","protected":false},"excerpt":{"rendered":"<p>Le passage \u00e0 l&rsquo;heure d&rsquo;\u00e9t\u00e9, c&rsquo;est cette nuit ! \u00c0 2h, il sera 3h. Ce qui signifie la perte d&rsquo;une heure de sommeil. Pour autant, ce rite annuel est souvent re\u00e7u positivement par le plus grand nombre, l&rsquo;associant au d\u00e9but du printemps et du soleil qui se couche apr\u00e8s 20h, permettant notamment une vie sociale [&hellip;]<\/p>\n","protected":false},"author":2,"featured_media":27747,"comment_status":"open","ping_status":"open","sticky":false,"template":"","format":"standard","meta":{"_jetpack_memberships_contains_paid_content":false,"footnotes":"","jetpack_publicize_message":"","jetpack_publicize_feature_enabled":true,"jetpack_social_post_already_shared":true,"jetpack_social_options":{"image_generator_settings":{"template":"highway","default_image_id":0,"font":"","enabled":false},"version":2},"_wpas_customize_per_network":false},"categories":[405],"tags":[],"class_list":["post-27746","post","type-post","status-publish","format-standard","has-post-thumbnail","hentry","category-actu-france-monde"],"jetpack_publicize_connections":[],"jetpack_featured_media_url":"https:\/\/i0.wp.com\/www.iceagetv.com\/radiosite\/wp-content\/uploads\/2024\/03\/changement-heure.png?fit=2048%2C1528&ssl=1","jetpack_sharing_enabled":true,"_links":{"self":[{"href":"https:\/\/www.iceagetv.com\/radiosite\/wp-json\/wp\/v2\/posts\/27746","targetHints":{"allow":["GET"]}}],"collection":[{"href":"https:\/\/www.iceagetv.com\/radiosite\/wp-json\/wp\/v2\/posts"}],"about":[{"href":"https:\/\/www.iceagetv.com\/radiosite\/wp-json\/wp\/v2\/types\/post"}],"author":[{"embeddable":true,"href":"https:\/\/www.iceagetv.com\/radiosite\/wp-json\/wp\/v2\/users\/2"}],"replies":[{"embeddable":true,"href":"https:\/\/www.iceagetv.com\/radiosite\/wp-json\/wp\/v2\/comments?post=27746"}],"version-history":[{"count":1,"href":"https:\/\/www.iceagetv.com\/radiosite\/wp-json\/wp\/v2\/posts\/27746\/revisions"}],"predecessor-version":[{"id":27748,"href":"https:\/\/www.iceagetv.com\/radiosite\/wp-json\/wp\/v2\/posts\/27746\/revisions\/27748"}],"wp:featuredmedia":[{"embeddable":true,"href":"https:\/\/www.iceagetv.com\/radiosite\/wp-json\/wp\/v2\/media\/27747"}],"wp:attachment":[{"href":"https:\/\/www.iceagetv.com\/radiosite\/wp-json\/wp\/v2\/media?parent=27746"}],"wp:term":[{"taxonomy":"category","embeddable":true,"href":"https:\/\/www.iceagetv.com\/radiosite\/wp-json\/wp\/v2\/categories?post=27746"},{"taxonomy":"post_tag","embeddable":true,"href":"https:\/\/www.iceagetv.com\/radiosite\/wp-json\/wp\/v2\/tags?post=27746"}],"curies":[{"name":"wp","href":"https:\/\/api.w.org\/{rel}","templated":true}]}}