{"id":27749,"date":"2024-03-31T07:07:36","date_gmt":"2024-03-31T07:07:36","guid":{"rendered":"https:\/\/www.iceagetv.com\/radiosite\/?p=27749"},"modified":"2024-03-31T07:07:36","modified_gmt":"2024-03-31T07:07:36","slug":"menaces-dattentats-en-france-un-egyptien-affilie-a-letat-islamique-qui-preparait-une-action-violente-contre-la-cathedrale-notre-dame-de-paris-interpelle-par-les-policiers-journal-du-di","status":"publish","type":"post","link":"https:\/\/www.iceagetv.com\/radiosite\/menaces-dattentats-en-france-un-egyptien-affilie-a-letat-islamique-qui-preparait-une-action-violente-contre-la-cathedrale-notre-dame-de-paris-interpelle-par-les-policiers-journal-du-di\/","title":{"rendered":"Menaces d&rsquo;attentats en France : Un \u00c9gyptien affili\u00e9 \u00e0 l\u2019\u00c9tat islamique, qui pr\u00e9parait une action violente contre la cath\u00e9drale Notre-Dame de Paris, interpell\u00e9 par les policiers (Journal du Dimanche)"},"content":{"rendered":"\n<p class=\"\">A-t-on fr\u00f4le le drame, en pleine Paris, dans un lieu hautement symbolique ? Selon les informations publi\u00e9es ce matin par le&nbsp;&nbsp;<a href=\"https:\/\/www.lejdd.fr\/societe\/info-jdd-attentat-manque-contre-notre-dame-de-paris-un-egyptien-interpelle-143562\" target=\"_blank\" rel=\"noreferrer noopener\">Journal du dimanche<\/a>, un \u00c9gyptien soup\u00e7onn\u00e9 d\u2019avoir projet\u00e9 une action violente contre la cath\u00e9drale Notre-Dame de Paris a \u00e9t\u00e9 interpell\u00e9 par les policiers de la Direction g\u00e9n\u00e9rale de la s\u00e9curit\u00e9 int\u00e9rieure, le 5 mars dernier.<\/p>\n\n\n\n<p class=\"\">L\u2019homme, \u00e2g\u00e9 de 62 ans, serait affili\u00e9 \u00e0 l\u2019\u00c9tat islamique et il a \u00e9t\u00e9 mis en examen pour \u00ab association de malfaiteurs terroriste criminelle \u00bb et plac\u00e9 en d\u00e9tention provisoire.<\/p>\n\n\n\n<p class=\"\">Les lieux de culte et \u00e9difices religieux constituent des cibles prioritaires pour les djihadistes. Alors que les chr\u00e9tiens s\u2019appr\u00eatent \u00e0 c\u00e9l\u00e9brer la f\u00eate de P\u00e2ques, ce dimanche 31 mars, le ministre de l\u2019Int\u00e9rieur a demand\u00e9 aux pr\u00e9fets de d\u00e9ployer des membres de forces de l\u2019ordre devant toutes les \u00e9glises catholiques et tous les temples protestants.<\/p>\n\n\n\n<p class=\"\">\u00ab Nous emp\u00eachons des attentats de se d\u00e9rouler quasiment tous les mois \u00bb, affirmait le ministre de l\u2019Int\u00e9rieur lundi 25 mars. L\u2019ex\u00e9cutif a ainsi d\u00e9cid\u00e9 de relever le plan Vigipirate \u00e0 son niveau le plus haut : \u00ab urgence attentat \u00bb. Selon Gabriel Attal, depuis 2017, 45 projets d\u2019attentat ont \u00e9t\u00e9 d\u00e9jou\u00e9s et 760 \u00e9trangers radicalis\u00e9s ont \u00e9t\u00e9 \u00ab reconduits \u00e0 la fronti\u00e8re \u00bb.<\/p>\n\n\n\n<p class=\"\">Depuis le d\u00e9but de l\u2019ann\u00e9e, deux projets d\u2019attentat ont d\u00e9j\u00e0 \u00e9t\u00e9 d\u00e9jou\u00e9s sur le sol fran\u00e7ais, a pr\u00e9cis\u00e9 le locataire de Matignon.<\/p>\n","protected":false},"excerpt":{"rendered":"<p>A-t-on fr\u00f4le le drame, en pleine Paris, dans un lieu hautement symbolique ? Selon les informations publi\u00e9es ce matin par le&nbsp;&nbsp;Journal du dimanche, un \u00c9gyptien soup\u00e7onn\u00e9 d\u2019avoir projet\u00e9 une action violente contre la cath\u00e9drale Notre-Dame de Paris a \u00e9t\u00e9 interpell\u00e9 par les policiers de la Direction g\u00e9n\u00e9rale de la s\u00e9curit\u00e9 int\u00e9rieure, le 5 mars dernier. [&hellip;]<\/p>\n","protected":false},"author":2,"featured_media":27750,"comment_status":"open","ping_status":"open","sticky":false,"template":"","format":"standard","meta":{"_jetpack_memberships_contains_paid_content":false,"footnotes":"","jetpack_publicize_message":"","jetpack_publicize_feature_enabled":true,"jetpack_social_post_already_shared":true,"jetpack_social_options":{"image_generator_settings":{"template":"highway","default_image_id":0,"font":"","enabled":false},"version":2},"_wpas_customize_per_network":false},"categories":[405],"tags":[],"class_list":["post-27749","post","type-post","status-publish","format-standard","has-post-thumbnail","hentry","category-actu-france-monde"],"jetpack_publicize_connections":[],"jetpack_featured_media_url":"https:\/\/i0.wp.com\/www.iceagetv.com\/radiosite\/wp-content\/uploads\/2024\/03\/oIDc9n8s.jpg?fit=899%2C388&ssl=1","jetpack_sharing_enabled":true,"_links":{"self":[{"href":"https:\/\/www.iceagetv.com\/radiosite\/wp-json\/wp\/v2\/posts\/27749","targetHints":{"allow":["GET"]}}],"collection":[{"href":"https:\/\/www.iceagetv.com\/radiosite\/wp-json\/wp\/v2\/posts"}],"about":[{"href":"https:\/\/www.iceagetv.com\/radiosite\/wp-json\/wp\/v2\/types\/post"}],"author":[{"embeddable":true,"href":"https:\/\/www.iceagetv.com\/radiosite\/wp-json\/wp\/v2\/users\/2"}],"replies":[{"embeddable":true,"href":"https:\/\/www.iceagetv.com\/radiosite\/wp-json\/wp\/v2\/comments?post=27749"}],"version-history":[{"count":1,"href":"https:\/\/www.iceagetv.com\/radiosite\/wp-json\/wp\/v2\/posts\/27749\/revisions"}],"predecessor-version":[{"id":27751,"href":"https:\/\/www.iceagetv.com\/radiosite\/wp-json\/wp\/v2\/posts\/27749\/revisions\/27751"}],"wp:featuredmedia":[{"embeddable":true,"href":"https:\/\/www.iceagetv.com\/radiosite\/wp-json\/wp\/v2\/media\/27750"}],"wp:attachment":[{"href":"https:\/\/www.iceagetv.com\/radiosite\/wp-json\/wp\/v2\/media?parent=27749"}],"wp:term":[{"taxonomy":"category","embeddable":true,"href":"https:\/\/www.iceagetv.com\/radiosite\/wp-json\/wp\/v2\/categories?post=27749"},{"taxonomy":"post_tag","embeddable":true,"href":"https:\/\/www.iceagetv.com\/radiosite\/wp-json\/wp\/v2\/tags?post=27749"}],"curies":[{"name":"wp","href":"https:\/\/api.w.org\/{rel}","templated":true}]}}