{"id":27755,"date":"2024-03-31T14:16:43","date_gmt":"2024-03-31T14:16:43","guid":{"rendered":"https:\/\/www.iceagetv.com\/radiosite\/?p=27755"},"modified":"2024-03-31T14:16:43","modified_gmt":"2024-03-31T14:16:43","slug":"disparition-demile-dans-le-vernet-le-parquet-annonce-que-des-ossements-du-petit-garcon-ont-ete-decouverts-par-un-promeneur-hier-a-proximite-du-hameau-lidentification-par-adn-est-formelle","status":"publish","type":"post","link":"https:\/\/www.iceagetv.com\/radiosite\/disparition-demile-dans-le-vernet-le-parquet-annonce-que-des-ossements-du-petit-garcon-ont-ete-decouverts-par-un-promeneur-hier-a-proximite-du-hameau-lidentification-par-adn-est-formelle\/","title":{"rendered":"Disparition d&rsquo;Emile dans le Vernet: Le parquet annonce que des ossements du petit gar\u00e7on ont \u00e9t\u00e9 d\u00e9couverts par un promeneur hier \u00e0 proximit\u00e9 du hameau &#8211; L&rsquo;identification par ADN est formelle"},"content":{"rendered":"\n<p class=\"\"><strong>D\u2019apr\u00e8s une source proche de l\u2019enqu\u00eate \u00e0 nos confr\u00e8res du Parisien, de nouvelles fouilles sont lanc\u00e9es cet apr\u00e8s-midi dans la zone car les ossements retrouv\u00e9s sont \u00ab incomplets \u00bb. Une grande incertitude demeure : les ossements sont-ils r\u00e9apparus sur une zone d\u00e9j\u00e0 fouill\u00e9e ou ont-ils \u00e9t\u00e9 d\u00e9plac\u00e9s ?<\/strong><\/p>\n\n\n\n<p class=\"\">Depuis la disparition du petit \u00c9mile, deux ans et demi, au Vernet, dans les Alpes-de-Haute-Provence le samedi 8 juillet, de nombreuses marques de solidarit\u00e9 et d&rsquo;attention abondaient vers la famille du gar\u00e7onnet. Cette derni\u00e8re, qui \u00e9tait \u00abdans l&rsquo;inqui\u00e9tude\u00bb et \u00abdans l&rsquo;attente\u00bb d&rsquo;apr\u00e8s le procureur de la R\u00e9publique de Digne-les-Bains, semble \u00eatre anim\u00e9e d&rsquo;une profonde foi catholique.<\/p>\n\n\n\n<p class=\"\">En plus des centaines de personnes venues fouler la terre proven\u00e7ale pour aider les proches et les forces de l&rsquo;ordre \u00e0 retrouver le petit gar\u00e7on durant les battues, les publications et les messages appelant \u00e0 soutenir la famille par la pri\u00e8re se sont multipli\u00e9es durant ces neuf mois.<\/p>\n\n\n\n<p class=\"\">Un soutien venu des quatre coins de la France pour accompagner la famille, m\u00eame de loin.<\/p>\n\n\n\n<p class=\"\">La famille se rendait dimanche dans une \u00e9glise marseillaise pour \u00e9couter la messe en latin, d&rsquo;apr\u00e8s La Provence. Le maire de La Bouilladisse, Jos\u00e9 Morales, d\u00e9crit une famille \u00abtr\u00e8s croyante, tr\u00e8s discr\u00e8te, qui vivait un peu en autarcie \u00bb, rapporte l&rsquo;AFP.<strong>a famille a \u00e9t\u00e9 inform\u00e9e ce matin de la d\u00e9couverte des ossements d&rsquo;Emile apr\u00e8s l&rsquo;identification formelle par ADN<\/strong><\/p>\n","protected":false},"excerpt":{"rendered":"<p>D\u2019apr\u00e8s une source proche de l\u2019enqu\u00eate \u00e0 nos confr\u00e8res du Parisien, de nouvelles fouilles sont lanc\u00e9es cet apr\u00e8s-midi dans la zone car les ossements retrouv\u00e9s sont \u00ab incomplets \u00bb. Une grande incertitude demeure : les ossements sont-ils r\u00e9apparus sur une zone d\u00e9j\u00e0 fouill\u00e9e ou ont-ils \u00e9t\u00e9 d\u00e9plac\u00e9s ? Depuis la disparition du petit \u00c9mile, deux [&hellip;]<\/p>\n","protected":false},"author":2,"featured_media":27756,"comment_status":"open","ping_status":"open","sticky":false,"template":"","format":"standard","meta":{"_jetpack_memberships_contains_paid_content":false,"footnotes":"","jetpack_publicize_message":"","jetpack_publicize_feature_enabled":true,"jetpack_social_post_already_shared":true,"jetpack_social_options":{"image_generator_settings":{"template":"highway","default_image_id":0,"font":"","enabled":false},"version":2},"_wpas_customize_per_network":false},"categories":[405],"tags":[],"class_list":["post-27755","post","type-post","status-publish","format-standard","has-post-thumbnail","hentry","category-actu-france-monde"],"jetpack_publicize_connections":[],"jetpack_featured_media_url":"https:\/\/i0.wp.com\/www.iceagetv.com\/radiosite\/wp-content\/uploads\/2024\/03\/DZ35PhJM.jpg?fit=680%2C383&ssl=1","jetpack_sharing_enabled":true,"_links":{"self":[{"href":"https:\/\/www.iceagetv.com\/radiosite\/wp-json\/wp\/v2\/posts\/27755","targetHints":{"allow":["GET"]}}],"collection":[{"href":"https:\/\/www.iceagetv.com\/radiosite\/wp-json\/wp\/v2\/posts"}],"about":[{"href":"https:\/\/www.iceagetv.com\/radiosite\/wp-json\/wp\/v2\/types\/post"}],"author":[{"embeddable":true,"href":"https:\/\/www.iceagetv.com\/radiosite\/wp-json\/wp\/v2\/users\/2"}],"replies":[{"embeddable":true,"href":"https:\/\/www.iceagetv.com\/radiosite\/wp-json\/wp\/v2\/comments?post=27755"}],"version-history":[{"count":1,"href":"https:\/\/www.iceagetv.com\/radiosite\/wp-json\/wp\/v2\/posts\/27755\/revisions"}],"predecessor-version":[{"id":27757,"href":"https:\/\/www.iceagetv.com\/radiosite\/wp-json\/wp\/v2\/posts\/27755\/revisions\/27757"}],"wp:featuredmedia":[{"embeddable":true,"href":"https:\/\/www.iceagetv.com\/radiosite\/wp-json\/wp\/v2\/media\/27756"}],"wp:attachment":[{"href":"https:\/\/www.iceagetv.com\/radiosite\/wp-json\/wp\/v2\/media?parent=27755"}],"wp:term":[{"taxonomy":"category","embeddable":true,"href":"https:\/\/www.iceagetv.com\/radiosite\/wp-json\/wp\/v2\/categories?post=27755"},{"taxonomy":"post_tag","embeddable":true,"href":"https:\/\/www.iceagetv.com\/radiosite\/wp-json\/wp\/v2\/tags?post=27755"}],"curies":[{"name":"wp","href":"https:\/\/api.w.org\/{rel}","templated":true}]}}