{"id":27758,"date":"2024-04-01T08:05:59","date_gmt":"2024-04-01T08:05:59","guid":{"rendered":"https:\/\/www.iceagetv.com\/radiosite\/?p=27758"},"modified":"2024-04-01T08:05:59","modified_gmt":"2024-04-01T08:05:59","slug":"fin-de-la-vignette-verte-comment-verifier-que-vous-figurez-bien-sur-le-fichier-des-vehicules-assures","status":"publish","type":"post","link":"https:\/\/www.iceagetv.com\/radiosite\/fin-de-la-vignette-verte-comment-verifier-que-vous-figurez-bien-sur-le-fichier-des-vehicules-assures\/","title":{"rendered":"Fin de la vignette verte\u00a0: comment v\u00e9rifier que vous figurez bien sur le fichier des v\u00e9hicules assur\u00e9s\u00a0?"},"content":{"rendered":"\n<p class=\"\">La\u00a0<a href=\"https:\/\/www.lardennais.fr\/id579654\/article\/2024-03-15\/la-vignette-verte-de-lassurance-auto-disparait-le-1er-avril-quest-ce-que-ca\" target=\"_blank\" rel=\"noreferrer noopener\">vignette verte sur le pare-brise<\/a>\u00a0de votre voiture, c\u2019est de l\u2019histoire ancienne. Depuis ce lundi 1er avril, la vignette auto et son justificatif sont d\u00e9mat\u00e9rialis\u00e9s pour tous les v\u00e9hicules immatricul\u00e9s en FranceLors d\u2019un contr\u00f4le, les conducteurs n\u2019auront ainsi plus \u00e0 montrer la carte verte,\u00a0<em>\u00ab\u00a0la preuve de l\u2019assurance sera rapport\u00e9e par la consultation du Fichier des v\u00e9hicules assur\u00e9s\u00a0\u00bb<\/em>, explique\u00a0<a href=\"https:\/\/www.economie.gouv.fr\/actualites\/assurance-automobile-suppression-carte-verte-avril-2024\" target=\"_blank\" rel=\"noreferrer noopener\">le minist\u00e8re de l\u2019\u00c9conomie et des finances<\/a>. \u00ab<em>\u00a0Les forces de l\u2019ordre v\u00e9rifieront, avec le num\u00e9ro d\u2019immatriculation, dans ce fichier\u00a0\u00bb<\/em>, d\u00e9taille le minist\u00e8re de l\u2019int\u00e9rieur.Lors d\u2019un contr\u00f4le, les conducteurs n\u2019auront ainsi plus \u00e0 montrer la carte verte,\u00a0<em>\u00ab\u00a0la preuve de l\u2019assurance sera rapport\u00e9e par la consultation du Fichier des v\u00e9hicules assur\u00e9s\u00a0\u00bb<\/em>, explique\u00a0<a href=\"https:\/\/www.economie.gouv.fr\/actualites\/assurance-automobile-suppression-carte-verte-avril-2024\" target=\"_blank\" rel=\"noreferrer noopener\">le minist\u00e8re de l\u2019\u00c9conomie et des finances<\/a>. \u00ab<em>\u00a0Les forces de l\u2019ordre v\u00e9rifieront, avec le num\u00e9ro d\u2019immatriculation, dans ce fichier\u00a0\u00bb<\/em>, d\u00e9taille le minist\u00e8re de l\u2019int\u00e9rieur.<\/p>\n\n\n\n<h2 class=\"wp-block-heading\">V\u00e9rification en deux clics<\/h2>\n\n\n\n<p class=\"\">Le site&nbsp;<a href=\"https:\/\/www.consultation-fva.fr\/\" target=\"_blank\" rel=\"noreferrer noopener\">consultation-fva.fr<\/a>&nbsp;permet de savoir si vous figurez bien dans ce fichier.&nbsp;<strong>Il suffit de saisir le num\u00e9ro d\u2019immatriculation ainsi que le num\u00e9ro de formule de la carte grise<\/strong>. Si votre v\u00e9hicule n\u2019appara\u00eet pas dans le FVA, il faudra alors r\u00e9gulariser cette situation en vous rapprochant de votre assureur, expliquent nos confr\u00e8res de&nbsp;<a href=\"https:\/\/www.lavoixdunord.fr\/1440545\/article\/2024-03-14\/fin-de-la-carte-verte-voici-comment-verifier-que-vous-etes-dans-le-fichier-des\" target=\"_blank\" rel=\"noreferrer noopener\">La Voix du Nord<\/a>.<\/p>\n","protected":false},"excerpt":{"rendered":"<p>La\u00a0vignette verte sur le pare-brise\u00a0de votre voiture, c\u2019est de l\u2019histoire ancienne. Depuis ce lundi 1er avril, la vignette auto et son justificatif sont d\u00e9mat\u00e9rialis\u00e9s pour tous les v\u00e9hicules immatricul\u00e9s en FranceLors d\u2019un contr\u00f4le, les conducteurs n\u2019auront ainsi plus \u00e0 montrer la carte verte,\u00a0\u00ab\u00a0la preuve de l\u2019assurance sera rapport\u00e9e par la consultation du Fichier des v\u00e9hicules [&hellip;]<\/p>\n","protected":false},"author":2,"featured_media":27759,"comment_status":"open","ping_status":"open","sticky":false,"template":"","format":"standard","meta":{"_jetpack_memberships_contains_paid_content":false,"footnotes":"","jetpack_publicize_message":"","jetpack_publicize_feature_enabled":true,"jetpack_social_post_already_shared":true,"jetpack_social_options":{"image_generator_settings":{"template":"highway","default_image_id":0,"font":"","enabled":false},"version":2},"_wpas_customize_per_network":false},"categories":[405],"tags":[],"class_list":["post-27758","post","type-post","status-publish","format-standard","has-post-thumbnail","hentry","category-actu-france-monde"],"jetpack_publicize_connections":[],"jetpack_featured_media_url":"https:\/\/i0.wp.com\/www.iceagetv.com\/radiosite\/wp-content\/uploads\/2024\/04\/15113127.jpeg?fit=1124%2C632&ssl=1","jetpack_sharing_enabled":true,"_links":{"self":[{"href":"https:\/\/www.iceagetv.com\/radiosite\/wp-json\/wp\/v2\/posts\/27758","targetHints":{"allow":["GET"]}}],"collection":[{"href":"https:\/\/www.iceagetv.com\/radiosite\/wp-json\/wp\/v2\/posts"}],"about":[{"href":"https:\/\/www.iceagetv.com\/radiosite\/wp-json\/wp\/v2\/types\/post"}],"author":[{"embeddable":true,"href":"https:\/\/www.iceagetv.com\/radiosite\/wp-json\/wp\/v2\/users\/2"}],"replies":[{"embeddable":true,"href":"https:\/\/www.iceagetv.com\/radiosite\/wp-json\/wp\/v2\/comments?post=27758"}],"version-history":[{"count":1,"href":"https:\/\/www.iceagetv.com\/radiosite\/wp-json\/wp\/v2\/posts\/27758\/revisions"}],"predecessor-version":[{"id":27760,"href":"https:\/\/www.iceagetv.com\/radiosite\/wp-json\/wp\/v2\/posts\/27758\/revisions\/27760"}],"wp:featuredmedia":[{"embeddable":true,"href":"https:\/\/www.iceagetv.com\/radiosite\/wp-json\/wp\/v2\/media\/27759"}],"wp:attachment":[{"href":"https:\/\/www.iceagetv.com\/radiosite\/wp-json\/wp\/v2\/media?parent=27758"}],"wp:term":[{"taxonomy":"category","embeddable":true,"href":"https:\/\/www.iceagetv.com\/radiosite\/wp-json\/wp\/v2\/categories?post=27758"},{"taxonomy":"post_tag","embeddable":true,"href":"https:\/\/www.iceagetv.com\/radiosite\/wp-json\/wp\/v2\/tags?post=27758"}],"curies":[{"name":"wp","href":"https:\/\/api.w.org\/{rel}","templated":true}]}}