{"id":27761,"date":"2024-04-01T09:58:52","date_gmt":"2024-04-01T09:58:52","guid":{"rendered":"https:\/\/www.iceagetv.com\/radiosite\/?p=27761"},"modified":"2024-04-01T09:58:52","modified_gmt":"2024-04-01T09:58:52","slug":"lundi-de-paques-aujourdhui-cest-ferie-mais-pourquoi-ne-travaille-t-on-pas-ce-jour-la","status":"publish","type":"post","link":"https:\/\/www.iceagetv.com\/radiosite\/lundi-de-paques-aujourdhui-cest-ferie-mais-pourquoi-ne-travaille-t-on-pas-ce-jour-la\/","title":{"rendered":"Lundi de P\u00e2ques : aujourd&rsquo;hui, c&rsquo;est f\u00e9ri\u00e9, mais pourquoi ne travaille-t-on pas ce jour-l\u00e0"},"content":{"rendered":"\n<p class=\"\">Au lendemain du jour du P\u00e2ques, le lundi de P\u00e2ques prolonge les festivit\u00e9s. Mais pourquoi ce jour est-il f\u00e9ri\u00e9 ?<\/p>\n\n\n\n<p class=\"\">Mais c\u2019est aussi aujourd\u2019hui que tombe le lundi de P\u00e2ques, qui survient le lendemain du&nbsp;<a href=\"https:\/\/actu.fr\/societe\/en-2024-paques-tombe-le-dimanche-31-mars-mais-pourquoi-la-date-change-tous-les-ans_60606890.html\">jour de P\u00e2ques, qui avait lieu ce dimanche 31 mars<\/a>&nbsp;cette ann\u00e9e.&nbsp; Et ce jour, traditionnellement, est f\u00e9ri\u00e9. Si vous vous demandez pourquoi, on vous explique.<\/p>\n\n\n\n<h2 class=\"wp-block-heading\">\u00ab&nbsp;Se consacrer pleinement \u00e0 la religion&nbsp;\u00bb<\/h2>\n\n\n\n<p class=\"\">D\u2019abord, rappelons que\u00a0<a href=\"https:\/\/actu.fr\/societe\/ce-dimanche-c-est-paques-mais-quelle-est-l-origine-de-cette-fete-la-plus-importante-des-chretiens_60881528.html\">la f\u00eate de P\u00e2ques,<\/a>\u00a0l\u2019une des plus importantes chez les chr\u00e9tiens apr\u00e8s No\u00ebl, c\u00e9l\u00e8bre la fin des 40 jours du Car\u00eame, p\u00e9riode de je\u00fbne et de recueillement pour les pratiquants. Le dimanche de P\u00e2ques comm\u00e9more, plus particuli\u00e8rement, la r\u00e9surrection de J\u00e9sus-Christ.<\/p>\n\n\n\n<p class=\"\">Initialement,&nbsp;<strong>toute la semaine<\/strong>&nbsp;qui suivait le dimanche de P\u00e2ques \u00e9tait f\u00e9ri\u00e9e. Elle est aussi appel\u00e9e \u00ab Octave de P\u00e2ques \u00bb. Instaur\u00e9e par Constantin I\u1d49\u02b3, cette semaine servait aux nombreux baptis\u00e9s pendant la nuit de P\u00e2ques, qui pouvaient se consacrer pleinement \u00e0 la religion, souligne Nadine Cretin, anthropologue et historienne des f\u00eates,&nbsp;<a href=\"https:\/\/actu.fr\/societe\/en-2024-paques-tombe-le-dimanche-31-mars-mais-pourquoi-la-date-change-tous-les-ans_60606890.html\">contact\u00e9e par&nbsp;<em>actu.fr.<\/em><\/a><\/p>\n\n\n\n<p class=\"\">Pri\u00e8res, chants, port du v\u00eatement blanc\u2026 cette semaine permettait aussi \u00e0 certains de partir en p\u00e8lerinage \u00e0 Rome.<\/p>\n\n\n\n<h2 class=\"wp-block-heading\">Seul le lundi est rest\u00e9 f\u00e9ri\u00e9<\/h2>\n\n\n\n<p class=\"\">Et historiquement, ces jours \u00e9taient consacr\u00e9s au repos et \u00e0 la r\u00e9flexion, apr\u00e8s la fin de la semaine Sainte, pendant laquelle les pratiquants je\u00fbnaient (et je\u00fbnent encore pour certains) et priaient intens\u00e9ment.&nbsp;<\/p>\n\n\n\n<p class=\"\">Mais en 1802, \u00e0 la suite de la signature du Concordat par Napol\u00e9on, les pratiques de l\u2019\u00c9glise catholique \u00e9taient d\u00e9sormais sous sa tutelle. Ce dernier d\u00e9cida de revoir \u00e0 la baisse le nombre de jours f\u00e9ri\u00e9s (50 \u00e0 l\u2019\u00e9poque) et&nbsp;seul le lundi suivant le dimanche&nbsp;de P\u00e2ques resta f\u00e9ri\u00e9.&nbsp;<\/p>\n","protected":false},"excerpt":{"rendered":"<p>Au lendemain du jour du P\u00e2ques, le lundi de P\u00e2ques prolonge les festivit\u00e9s. Mais pourquoi ce jour est-il f\u00e9ri\u00e9 ? Mais c\u2019est aussi aujourd\u2019hui que tombe le lundi de P\u00e2ques, qui survient le lendemain du&nbsp;jour de P\u00e2ques, qui avait lieu ce dimanche 31 mars&nbsp;cette ann\u00e9e.&nbsp; Et ce jour, traditionnellement, est f\u00e9ri\u00e9. Si vous vous demandez [&hellip;]<\/p>\n","protected":false},"author":2,"featured_media":27762,"comment_status":"open","ping_status":"open","sticky":false,"template":"","format":"standard","meta":{"_jetpack_memberships_contains_paid_content":false,"footnotes":"","jetpack_publicize_message":"","jetpack_publicize_feature_enabled":true,"jetpack_social_post_already_shared":true,"jetpack_social_options":{"image_generator_settings":{"template":"highway","default_image_id":0,"font":"","enabled":false},"version":2},"_wpas_customize_per_network":false},"categories":[68],"tags":[],"class_list":["post-27761","post","type-post","status-publish","format-standard","has-post-thumbnail","hentry","category-actu-culturelle"],"jetpack_publicize_connections":[],"jetpack_featured_media_url":"https:\/\/i0.wp.com\/www.iceagetv.com\/radiosite\/wp-content\/uploads\/2024\/04\/Screenshot_20240401_115747.jpg?fit=889%2C602&ssl=1","jetpack_sharing_enabled":true,"_links":{"self":[{"href":"https:\/\/www.iceagetv.com\/radiosite\/wp-json\/wp\/v2\/posts\/27761","targetHints":{"allow":["GET"]}}],"collection":[{"href":"https:\/\/www.iceagetv.com\/radiosite\/wp-json\/wp\/v2\/posts"}],"about":[{"href":"https:\/\/www.iceagetv.com\/radiosite\/wp-json\/wp\/v2\/types\/post"}],"author":[{"embeddable":true,"href":"https:\/\/www.iceagetv.com\/radiosite\/wp-json\/wp\/v2\/users\/2"}],"replies":[{"embeddable":true,"href":"https:\/\/www.iceagetv.com\/radiosite\/wp-json\/wp\/v2\/comments?post=27761"}],"version-history":[{"count":1,"href":"https:\/\/www.iceagetv.com\/radiosite\/wp-json\/wp\/v2\/posts\/27761\/revisions"}],"predecessor-version":[{"id":27763,"href":"https:\/\/www.iceagetv.com\/radiosite\/wp-json\/wp\/v2\/posts\/27761\/revisions\/27763"}],"wp:featuredmedia":[{"embeddable":true,"href":"https:\/\/www.iceagetv.com\/radiosite\/wp-json\/wp\/v2\/media\/27762"}],"wp:attachment":[{"href":"https:\/\/www.iceagetv.com\/radiosite\/wp-json\/wp\/v2\/media?parent=27761"}],"wp:term":[{"taxonomy":"category","embeddable":true,"href":"https:\/\/www.iceagetv.com\/radiosite\/wp-json\/wp\/v2\/categories?post=27761"},{"taxonomy":"post_tag","embeddable":true,"href":"https:\/\/www.iceagetv.com\/radiosite\/wp-json\/wp\/v2\/tags?post=27761"}],"curies":[{"name":"wp","href":"https:\/\/api.w.org\/{rel}","templated":true}]}}