{"id":27768,"date":"2024-04-02T11:36:14","date_gmt":"2024-04-02T11:36:14","guid":{"rendered":"https:\/\/www.iceagetv.com\/radiosite\/?p=27768"},"modified":"2024-04-02T11:36:14","modified_gmt":"2024-04-02T11:36:14","slug":"finlande-un-enfant-mort-et-deux-autres-gravement-blesses-par-des-tirs-dans-une-ecole-de-vantaa-au-nord-dhelsinki-un-jeune-de-12-ans-a-ete-arrete","status":"publish","type":"post","link":"https:\/\/www.iceagetv.com\/radiosite\/finlande-un-enfant-mort-et-deux-autres-gravement-blesses-par-des-tirs-dans-une-ecole-de-vantaa-au-nord-dhelsinki-un-jeune-de-12-ans-a-ete-arrete\/","title":{"rendered":"Finlande: Un enfant mort et deux autres gravement bless\u00e9s par des tirs dans une \u00e9cole de Vantaa, au nord d\u2019Helsinki &#8211; Un jeune de 12 ans a \u00e9t\u00e9 arr\u00eat\u00e9"},"content":{"rendered":"\n<p class=\"\">Un jeune de douze ans a ouvert le feu et tu\u00e9 un enfant de son \u00e9cole \u00e0 Vantaa, au nord d\u2019Helsinki, blessant gravement deux autres enfants, a annonc\u00e9 la police finlandaise. La police a annonc\u00e9 avoir \u00e9t\u00e9 d\u00e9p\u00each\u00e9e sur les lieux peu apr\u00e8s 09H00 locales (06H00 GMT) dans cette \u00e9cole qui accueille 800 \u00e9l\u00e8ves de 7 \u00e0 15 ans, r\u00e9partis sur deux sites, et le suspect a \u00e9t\u00e9 appr\u00e9hend\u00e9 vers 10H00 \u00e0 Helsinki.<\/p>\n\n\n\n<p class=\"\">\u00ab Aujourd\u2019hui, apr\u00e8s 9 heures, une fusillade a eu lieu \u00e0 l\u2019\u00e9cole \u00e9l\u00e9mentaire Viertola de Vantaa (..) au cours de laquelle un \u00e9l\u00e8ve de 6e ann\u00e9e de l\u2019\u00e9cole est d\u00e9c\u00e9d\u00e9 \u00bb, a dit Ilkka Koskim\u00e4ki, un responsable de la police lors d\u2019une conf\u00e9rence de presse. Il a \u00e9t\u00e9 tu\u00e9 sur le coup.<\/p>\n\n\n\n<p class=\"\">\u00ab Deux enfants ont \u00e9galement \u00e9t\u00e9 gravement bless\u00e9s \u00bb, a-t-il ajout\u00e9. L\u2019arrestation du jeune suspect, scolaris\u00e9 dans la m\u00eame \u00e9cole, \u00ab s\u2019est d\u00e9roul\u00e9e dans le calme \u00bb et il \u00e9tait en possession d\u2019une arme \u00e0 feu, selon les policiers. Une enqu\u00eate a \u00e9t\u00e9 ouverte pour meurtre et tentative de meurtre.<\/p>\n\n\n\n<p class=\"\">Ce jeune ne sera pas incarc\u00e9r\u00e9 car il a moins de 15 ans, a pr\u00e9cis\u00e9 Markku S\u00e4rkk\u00e4, autre responsable de la police. Il sera remis aux services sociaux apr\u00e8s son interrogatoire. Une vid\u00e9o, diffus\u00e9e par le quotidien Iltalehti et pr\u00e9sent\u00e9e comme l\u2019arrestation du suspect, montre deux policiers maintenant au sol une personne allong\u00e9e sur le ventre. Un t\u00e9moin a dit au quotidien que les tirs avaient r\u00e9sonn\u00e9 dans la cour.<\/p>\n\n\n\n<p class=\"\">\u00ab Dans un premier temps, je n\u2019ai pas compris qu\u2019il s\u2019agissait d\u2019une arme. Il y a ensuite eu un cri terrible et des enfants ont couru dans la cour \u00bb, a-t-il dit. Un parent, Janne Savolainen, a racont\u00e9 avoir \u00e9t\u00e9 en contact avec sa fille pendant que les classes \u00e9taient confin\u00e9es. \u00ab Elle a pu m\u2019envoyer des messages WhatsApp, disant qu\u2019ils \u00e9taient assis par terre et attendaient les consignes des instituteurs \u00bb, a-t-il racont\u00e9 \u00e0 l\u2019AFP.<\/p>\n\n\n\n<p class=\"\">Les \u00e9l\u00e8ves ont \u00e9t\u00e9 gard\u00e9s toute la matin\u00e9e dans leur classe et les parents ont rapidement afflu\u00e9 en nombre devant l\u2019\u00e9cole. Peu apr\u00e8s midi, la police a commenc\u00e9 \u00e0 laisser entrer les parents pour qu\u2019ils retrouvent leurs enfants, selon un correspondant de l\u2019AFP sur place.<\/p>\n","protected":false},"excerpt":{"rendered":"<p>Un jeune de douze ans a ouvert le feu et tu\u00e9 un enfant de son \u00e9cole \u00e0 Vantaa, au nord d\u2019Helsinki, blessant gravement deux autres enfants, a annonc\u00e9 la police finlandaise. La police a annonc\u00e9 avoir \u00e9t\u00e9 d\u00e9p\u00each\u00e9e sur les lieux peu apr\u00e8s 09H00 locales (06H00 GMT) dans cette \u00e9cole qui accueille 800 \u00e9l\u00e8ves de [&hellip;]<\/p>\n","protected":false},"author":2,"featured_media":27769,"comment_status":"open","ping_status":"open","sticky":false,"template":"","format":"standard","meta":{"_jetpack_memberships_contains_paid_content":false,"footnotes":"","jetpack_publicize_message":"","jetpack_publicize_feature_enabled":true,"jetpack_social_post_already_shared":true,"jetpack_social_options":{"image_generator_settings":{"template":"highway","default_image_id":0,"font":"","enabled":false},"version":2},"_wpas_customize_per_network":false},"categories":[405],"tags":[],"class_list":["post-27768","post","type-post","status-publish","format-standard","has-post-thumbnail","hentry","category-actu-france-monde"],"jetpack_publicize_connections":[],"jetpack_featured_media_url":"https:\/\/i0.wp.com\/www.iceagetv.com\/radiosite\/wp-content\/uploads\/2024\/04\/XCvuDMUq.jpg?fit=679%2C293&ssl=1","jetpack_sharing_enabled":true,"_links":{"self":[{"href":"https:\/\/www.iceagetv.com\/radiosite\/wp-json\/wp\/v2\/posts\/27768","targetHints":{"allow":["GET"]}}],"collection":[{"href":"https:\/\/www.iceagetv.com\/radiosite\/wp-json\/wp\/v2\/posts"}],"about":[{"href":"https:\/\/www.iceagetv.com\/radiosite\/wp-json\/wp\/v2\/types\/post"}],"author":[{"embeddable":true,"href":"https:\/\/www.iceagetv.com\/radiosite\/wp-json\/wp\/v2\/users\/2"}],"replies":[{"embeddable":true,"href":"https:\/\/www.iceagetv.com\/radiosite\/wp-json\/wp\/v2\/comments?post=27768"}],"version-history":[{"count":1,"href":"https:\/\/www.iceagetv.com\/radiosite\/wp-json\/wp\/v2\/posts\/27768\/revisions"}],"predecessor-version":[{"id":27770,"href":"https:\/\/www.iceagetv.com\/radiosite\/wp-json\/wp\/v2\/posts\/27768\/revisions\/27770"}],"wp:featuredmedia":[{"embeddable":true,"href":"https:\/\/www.iceagetv.com\/radiosite\/wp-json\/wp\/v2\/media\/27769"}],"wp:attachment":[{"href":"https:\/\/www.iceagetv.com\/radiosite\/wp-json\/wp\/v2\/media?parent=27768"}],"wp:term":[{"taxonomy":"category","embeddable":true,"href":"https:\/\/www.iceagetv.com\/radiosite\/wp-json\/wp\/v2\/categories?post=27768"},{"taxonomy":"post_tag","embeddable":true,"href":"https:\/\/www.iceagetv.com\/radiosite\/wp-json\/wp\/v2\/tags?post=27768"}],"curies":[{"name":"wp","href":"https:\/\/api.w.org\/{rel}","templated":true}]}}