{"id":27771,"date":"2024-04-02T15:31:22","date_gmt":"2024-04-02T15:31:22","guid":{"rendered":"https:\/\/www.iceagetv.com\/radiosite\/?p=27771"},"modified":"2024-04-02T15:31:22","modified_gmt":"2024-04-02T15:31:22","slug":"lex-dirigeant-deelv-julien-bayou-mis-en-cause-par-son-ex-compagne-a-demissionne-du-parti-et-de-son-groupe-a-lassemblee","status":"publish","type":"post","link":"https:\/\/www.iceagetv.com\/radiosite\/lex-dirigeant-deelv-julien-bayou-mis-en-cause-par-son-ex-compagne-a-demissionne-du-parti-et-de-son-groupe-a-lassemblee\/","title":{"rendered":"L&rsquo;ex-dirigeant d&rsquo;EELV Julien Bayou, mis en cause par son ex-compagne, a d\u00e9missionn\u00e9 du parti et de son groupe \u00e0 l&rsquo;Assembl\u00e9e"},"content":{"rendered":"\n<p class=\"\"><strong>L&rsquo;ex-dirigeant d&rsquo;Europe \u00c9cologie Les Verts Julien Bayou, mis en cause par son ex-compagne, a d\u00e9missionn\u00e9 du parti et de son groupe \u00e0 l&rsquo;Assembl\u00e9e nationale, annonce son parti. EELV avait annonc\u00e9 un peu plus t\u00f4t l&rsquo;ouverture d&rsquo;une enqu\u00eate externe par un cabinet sp\u00e9cialiste des violences sexistes et sexuelles, \u00ab\u00a0dot\u00e9 de comp\u00e9tences juridiques\u00a0\u00bb.<\/strong><\/p>\n\n\n\n<p class=\"\">L&rsquo;ex-dirigeant \u00e9cologiste&nbsp;<a href=\"https:\/\/www.europe1.fr\/politique\/affaire-bayou-des-ex-compagnes-evoquent-des-violences-psychologiques-4143366\">Julien&nbsp;Bayou<\/a>, mis en cause par son ex-compagne pour \u00ab\u00a0violences psychologiques\u00a0\u00bb, a d\u00e9missionn\u00e9 d&rsquo;Europe Ecologie-Les Verts (EELV) et de son groupe \u00e0 l&rsquo;Assembl\u00e9e, a appris l&rsquo;AFP mardi aupr\u00e8s du parti, confirmant une information de&nbsp;<a href=\"https:\/\/www.francetvinfo.fr\/politique\/julien-bayou\/accusations-de-violences-psychologiques-le-depute-eelv-julien-bayou-a-demissionne-du-groupe-ecologiste-a-l-assemblee-nationale_6462428.html\">franceinfo<\/a>.&nbsp;Le d\u00e9put\u00e9 de 43 ans,&nbsp;<a href=\"https:\/\/www.europe1.fr\/politique\/accuse-de-violences-psychologiques-sur-son-ex-compagne-julien-bayou-se-met-en-retrait-deelv-pour-se-defendre-4234595\">qui s&rsquo;est mis en retrait depuis une plainte d\u00e9pos\u00e9e par son ex-compagne d\u00e9but mars<\/a>, a annonc\u00e9 qu&rsquo;il quittait le parti et le groupe dans un mail.<\/p>\n\n\n\n<p class=\"\"><a href=\"https:\/\/www.europe1.fr\/Universit%C3%A9s%20des%20ruralit%C3%A9s%20%C3%A9cologistes%20:%20EELV%20lance%20une%20op%C3%A9ration%20s%C3%A9duction%20pour%20les%20agriculteurs\">EELV<\/a>\u00a0avait annonc\u00e9 un peu plus t\u00f4t l&rsquo;ouverture d&rsquo;une enqu\u00eate externe par un cabinet sp\u00e9cialiste des violences sexistes et sexuelles, \u00ab\u00a0dot\u00e9 de comp\u00e9tences juridiques\u00a0\u00bb, afin \u00ab\u00a0d&rsquo;\u00e9tablir un rapport\u00a0\u00bb.\u00a0Cette enqu\u00eate est \u00ab\u00a0la goutte d&rsquo;eau\u00a0\u00bb de trop, alors que Julien\u00a0Bayou\u00a0\u00ab\u00a0s&rsquo;est d\u00e9j\u00e0 soumis \u00e0 une enqu\u00eate interne\u00a0\u00bb et va \u00eatre entendu par la justice, a d\u00e9nonc\u00e9 son entourage.\u00a0\u00ab\u00a0Il s&rsquo;\u00e9tait mis en retrait, esp\u00e9rait pouvoir se d\u00e9fendre devant la justice\u00a0\u00bb et ensuite pouvoir revenir blanchi. \u00ab\u00a0Il comprend qu&rsquo;il ne sera pas r\u00e9int\u00e9gr\u00e9\u00a0\u00bb, a-t-on ajout\u00e9.<\/p>\n\n\n\n<h2 class=\"wp-block-heading\">Suspendu depuis le 7 mars&nbsp;<\/h2>\n\n\n\n<p class=\"\">Du c\u00f4t\u00e9 de la direction du parti, on met en avant, dans un message interne, la n\u00e9cessit\u00e9 \u00ab\u00a0d&rsquo;objectiver les choses et de permettre aux personnes qui n&rsquo;auraient pas parl\u00e9 jusqu&rsquo;\u00e0 pr\u00e9sent\u00a0\u00bb de s&rsquo;exprimer.&nbsp;D\u00e8s le d\u00e9p\u00f4t de plainte de son ex-compagne et suite \u00ab\u00a0\u00e0 diverses informations en notre possession\u00a0\u00bb, le bureau ex\u00e9cutif du parti avait d\u00e9cid\u00e9 le 7 mars de suspendre Julien&nbsp;Bayou&nbsp;\u00e0 titre conservatoire, a-t-on ajout\u00e9.<\/p>\n\n\n\n<p class=\"\">Concernant une \u00e9ventuelle expulsion d\u00e9finitive, le conseil politique r\u00e9gional d&rsquo;Ile-de-France d&rsquo;EELV, dont d\u00e9pend le d\u00e9put\u00e9 de Paris, devait se prononcer le 27 avril.&nbsp;La patronne des \u00e9cologistes&nbsp;<a href=\"https:\/\/www.europe1.fr\/politique\/journees-dete-deelv-marine-tondelier-assume-la-responsabilite-de-la-venue-de-medine-4199946\">Marine Tondelier<\/a>&nbsp;a assur\u00e9 \u00e0 l&rsquo;AFP que le but de la nouvelle enqu\u00eate diligent\u00e9e \u00e0 l&rsquo;encontre de Julien&nbsp;Bayou&nbsp;\u00ab\u00a0n&rsquo;est pas de l&rsquo;accabler\u00a0\u00bb mais d&rsquo;avoir \u00ab\u00a0des faits objectifs\u00a0\u00bb.&nbsp;Elle explique, dans un autre message aux adh\u00e9rents, avoir \u00ab\u00a0re\u00e7u, depuis la suspension de Julien, plusieurs nouveaux t\u00e9moignages de comportements inadapt\u00e9s\u00a0\u00bb.<\/p>\n","protected":false},"excerpt":{"rendered":"<p>L&rsquo;ex-dirigeant d&rsquo;Europe \u00c9cologie Les Verts Julien Bayou, mis en cause par son ex-compagne, a d\u00e9missionn\u00e9 du parti et de son groupe \u00e0 l&rsquo;Assembl\u00e9e nationale, annonce son parti. EELV avait annonc\u00e9 un peu plus t\u00f4t l&rsquo;ouverture d&rsquo;une enqu\u00eate externe par un cabinet sp\u00e9cialiste des violences sexistes et sexuelles, \u00ab\u00a0dot\u00e9 de comp\u00e9tences juridiques\u00a0\u00bb. L&rsquo;ex-dirigeant \u00e9cologiste&nbsp;Julien&nbsp;Bayou, mis en [&hellip;]<\/p>\n","protected":false},"author":2,"featured_media":27772,"comment_status":"open","ping_status":"open","sticky":false,"template":"","format":"standard","meta":{"_jetpack_memberships_contains_paid_content":false,"footnotes":"","jetpack_publicize_message":"","jetpack_publicize_feature_enabled":true,"jetpack_social_post_already_shared":true,"jetpack_social_options":{"image_generator_settings":{"template":"highway","default_image_id":0,"font":"","enabled":false},"version":2},"_wpas_customize_per_network":false},"categories":[405],"tags":[],"class_list":["post-27771","post","type-post","status-publish","format-standard","has-post-thumbnail","hentry","category-actu-france-monde"],"jetpack_publicize_connections":[],"jetpack_featured_media_url":"https:\/\/i0.wp.com\/www.iceagetv.com\/radiosite\/wp-content\/uploads\/2024\/04\/Lex-dirigeant-dEELV-Julien-Bayou-mis-en-cause-par-son-ex-compagne-a-demissionne-du-parti-et-de-son-groupe-a-lAssemblee.jpg?fit=515%2C270&ssl=1","jetpack_sharing_enabled":true,"_links":{"self":[{"href":"https:\/\/www.iceagetv.com\/radiosite\/wp-json\/wp\/v2\/posts\/27771","targetHints":{"allow":["GET"]}}],"collection":[{"href":"https:\/\/www.iceagetv.com\/radiosite\/wp-json\/wp\/v2\/posts"}],"about":[{"href":"https:\/\/www.iceagetv.com\/radiosite\/wp-json\/wp\/v2\/types\/post"}],"author":[{"embeddable":true,"href":"https:\/\/www.iceagetv.com\/radiosite\/wp-json\/wp\/v2\/users\/2"}],"replies":[{"embeddable":true,"href":"https:\/\/www.iceagetv.com\/radiosite\/wp-json\/wp\/v2\/comments?post=27771"}],"version-history":[{"count":1,"href":"https:\/\/www.iceagetv.com\/radiosite\/wp-json\/wp\/v2\/posts\/27771\/revisions"}],"predecessor-version":[{"id":27773,"href":"https:\/\/www.iceagetv.com\/radiosite\/wp-json\/wp\/v2\/posts\/27771\/revisions\/27773"}],"wp:featuredmedia":[{"embeddable":true,"href":"https:\/\/www.iceagetv.com\/radiosite\/wp-json\/wp\/v2\/media\/27772"}],"wp:attachment":[{"href":"https:\/\/www.iceagetv.com\/radiosite\/wp-json\/wp\/v2\/media?parent=27771"}],"wp:term":[{"taxonomy":"category","embeddable":true,"href":"https:\/\/www.iceagetv.com\/radiosite\/wp-json\/wp\/v2\/categories?post=27771"},{"taxonomy":"post_tag","embeddable":true,"href":"https:\/\/www.iceagetv.com\/radiosite\/wp-json\/wp\/v2\/tags?post=27771"}],"curies":[{"name":"wp","href":"https:\/\/api.w.org\/{rel}","templated":true}]}}