{"id":27781,"date":"2024-04-03T11:17:02","date_gmt":"2024-04-03T11:17:02","guid":{"rendered":"https:\/\/www.iceagetv.com\/radiosite\/?p=27781"},"modified":"2024-04-03T11:17:02","modified_gmt":"2024-04-03T11:17:02","slug":"menace-terroriste-aucun-attentat-na-ete-dejoue-le-week-end-de-paques-affirme-lentourage-de-la-porte-parole-du-gouvernement-prisca-thevenot-corrigeant-ses-declarations-de-ce-midi","status":"publish","type":"post","link":"https:\/\/www.iceagetv.com\/radiosite\/menace-terroriste-aucun-attentat-na-ete-dejoue-le-week-end-de-paques-affirme-lentourage-de-la-porte-parole-du-gouvernement-prisca-thevenot-corrigeant-ses-declarations-de-ce-midi\/","title":{"rendered":"Menace terroriste: \u00ab\u00a0Aucun attentat n&rsquo;a \u00e9t\u00e9 d\u00e9jou\u00e9\u00a0\u00bb le week-end de P\u00e2ques, affirme l&rsquo;entourage de la porte-parole du gouvernement Prisca Thevenot, corrigeant ses d\u00e9clarations de ce midi"},"content":{"rendered":"\n<p class=\"\"><strong>Aucun attentat n&rsquo;a \u00e9t\u00e9 d\u00e9jou\u00e9\u00a0\u00bb le week-end de P\u00e2ques, affirme l&rsquo;entourage de Prisca Thevenot, comme le rapporte&nbsp;<\/strong><strong><a href=\"https:\/\/www.europe1.fr\/politique\/aucun-attentat-na-ete-dejoue-le-week-end-de-paques-affirme-lentourage-de-prisca-thevenot-4239448\" target=\"_blank\" rel=\"noreferrer noopener\">Europe 1<\/a>. Un peu plus t\u00f4t, ce midi, la porte-parole du gouvernement affirmait qu&rsquo;u<\/strong><strong>ne \u00ab tentative de passage \u00e0 l\u2019acte \u00bb avait \u00e9t\u00e9 d\u00e9jou\u00e9e pendant le week-end de P\u00e2ques.&nbsp;<\/strong><\/p>\n\n\n\n<p class=\"\">\u00ab Le ministre de l\u2019Int\u00e9rieur (G\u00e9rald Darmanin) avait annonc\u00e9 que les 4.530 \u00e9tablissements de culte, lieux de culte, allaient avoir une vigilance particuli\u00e8re avec 13.500 forces de l\u2019ordre d\u00e9ploy\u00e9es partout sur le territoire \u00bb pour prot\u00e9ger les offices religieux pendant les f\u00eates de P\u00e2ques, a d\u00e9clar\u00e9 Prisca Th\u00e9venot en rendant compte du Conseil des ministres.<\/p>\n\n\n\n<p class=\"\">\u00ab Gr\u00e2ce \u00e0 cette mobilisation, nous avons pu mettre un arr\u00eat \u00e0 une tentative de passage \u00e0 l\u2019acte. Car oui, il y a des tentatives de passages \u00e0 l\u2019acte et gr\u00e2ce \u00e0 la mobilisation de ces hommes et de ces femmes au quotidien, nous pouvons \u00e9viter des drames. Ce passage \u00e0 l\u2019acte a \u00e9t\u00e9 \u00e9vit\u00e9 le week-end dernier \u00bb, a-t-elle ajout\u00e9.<\/p>\n\n\n\n<p class=\"\">Une \u00ab tentative de passage \u00e0 l\u2019acte \u00bb a \u00e9t\u00e9 d\u00e9jou\u00e9e pendant le week-end de P\u00e2ques gr\u00e2ce \u00e0 la \u00ab mobilisation \u00bb des forces de l\u2019ordre renforc\u00e9e en France \u00e0 la suite de l\u2019attentat jihadiste de Moscou, a d\u00e9clar\u00e9 mercredi la porte-parole du gouvernement.<\/p>\n\n\n\n<p class=\"\">Alors que Paris s\u2019appr\u00eate \u00e0 accueillir cet \u00e9t\u00e9 les Jeux olympiques, le dispositif Vigipirate a \u00e9t\u00e9 relev\u00e9 le 24 mars \u00e0 son niveau maximal, \u00ab urgence-attentat \u00bb, deux jours apr\u00e8s l\u2019attaque qui a fait au moins 144 morts dans une salle de concert pr\u00e8s de la capitale russe, revendiqu\u00e9e par le groupe Etat islamique.<\/p>\n\n\n\n<p class=\"\">\u00ab Le ministre de l\u2019Int\u00e9rieur (G\u00e9rald Darmanin) avait annonc\u00e9 que les 4.530 \u00e9tablissements de culte, lieux de culte, allaient avoir une vigilance particuli\u00e8re avec 13.500 forces de l\u2019ordre d\u00e9ploy\u00e9es partout sur le territoire \u00bb pour prot\u00e9ger les offices religieux pendant les f\u00eates de P\u00e2ques, a d\u00e9clar\u00e9 Prisca Th\u00e9venot en rendant compte du Conseil des ministres.<\/p>\n\n\n\n<p class=\"\">\u00ab Gr\u00e2ce \u00e0 cette mobilisation, nous avons pu mettre un arr\u00eat \u00e0 une tentative de passage \u00e0 l\u2019acte. Car oui, il y a des tentatives de passages \u00e0 l\u2019acte et gr\u00e2ce \u00e0 la mobilisation de ces hommes et de ces femmes au quotidien, nous pouvons \u00e9viter des drames. Ce passage \u00e0 l\u2019acte a \u00e9t\u00e9 \u00e9vit\u00e9 le week-end dernier \u00bb, a-t-elle ajout\u00e9.<\/p>\n\n\n\n<p class=\"\">Interrog\u00e9e par les journalistes, la porte-parole n\u2019a pas \u00e9t\u00e9 en mesure de donner des pr\u00e9cisions sur cette tentative de \u00ab passage \u00e0 l\u2019acte \u00bb. Le minist\u00e8re de l\u2019Int\u00e9rieur n\u2019a pas fait de commentaire. Prisca Th\u00e9venot a rappel\u00e9 que \u00ab 45 attentats \u00bb avaient \u00e9t\u00e9 \u00ab d\u00e9jou\u00e9s depuis 2017 \u00bb, selon le bilan du gouvernement. Le Premier ministre Gabriel Attal avait d\u00e9j\u00e0 affirm\u00e9 la semaine derni\u00e8re, avant le week-end de P\u00e2ques, que deux projets d\u2019attentat avaient \u00e9t\u00e9 \u00ab d\u00e9jou\u00e9s \u00bb en France depuis le d\u00e9but de l\u2019ann\u00e9e.<\/p>\n","protected":false},"excerpt":{"rendered":"<p>Aucun attentat n&rsquo;a \u00e9t\u00e9 d\u00e9jou\u00e9\u00a0\u00bb le week-end de P\u00e2ques, affirme l&rsquo;entourage de Prisca Thevenot, comme le rapporte&nbsp;Europe 1. Un peu plus t\u00f4t, ce midi, la porte-parole du gouvernement affirmait qu&rsquo;une \u00ab tentative de passage \u00e0 l\u2019acte \u00bb avait \u00e9t\u00e9 d\u00e9jou\u00e9e pendant le week-end de P\u00e2ques.&nbsp; \u00ab Le ministre de l\u2019Int\u00e9rieur (G\u00e9rald Darmanin) avait annonc\u00e9 que [&hellip;]<\/p>\n","protected":false},"author":2,"featured_media":27782,"comment_status":"open","ping_status":"open","sticky":false,"template":"","format":"standard","meta":{"_jetpack_memberships_contains_paid_content":false,"footnotes":"","jetpack_publicize_message":"","jetpack_publicize_feature_enabled":true,"jetpack_social_post_already_shared":true,"jetpack_social_options":{"image_generator_settings":{"template":"highway","default_image_id":0,"font":"","enabled":false},"version":2},"_wpas_customize_per_network":false},"categories":[405],"tags":[],"class_list":["post-27781","post","type-post","status-publish","format-standard","has-post-thumbnail","hentry","category-actu-france-monde"],"jetpack_publicize_connections":[],"jetpack_featured_media_url":"https:\/\/i0.wp.com\/www.iceagetv.com\/radiosite\/wp-content\/uploads\/2024\/04\/0Sr2QABM.jpg?fit=679%2C293&ssl=1","jetpack_sharing_enabled":true,"_links":{"self":[{"href":"https:\/\/www.iceagetv.com\/radiosite\/wp-json\/wp\/v2\/posts\/27781","targetHints":{"allow":["GET"]}}],"collection":[{"href":"https:\/\/www.iceagetv.com\/radiosite\/wp-json\/wp\/v2\/posts"}],"about":[{"href":"https:\/\/www.iceagetv.com\/radiosite\/wp-json\/wp\/v2\/types\/post"}],"author":[{"embeddable":true,"href":"https:\/\/www.iceagetv.com\/radiosite\/wp-json\/wp\/v2\/users\/2"}],"replies":[{"embeddable":true,"href":"https:\/\/www.iceagetv.com\/radiosite\/wp-json\/wp\/v2\/comments?post=27781"}],"version-history":[{"count":1,"href":"https:\/\/www.iceagetv.com\/radiosite\/wp-json\/wp\/v2\/posts\/27781\/revisions"}],"predecessor-version":[{"id":27783,"href":"https:\/\/www.iceagetv.com\/radiosite\/wp-json\/wp\/v2\/posts\/27781\/revisions\/27783"}],"wp:featuredmedia":[{"embeddable":true,"href":"https:\/\/www.iceagetv.com\/radiosite\/wp-json\/wp\/v2\/media\/27782"}],"wp:attachment":[{"href":"https:\/\/www.iceagetv.com\/radiosite\/wp-json\/wp\/v2\/media?parent=27781"}],"wp:term":[{"taxonomy":"category","embeddable":true,"href":"https:\/\/www.iceagetv.com\/radiosite\/wp-json\/wp\/v2\/categories?post=27781"},{"taxonomy":"post_tag","embeddable":true,"href":"https:\/\/www.iceagetv.com\/radiosite\/wp-json\/wp\/v2\/tags?post=27781"}],"curies":[{"name":"wp","href":"https:\/\/api.w.org\/{rel}","templated":true}]}}