{"id":27785,"date":"2024-04-03T12:35:26","date_gmt":"2024-04-03T12:35:26","guid":{"rendered":"https:\/\/www.iceagetv.com\/radiosite\/?p=27785"},"modified":"2024-04-03T12:35:26","modified_gmt":"2024-04-03T12:35:26","slug":"molieres-2024-voici-la-liste-complete-des-nominations","status":"publish","type":"post","link":"https:\/\/www.iceagetv.com\/radiosite\/molieres-2024-voici-la-liste-complete-des-nominations\/","title":{"rendered":"MOLI\u00c8RES 2024 : VOICI LA LISTE COMPL\u00c8TE DES NOMINATIONS"},"content":{"rendered":"\n<p class=\"\">La 35e Nuit des Moli\u00e8res se tiendra le 6 mai prochain aux Folies Berg\u00e8re. Retransmise sur France 2, la grand-messe du th\u00e9\u00e2tre sera orchestr\u00e9e cette ann\u00e9e par l\u2019humoriste Caroline Vigneaux. Voici la liste compl\u00e8te des pi\u00e8ces qui concourent dans les dix-neuf cat\u00e9gories.<\/p>\n\n\n\n<h2 class=\"wp-block-heading\">MOLI\u00c8RE DU TH\u00c9\u00c2TRE PRIV\u00c9&nbsp;<\/h2>\n\n\n\n<p class=\"\">\u00ab4211 km\u00bb, de et mis en sc\u00e8ne par A\u00efla Navidi<\/p>\n\n\n\n<p class=\"\">\u00abLe cercle des po\u00e8tes disparus\u00bb, adapt\u00e9 par G\u00e9rard Sibleyras<\/p>\n\n\n\n<p class=\"\">\u00abUn chapeau de paille d\u2019Italie\u00bb, d&rsquo;Eug\u00e8ne Labiche<\/p>\n\n\n\n<p class=\"\">\u00abDenali\u00bb, de Nicolas Le Bricquir<\/p>\n\n\n\n<h2 class=\"wp-block-heading\">MOLI\u00c8RE DU TH\u00c9\u00c2TRE PUBLIC&nbsp;<\/h2>\n\n\n\n<p class=\"\">\u00ab40\u00b0 Sous z\u00e9ro\u00bb, de Copi<\/p>\n\n\n\n<p class=\"\">\u00abAllosaurus [m\u00eame rue, m\u00eame cabine]\u00bb, de Jean-Christophe Doll\u00e9<\/p>\n\n\n\n<p class=\"\">\u00abCourgette\u00bb, de Pam\u00e9la Ravassard et Garlan Le Martelot<\/p>\n\n\n\n<p class=\"\">\u00abWelfare\u00bb, de Julie Deliquet<\/p>\n\n\n\n<h2 class=\"wp-block-heading\">MOLI\u00c8RE DE LA COM\u00c9DIE&nbsp;<\/h2>\n\n\n\n<p class=\"\">\u00abC\u2019est pas facile d\u2019\u00eatre heureux quand on va mal\u00bb, de Rudy Milstein<\/p>\n\n\n\n<p class=\"\">\u00abFerme bien ta gueule\u00bb, de Julien Ratel<\/p>\n\n\n\n<p class=\"\">\u00abMondial Placard\u00bb, de C\u00f4me de Bellescize<\/p>\n\n\n\n<p class=\"\">\u00abVid\u00e9o Club\u00bb, de S\u00e9bastien Thi\u00e9ry<\/p>\n\n\n\n<h2 class=\"wp-block-heading\">MOLI\u00c8RE DE LA CR\u00c9ATION VISUELLE ET SONORE&nbsp;<\/h2>\n\n\n\n<p class=\"\">\u00ab40\u00b0 sous z\u00e9ro\u00bb, sc\u00e9nographie Louis Arene, costumes Christian Lacroix, lumi\u00e8re Fran\u00e7ois Menou<\/p>\n\n\n\n<p class=\"\">\u00abLe cercle des po\u00e8tes disparus\u00bb, costumes Chouchane Abello-Tcherpachian, d\u00e9cors Jean-Michel Adam, lumi\u00e8re Denis Koransky<\/p>\n\n\n\n<p class=\"\">\u00abDenali\u00bb, sc\u00e9nographie Juliette Desproges, lumi\u00e8re Maxime Moro<\/p>\n\n\n\n<p class=\"\">\u00abNeige\u00bb, sc\u00e9nographie et d\u00e9cors Emmanuelle Roy, costumes Alice Touvet, lumi\u00e8re Jean-Luc Chanonat<\/p>\n\n\n\n<h2 class=\"wp-block-heading\">MOLI\u00c8RE DU SPECTACLE MUSICAL<\/h2>\n\n\n\n<p class=\"\">\u00abMamma Mia\u00bb, mise en sc\u00e8ne de Phyllida Lloyd<\/p>\n\n\n\n<p class=\"\">\u00abMoli\u00e8re, le spectacle musical\u00bb, mise en sc\u00e8ne de Ladislas Chollat<\/p>\n\n\n\n<p class=\"\">\u00abL\u2019op\u00e9ra de quat\u2019sous\u00bb, mise en sc\u00e8ne de Thomas Ostermeier<\/p>\n\n\n\n<p class=\"\">\u00abSpamalot\u00bb, mise en sc\u00e8ne Pierre-Fran\u00e7ois Martin-Laval<\/p>\n\n\n\n<h2 class=\"wp-block-heading\">MOLI\u00c8RE DE L\u2019HUMOUR&nbsp;<\/h2>\n\n\n\n<p class=\"\">Elodie Poux dans \u00abLe syndrome du papillon\u00bb<\/p>\n\n\n\n<p class=\"\">Fabrice Ebou\u00e9 dans \u00abAdieu Hier\u00bb<\/p>\n\n\n\n<p class=\"\">Pablo Mira dans \u00abPass\u00e9 simple\u00bb<\/p>\n\n\n\n<p class=\"\">Sophia Aram dans \u00abLe monde d\u2019apr\u00e8s\u00bb<\/p>\n\n\n\n<h2 class=\"wp-block-heading\">MOLI\u00c8RE DU JEUNE PUBLIC&nbsp;<\/h2>\n\n\n\n<p class=\"\">\u00abLes aventures de Pinocchio\u00bb, de Olivier Soliv\u00e9r\u00e8s<\/p>\n\n\n\n<p class=\"\">\u00abDenver, le dernier dinosaure\u00bb, d\u2019Arthur Jugnot et Guillaume Bouch\u00e8de<\/p>\n\n\n\n<p class=\"\">\u00abIcare\u00bb, de Guillaume Barbot<\/p>\n\n\n\n<p class=\"\">\u00abNeige\u00bb, de Pauline Bureau<\/p>\n\n\n\n<h2 class=\"wp-block-heading\">MOLI\u00c8RE DU SEUL\/E EN SC\u00c8NE&nbsp;<\/h2>\n\n\n\n<p class=\"\">\u00abLe consentement\u00bb, de Vanessa Springora avec Ludivine Sagnier<\/p>\n\n\n\n<p class=\"\">\u00abLa douleur\u00bb, de et avec Dominique Blanc<\/p>\n\n\n\n<p class=\"\">\u00abKessel, la libert\u00e9 \u00e0 tout prix\u00bb, de Mathieu Rannou avec Franck Desmedt<\/p>\n\n\n\n<p class=\"\">\u00abVa aimer !\u00bb, de et avec Eva Rami<\/p>\n\n\n\n<h2 class=\"wp-block-heading\">MOLI\u00c8RE DU COM\u00c9DIEN &#8211; SPECTACLE DE TH\u00c9\u00c2TRE PUBLIC&nbsp;<\/h2>\n\n\n\n<p class=\"\">Charles Berling dans \u00abApr\u00e8s la r\u00e9p\u00e9tition\/persona\u00bb<\/p>\n\n\n\n<p class=\"\">Laurent Lafitte dans \u00abCyrano de Bergerac\u00bb<\/p>\n\n\n\n<p class=\"\">Micha Lescot dans \u00abRichard II\u00bb<\/p>\n\n\n\n<p class=\"\">Roschdy Zem dans \u00abUne journ\u00e9e particuli\u00e8re\u00bb<\/p>\n\n\n\n<h2 class=\"wp-block-heading\">MOLI\u00c8RE DE LA COM\u00c9DIENNE &#8211; SPECTACLE DE TH\u00c9\u00c2TRE PUBLIC&nbsp;<\/h2>\n\n\n\n<p class=\"\">Emmanuelle Bercot dans \u00abApr\u00e8s la r\u00e9p\u00e9tition\/persona\u00bb<\/p>\n\n\n\n<p class=\"\">Vanessa Cailhol dans \u00abCourgette\u00bb<\/p>\n\n\n\n<p class=\"\">Laetitia Casta dans \u00abUne journ\u00e9e particuli\u00e8re\u00bb<\/p>\n\n\n\n<p class=\"\">Marina Hands dans \u00abLe Silence\u00bb<\/p>\n\n\n\n<h2 class=\"wp-block-heading\">MOLI\u00c8RE DU COM\u00c9DIEN &#8211; SPECTACLE DE TH\u00c9\u00c2TRE PRIV\u00c9&nbsp;<\/h2>\n\n\n\n<p class=\"\">Maxime d\u2019Aboville dans \u00abPauvre Bitos &#8211; le d\u00eener de t\u00eates\u00bb<\/p>\n\n\n\n<p class=\"\">Vincent Dedienne dans \u00abUn chapeau de paille d\u2019Italie\u00bb<\/p>\n\n\n\n<p class=\"\">Thierry Fr\u00e9mont dans \u00abLe repas des fauves\u00bb<\/p>\n\n\n\n<h2 class=\"wp-block-heading\">MOLI\u00c8RE DE LA COM\u00c9DIENNE &#8211; SPECTACLE DE TH\u00c9\u00c2TRE PRIV\u00c9&nbsp;<\/h2>\n\n\n\n<p class=\"\">Pascale Arbillot dans \u00abInterruption\u00bb<\/p>\n\n\n\n<p class=\"\">Ariane Ascaride dans \u00abGis\u00e8le Halimi, une farouche libert\u00e9\u00bb<\/p>\n\n\n\n<p class=\"\">No\u00e9mie Lvovsky dans \u00abVid\u00e9o club\u00bb<\/p>\n\n\n\n<p class=\"\">Cristiana Reali dans \u00abUn tramway nomm\u00e9 d\u00e9sir\u00bb<\/p>\n\n\n\n<h2 class=\"wp-block-heading\">MOLI\u00c8RE DU METTEUR EN SC\u00c8NE &#8211; SPECTACLE DE TH\u00c9\u00c2TRE PUBLIC&nbsp;<\/h2>\n\n\n\n<p class=\"\">Louis Arene pour \u00ab40\u00b0 sous z\u00e9ro\u00bb<\/p>\n\n\n\n<p class=\"\">Christophe Rauck pour \u00abRichard II\u00bb<\/p>\n\n\n\n<p class=\"\">Pamela Ravassard pour \u00abCourgette\u00bb<\/p>\n\n\n\n<p class=\"\">Ivo van Hove pour \u00abApr\u00e8s la r\u00e9p\u00e9tition\/persona\u00bb<\/p>\n\n\n\n<h2 class=\"wp-block-heading\">MOLI\u00c8RE DU METTEUR EN SC\u00c8NE &#8211; SPECTACLE DE TH\u00c9\u00c2TRE PRIV\u00c9<\/h2>\n\n\n\n<p class=\"\">A\u00efla Navidi pour \u00ab4211 km\u00bb<\/p>\n\n\n\n<p class=\"\">Olivier Soliv\u00e9r\u00e8s pour \u00abLe cercle des po\u00e8tes disparus\u00bb<\/p>\n\n\n\n<p class=\"\">Alain Fran\u00e7on pour \u00abUn chapeau de paille d\u2019Italie\u00bb<\/p>\n\n\n\n<p class=\"\">Nicolas Le Bricquir pour \u00abDenali\u00bb<\/p>\n\n\n\n<h2 class=\"wp-block-heading\">MOLI\u00c8RE DE LA R\u00c9V\u00c9LATION F\u00c9MININE&nbsp;<\/h2>\n\n\n\n<p class=\"\">Justine Bachelet dans \u00abApr\u00e8s la r\u00e9p\u00e9tition\/persona\u00bb<\/p>\n\n\n\n<p class=\"\">Nassima Benchicou dans \u00abFreud et la femme de chambre\u00bb<\/p>\n\n\n\n<p class=\"\">Lucie Brunet dans \u00abDenali\u00bb<\/p>\n\n\n\n<p class=\"\">Lila Houel dans \u00abDaddy\u00bb<\/p>\n\n\n\n<p class=\"\">Olivia Pavlou-Graham dans \u00ab4211 km\u00bb<\/p>\n\n\n\n<p class=\"\">Cl\u00e9o S\u00e9nia dans \u00abMusic-Hall Colette\u00bb<\/p>\n\n\n\n<h2 class=\"wp-block-heading\">MOLI\u00c8RE DE LA R\u00c9V\u00c9LATION MASCULINE&nbsp;<\/h2>\n\n\n\n<p class=\"\">Audran Cattin dans \u00abLe cercle des po\u00e8tes disparus\u00bb<\/p>\n\n\n\n<p class=\"\">Martin Karmann dans \u00abJe m\u2019appelle Asher Lev\u00bb<\/p>\n\n\n\n<p class=\"\">Garlan Le Martelot dans \u00abCourgette\u00bb<\/p>\n\n\n\n<p class=\"\">Ethan Oliel dans \u00abLe cercle des po\u00e8tes disparus\u00bb<\/p>\n\n\n\n<p class=\"\">Louis Peres dans \u00abDaddy\u00bb<\/p>\n\n\n\n<p class=\"\">Hey Yuming dans \u00abLes Bonnes\u00bb<\/p>\n\n\n\n<h2 class=\"wp-block-heading\">MOLI\u00c8RE DU COM\u00c9DIEN DANS UN SECOND R\u00d4LE<\/h2>\n\n\n\n<p class=\"\">Lionel Abelanski dans \u00abUn tramway nomm\u00e9 d\u00e9sir\u00bb<\/p>\n\n\n\n<p class=\"\">Guillaume Bouch\u00e8de dans \u00abJe m\u2019appelle Asher Lev\u00bb<\/p>\n\n\n\n<p class=\"\">Florian Choquart dans \u00abCourgette\u00bb<\/p>\n\n\n\n<p class=\"\">Kevin Razy dans \u00abPasseport\u00bb<\/p>\n\n\n\n<p class=\"\">Laurent Stocker dans \u00abCyrano de Bergerac\u00bb<\/p>\n\n\n\n<p class=\"\">Vincent Viotti dans Courgette<\/p>\n\n\n\n<h2 class=\"wp-block-heading\">MOLI\u00c8RE DE LA COM\u00c9DIENNE DANS UN SECOND R\u00d4LE<\/h2>\n\n\n\n<p class=\"\">Jeanne Ar\u00e8nes dans \u00abL\u2019effet miroir\u00bb<\/p>\n\n\n\n<p class=\"\">C\u00e9cile Garcia Fogel dans \u00abRichard II\u00bb<\/p>\n\n\n\n<p class=\"\">Charlotte Matzneff dans \u00abLe huiti\u00e8me ciel\u00bb<\/p>\n\n\n\n<p class=\"\">Alysson Paradis dans \u00abUn tramway nomm\u00e9 d\u00e9sir\u00bb<\/p>\n\n\n\n<p class=\"\">Lola Roskis dans \u00abCourgette\u00bb<\/p>\n\n\n\n<p class=\"\">Josiane Stol\u00e9ru dans \u00abJames Brown mettait des bigoudis\u00bb<\/p>\n\n\n\n<h2 class=\"wp-block-heading\">MOLI\u00c8RE DE L\u2019AUTEUR\/TRICE FRANCOPHONE VIVANT\/E&nbsp;<\/h2>\n\n\n\n<p class=\"\">L\u00e9onore Confino pour \u00abL\u2019effet miroir\u00bb<\/p>\n\n\n\n<p class=\"\">Julie Deliquet pour Welfare\u00bb<\/p>\n\n\n\n<p class=\"\">Jean-Christophe Doll\u00e9 pour \u00abAllosaurus [M\u00eame rue, m\u00eame cabine]\u00bb<\/p>\n\n\n\n<p class=\"\">Rudy Milstein pour \u00abC\u2019est pas facile d\u2019\u00eatre heureux quand on va mal\u00bb<\/p>\n\n\n\n<p class=\"\">A\u00efla Navidi pour \u00ab4211 km\u00bb<\/p>\n\n\n\n<p class=\"\">Yasmina Reza pour \u00abJames Brown mettait des bigoudis\u00bb<\/p>\n","protected":false},"excerpt":{"rendered":"<p>La 35e Nuit des Moli\u00e8res se tiendra le 6 mai prochain aux Folies Berg\u00e8re. Retransmise sur France 2, la grand-messe du th\u00e9\u00e2tre sera orchestr\u00e9e cette ann\u00e9e par l\u2019humoriste Caroline Vigneaux. Voici la liste compl\u00e8te des pi\u00e8ces qui concourent dans les dix-neuf cat\u00e9gories. MOLI\u00c8RE DU TH\u00c9\u00c2TRE PRIV\u00c9&nbsp; \u00ab4211 km\u00bb, de et mis en sc\u00e8ne par A\u00efla [&hellip;]<\/p>\n","protected":false},"author":2,"featured_media":27786,"comment_status":"open","ping_status":"open","sticky":false,"template":"","format":"standard","meta":{"_jetpack_memberships_contains_paid_content":false,"footnotes":"","jetpack_publicize_message":"","jetpack_publicize_feature_enabled":true,"jetpack_social_post_already_shared":true,"jetpack_social_options":{"image_generator_settings":{"template":"highway","default_image_id":0,"font":"","enabled":false},"version":2},"_wpas_customize_per_network":false},"categories":[68],"tags":[],"class_list":["post-27785","post","type-post","status-publish","format-standard","has-post-thumbnail","hentry","category-actu-culturelle"],"jetpack_publicize_connections":[],"jetpack_featured_media_url":"https:\/\/i0.wp.com\/www.iceagetv.com\/radiosite\/wp-content\/uploads\/2024\/04\/MOLIERES-2024.jpg?fit=680%2C452&ssl=1","jetpack_sharing_enabled":true,"_links":{"self":[{"href":"https:\/\/www.iceagetv.com\/radiosite\/wp-json\/wp\/v2\/posts\/27785","targetHints":{"allow":["GET"]}}],"collection":[{"href":"https:\/\/www.iceagetv.com\/radiosite\/wp-json\/wp\/v2\/posts"}],"about":[{"href":"https:\/\/www.iceagetv.com\/radiosite\/wp-json\/wp\/v2\/types\/post"}],"author":[{"embeddable":true,"href":"https:\/\/www.iceagetv.com\/radiosite\/wp-json\/wp\/v2\/users\/2"}],"replies":[{"embeddable":true,"href":"https:\/\/www.iceagetv.com\/radiosite\/wp-json\/wp\/v2\/comments?post=27785"}],"version-history":[{"count":1,"href":"https:\/\/www.iceagetv.com\/radiosite\/wp-json\/wp\/v2\/posts\/27785\/revisions"}],"predecessor-version":[{"id":27787,"href":"https:\/\/www.iceagetv.com\/radiosite\/wp-json\/wp\/v2\/posts\/27785\/revisions\/27787"}],"wp:featuredmedia":[{"embeddable":true,"href":"https:\/\/www.iceagetv.com\/radiosite\/wp-json\/wp\/v2\/media\/27786"}],"wp:attachment":[{"href":"https:\/\/www.iceagetv.com\/radiosite\/wp-json\/wp\/v2\/media?parent=27785"}],"wp:term":[{"taxonomy":"category","embeddable":true,"href":"https:\/\/www.iceagetv.com\/radiosite\/wp-json\/wp\/v2\/categories?post=27785"},{"taxonomy":"post_tag","embeddable":true,"href":"https:\/\/www.iceagetv.com\/radiosite\/wp-json\/wp\/v2\/tags?post=27785"}],"curies":[{"name":"wp","href":"https:\/\/api.w.org\/{rel}","templated":true}]}}