{"id":27788,"date":"2024-04-03T13:38:10","date_gmt":"2024-04-03T13:38:10","guid":{"rendered":"https:\/\/www.iceagetv.com\/radiosite\/?p=27788"},"modified":"2024-04-03T13:38:10","modified_gmt":"2024-04-03T13:38:10","slug":"lex-premier-ministre-edouard-philippe-vise-par-une-enquete-preliminaire-du-parquet-national-financier-des-perquisitions-en-cours-a-la-mairie-du-havre-et-au-siege-de-la-communaute-urbaine","status":"publish","type":"post","link":"https:\/\/www.iceagetv.com\/radiosite\/lex-premier-ministre-edouard-philippe-vise-par-une-enquete-preliminaire-du-parquet-national-financier-des-perquisitions-en-cours-a-la-mairie-du-havre-et-au-siege-de-la-communaute-urbaine\/","title":{"rendered":"L&rsquo;ex-Premier ministre Edouard Philippe vis\u00e9 par une enqu\u00eate pr\u00e9liminaire du Parquet national financier &#8211; Des perquisitions en cours \u00e0 la mairie du Havre et au si\u00e8ge de la communaut\u00e9 urbaine"},"content":{"rendered":"\n<p class=\"\">Des perquisitions \u00e9taient en cours mercredi \u00e0 la mairie du Havre et au si\u00e8ge de la communaut\u00e9 urbaine, dans le cadre d\u2019une enqu\u00eate du parquet national financier (PNF) visant notamment l\u2019ex-Premier ministre Edouard Philippe, a-t-on appris de sources judiciaire et proche du dossier.<\/p>\n\n\n\n<p class=\"\">L\u2019enqu\u00eate a \u00e9t\u00e9 ouverte en d\u00e9cembre 2023 apr\u00e8s le d\u00e9p\u00f4t d\u2019une plainte de l\u2019ancienne directrice g\u00e9n\u00e9rale adjointe de la communaut\u00e9 urbaine et porte sur des soup\u00e7ons de \u00ab&nbsp;prise ill\u00e9gale d\u2019int\u00e9r\u00eats, favoritisme, d\u00e9tournement de fonds publics et harc\u00e8lement moral&nbsp;\u00bb, a pr\u00e9cis\u00e9 la source judiciaire, confirmant une information du Monde.<\/p>\n\n\n\n<p class=\"\">La plainte, d\u00e9pos\u00e9e en septembre 2023, vise le maire Horizons du Havre et possible candidat \u00e0 la pr\u00e9sidentielle 2027, l\u2019adjointe au maire charg\u00e9e de l\u2019innovation et du num\u00e9rique St\u00e9phanie de Bazelaire et la directrice g\u00e9n\u00e9rale des services de la communaut\u00e9 urbaine Claire-Sophie Tasias.<\/p>\n\n\n\n<p class=\"\">\u00ab&nbsp;Le maire, les \u00e9lus et les \u00e9quipes de la ville du Havre et de la communaut\u00e9 urbaine (&#8230;) se tiennent enti\u00e8rement et sereinement \u00e0 la disposition du parquet pour donner l\u2019ensemble des \u00e9l\u00e9ments n\u00e9cessaires \u00e0 l\u2019enqu\u00eate&nbsp;\u00bb, ont-ils r\u00e9agi dans un communiqu\u00e9 transmis \u00e0 l\u2019AFP.<\/p>\n\n\n\n<p class=\"\">L\u2019enqu\u00eate, confi\u00e9e \u00e0 l\u2019office anti-corruption (Oclciff) et \u00e0 la police judiciaire de Rouen, s\u2019int\u00e9resse \u00e0 une mission confi\u00e9e \u00e0 une association charg\u00e9e de l\u2019animation de la Cit\u00e9 num\u00e9rique de la ville.<\/p>\n\n\n\n<p class=\"\">En juillet 2020, Edouard Philippe, pr\u00e9sident de la communaut\u00e9 urbaine, a sign\u00e9 avec Mme de Bazelaire, en tant cette fois que pr\u00e9sidente b\u00e9n\u00e9vole de l\u2019association LH French Tech, une convention d\u2019objectifs pluriannuelle pour l\u2019exploitation et l\u2019animation de la Cit\u00e9 num\u00e9rique.<\/p>\n\n\n\n<p class=\"\">Des juristes de la communaut\u00e9 urbaine ont \u00e9mis des recommandations et alertes sur la situation de conflit d\u2019int\u00e9r\u00eats dans laquelle se trouvait Mme de Bazelaire, selon Le Monde. LH French Tech, cr\u00e9\u00e9e en juillet 2020, a \u00e9t\u00e9 d\u00e9sign\u00e9e pour cette mission apr\u00e8s un appel \u00e0 manifestation d\u2019int\u00e9r\u00eat lanc\u00e9 par la communaut\u00e9 urbaine en mars 2020 et dans le cadre d\u2019un service d\u2019int\u00e9r\u00eat \u00e9conomique g\u00e9n\u00e9ral (SIEG).<\/p>\n\n\n\n<p class=\"\">L\u2019association, seule candidate, devait toucher de la communaut\u00e9 urbaine 2,154 millions d\u2019euros de compensation de service public pour mener \u00e0 bien les projets, rappelle Le Monde.<\/p>\n\n\n\n<p class=\"\">\u00ab&nbsp;C\u2019est tr\u00e8s encourageant pour le statut de lanceur d\u2019alerte et pour tous les agents publics qui, dans l\u2019exercice de leurs fonctions, y compris au plus haut niveau, sont t\u00e9moins de faits susceptibles de relever d\u2019infractions&nbsp;\u00bb, a de son c\u00f4t\u00e9 r\u00e9agi aupr\u00e8s de l\u2019AFP Christelle Mazza, avocate de la plaignante. \u00ab&nbsp;Ils constituent, et cette affaire en t\u00e9moigne \u00e0 ce stade, de v\u00e9ritables sentinelles d\u00e9mocratiques&nbsp;\u00bb, a-t-elle ajout\u00e9.<\/p>\n","protected":false},"excerpt":{"rendered":"<p>Des perquisitions \u00e9taient en cours mercredi \u00e0 la mairie du Havre et au si\u00e8ge de la communaut\u00e9 urbaine, dans le cadre d\u2019une enqu\u00eate du parquet national financier (PNF) visant notamment l\u2019ex-Premier ministre Edouard Philippe, a-t-on appris de sources judiciaire et proche du dossier. L\u2019enqu\u00eate a \u00e9t\u00e9 ouverte en d\u00e9cembre 2023 apr\u00e8s le d\u00e9p\u00f4t d\u2019une plainte [&hellip;]<\/p>\n","protected":false},"author":2,"featured_media":27789,"comment_status":"open","ping_status":"open","sticky":false,"template":"","format":"standard","meta":{"_jetpack_memberships_contains_paid_content":false,"footnotes":"","jetpack_publicize_message":"","jetpack_publicize_feature_enabled":true,"jetpack_social_post_already_shared":true,"jetpack_social_options":{"image_generator_settings":{"template":"highway","default_image_id":0,"font":"","enabled":false},"version":2},"_wpas_customize_per_network":false},"categories":[405],"tags":[],"class_list":["post-27788","post","type-post","status-publish","format-standard","has-post-thumbnail","hentry","category-actu-france-monde"],"jetpack_publicize_connections":[],"jetpack_featured_media_url":"https:\/\/i0.wp.com\/www.iceagetv.com\/radiosite\/wp-content\/uploads\/2024\/04\/Lex-Premier-ministre-Edouard-Philippe.jpg?fit=679%2C293&ssl=1","jetpack_sharing_enabled":true,"_links":{"self":[{"href":"https:\/\/www.iceagetv.com\/radiosite\/wp-json\/wp\/v2\/posts\/27788","targetHints":{"allow":["GET"]}}],"collection":[{"href":"https:\/\/www.iceagetv.com\/radiosite\/wp-json\/wp\/v2\/posts"}],"about":[{"href":"https:\/\/www.iceagetv.com\/radiosite\/wp-json\/wp\/v2\/types\/post"}],"author":[{"embeddable":true,"href":"https:\/\/www.iceagetv.com\/radiosite\/wp-json\/wp\/v2\/users\/2"}],"replies":[{"embeddable":true,"href":"https:\/\/www.iceagetv.com\/radiosite\/wp-json\/wp\/v2\/comments?post=27788"}],"version-history":[{"count":1,"href":"https:\/\/www.iceagetv.com\/radiosite\/wp-json\/wp\/v2\/posts\/27788\/revisions"}],"predecessor-version":[{"id":27790,"href":"https:\/\/www.iceagetv.com\/radiosite\/wp-json\/wp\/v2\/posts\/27788\/revisions\/27790"}],"wp:featuredmedia":[{"embeddable":true,"href":"https:\/\/www.iceagetv.com\/radiosite\/wp-json\/wp\/v2\/media\/27789"}],"wp:attachment":[{"href":"https:\/\/www.iceagetv.com\/radiosite\/wp-json\/wp\/v2\/media?parent=27788"}],"wp:term":[{"taxonomy":"category","embeddable":true,"href":"https:\/\/www.iceagetv.com\/radiosite\/wp-json\/wp\/v2\/categories?post=27788"},{"taxonomy":"post_tag","embeddable":true,"href":"https:\/\/www.iceagetv.com\/radiosite\/wp-json\/wp\/v2\/tags?post=27788"}],"curies":[{"name":"wp","href":"https:\/\/api.w.org\/{rel}","templated":true}]}}