{"id":27800,"date":"2024-04-04T10:59:09","date_gmt":"2024-04-04T10:59:09","guid":{"rendered":"https:\/\/www.iceagetv.com\/radiosite\/?p=27800"},"modified":"2024-04-04T10:59:09","modified_gmt":"2024-04-04T10:59:09","slug":"le-pass-rail-a-49-euros-par-mois-verra-finalement-le-jour-cet-ete-les-moins-de-27-ans-pourront-prendre-les-ter-et-les-intercites-a-volonte","status":"publish","type":"post","link":"https:\/\/www.iceagetv.com\/radiosite\/le-pass-rail-a-49-euros-par-mois-verra-finalement-le-jour-cet-ete-les-moins-de-27-ans-pourront-prendre-les-ter-et-les-intercites-a-volonte\/","title":{"rendered":"Le Pass rail\u00a0\u00bb \u00e0 49 euros par mois verra finalement le jour cet \u00e9t\u00e9: Les moins de 27 ans pourront prendre les TER et les Intercit\u00e9s \u00e0 volont\u00e9\u00a0"},"content":{"rendered":"\n<p class=\"\">Les moins de 27 ans pourront prendre les TER et les Intercit\u00e9s (mais pas les TGV) \u00e0 volont\u00e9 cet \u00e9t\u00e9 pour 49 euros par mois: le \u00ab&nbsp;passe rail&nbsp;\u00bb a finalement \u00e9t\u00e9 accept\u00e9 par \u00ab&nbsp;toutes les r\u00e9gions&nbsp;\u00bb, a affirm\u00e9 mercredi soir le ministre d\u00e9l\u00e9gu\u00e9 aux Transports.<\/p>\n\n\n\n<p class=\"\">\u00ab&nbsp;La situation vient de se d\u00e9canter \u00e0 l\u2019instant&nbsp;\u00bb, apr\u00e8s une journ\u00e9e \u00ab&nbsp;riche en discussions&nbsp;\u00bb, a d\u00e9clar\u00e9 \u00e0 l\u2019AFP Patrice Vergriete, qui avait d\u00e9plor\u00e9 le matin sur franceinfo que trois pr\u00e9sidents de r\u00e9gion n\u2019aient pas donn\u00e9 leur feu vert \u00e0 l\u2019exp\u00e9rimentation de ce forfait pour juillet et ao\u00fbt.<\/p>\n\n\n\n<p class=\"\">Il s\u2019agissait, selon le ministre, d\u2019Herv\u00e9 Morin (Normandie), Laurent Wauquiez (Auvergne-Rh\u00f4ne-Alpes) et Xavier Bertrand (Hauts-de-France). Ce dernier, joint par l\u2019AFP, a d\u00e9nonc\u00e9 une \u00ab&nbsp;mise en sc\u00e8ne finale&nbsp;\u00bb du ministre visant \u00e0 \u00ab&nbsp;pointer du doigt les r\u00e9gions&nbsp;\u00bb pour cacher une \u00ab&nbsp;m\u00e9thode d\u2019amateur&nbsp;\u00bb, assurant qu\u2019il n\u2019avait jamais \u00e9t\u00e9 question de s\u2019opposer \u00e0 l\u2019op\u00e9ration mais de demander la r\u00e9solution de \u00ab&nbsp;deux injustices&nbsp;\u00bb sur son p\u00e9rim\u00e8tre et son financement.<\/p>\n\n\n\n<p class=\"\">Se d\u00e9clarant \u00ab&nbsp;ravi&nbsp;\u00bb de cette issue, M. Vergriete a remerci\u00e9 la pr\u00e9sidente de l\u2019Occitanie et de R\u00e9gions de France, Carole Delga, qui a \u00ab&nbsp;remobilis\u00e9 les pr\u00e9sidents de r\u00e9gion&nbsp;\u00bb sur ce dossier, ainsi que ces derniers.<\/p>\n\n\n\n<p class=\"\">Le ministre a indiqu\u00e9 avoir voulu battre le rappel mercredi matin car \u00ab&nbsp;sans cette prise de conscience publique que \u00e7a se jouait aujourd\u2019hui, on n\u2019y serait peut-\u00eatre pas arriv\u00e9s&nbsp;\u00bb. Les op\u00e9rateurs de transports, notamment la SNCF, devaient b\u00e9n\u00e9ficier de suffisamment de temps pour pr\u00e9parer l\u2019application du dispositif, a-t-il expliqu\u00e9.<\/p>\n\n\n\n<p class=\"\">\u00ab&nbsp;O\u00f9 irez-vous&nbsp;?&nbsp;\u00bb a demand\u00e9 Emmanuel Macron sur X \u00e0 l\u2019adresse des futurs b\u00e9n\u00e9ficiaires, en se f\u00e9licitant de la nouvelle.<\/p>\n","protected":false},"excerpt":{"rendered":"<p>Les moins de 27 ans pourront prendre les TER et les Intercit\u00e9s (mais pas les TGV) \u00e0 volont\u00e9 cet \u00e9t\u00e9 pour 49 euros par mois: le \u00ab&nbsp;passe rail&nbsp;\u00bb a finalement \u00e9t\u00e9 accept\u00e9 par \u00ab&nbsp;toutes les r\u00e9gions&nbsp;\u00bb, a affirm\u00e9 mercredi soir le ministre d\u00e9l\u00e9gu\u00e9 aux Transports. \u00ab&nbsp;La situation vient de se d\u00e9canter \u00e0 l\u2019instant&nbsp;\u00bb, apr\u00e8s une [&hellip;]<\/p>\n","protected":false},"author":2,"featured_media":27801,"comment_status":"open","ping_status":"open","sticky":false,"template":"","format":"standard","meta":{"_jetpack_memberships_contains_paid_content":false,"footnotes":"","jetpack_publicize_message":"","jetpack_publicize_feature_enabled":true,"jetpack_social_post_already_shared":true,"jetpack_social_options":{"image_generator_settings":{"template":"highway","default_image_id":0,"font":"","enabled":false},"version":2},"_wpas_customize_per_network":false},"categories":[405],"tags":[],"class_list":["post-27800","post","type-post","status-publish","format-standard","has-post-thumbnail","hentry","category-actu-france-monde"],"jetpack_publicize_connections":[],"jetpack_featured_media_url":"https:\/\/i0.wp.com\/www.iceagetv.com\/radiosite\/wp-content\/uploads\/2024\/04\/Le-Pass-rail.jpg?fit=679%2C293&ssl=1","jetpack_sharing_enabled":true,"_links":{"self":[{"href":"https:\/\/www.iceagetv.com\/radiosite\/wp-json\/wp\/v2\/posts\/27800","targetHints":{"allow":["GET"]}}],"collection":[{"href":"https:\/\/www.iceagetv.com\/radiosite\/wp-json\/wp\/v2\/posts"}],"about":[{"href":"https:\/\/www.iceagetv.com\/radiosite\/wp-json\/wp\/v2\/types\/post"}],"author":[{"embeddable":true,"href":"https:\/\/www.iceagetv.com\/radiosite\/wp-json\/wp\/v2\/users\/2"}],"replies":[{"embeddable":true,"href":"https:\/\/www.iceagetv.com\/radiosite\/wp-json\/wp\/v2\/comments?post=27800"}],"version-history":[{"count":1,"href":"https:\/\/www.iceagetv.com\/radiosite\/wp-json\/wp\/v2\/posts\/27800\/revisions"}],"predecessor-version":[{"id":27802,"href":"https:\/\/www.iceagetv.com\/radiosite\/wp-json\/wp\/v2\/posts\/27800\/revisions\/27802"}],"wp:featuredmedia":[{"embeddable":true,"href":"https:\/\/www.iceagetv.com\/radiosite\/wp-json\/wp\/v2\/media\/27801"}],"wp:attachment":[{"href":"https:\/\/www.iceagetv.com\/radiosite\/wp-json\/wp\/v2\/media?parent=27800"}],"wp:term":[{"taxonomy":"category","embeddable":true,"href":"https:\/\/www.iceagetv.com\/radiosite\/wp-json\/wp\/v2\/categories?post=27800"},{"taxonomy":"post_tag","embeddable":true,"href":"https:\/\/www.iceagetv.com\/radiosite\/wp-json\/wp\/v2\/tags?post=27800"}],"curies":[{"name":"wp","href":"https:\/\/api.w.org\/{rel}","templated":true}]}}