{"id":27806,"date":"2024-04-04T18:34:34","date_gmt":"2024-04-04T18:34:34","guid":{"rendered":"https:\/\/www.iceagetv.com\/radiosite\/?p=27806"},"modified":"2024-04-04T18:34:34","modified_gmt":"2024-04-04T18:34:34","slug":"place-sous-sauvegarde-de-justice-depuis-le-25-janvier-pour-raison-de-sante-alain-delon-est-desormais-place-sous-curatelle-renforcee-par-le-juge-des-tutelles-de-montargis","status":"publish","type":"post","link":"https:\/\/www.iceagetv.com\/radiosite\/place-sous-sauvegarde-de-justice-depuis-le-25-janvier-pour-raison-de-sante-alain-delon-est-desormais-place-sous-curatelle-renforcee-par-le-juge-des-tutelles-de-montargis\/","title":{"rendered":"Plac\u00e9 sous sauvegarde de justice depuis le 25 janvier pour raison de sant\u00e9, Alain Delon est d\u00e9sormais plac\u00e9 sous curatelle renforc\u00e9e par le juge des tutelles de Montargis"},"content":{"rendered":"\n<p class=\"\">Plac\u00e9 sous sauvegarde de justice depuis le 25 janvier dernier pour raison de sant\u00e9, le tribunal de Montargis a renforc\u00e9 ce jeudi les mesures de protection \u00e0 l&rsquo;\u00e9gard d&rsquo;Alain Delon en le pla\u00e7ant sous le r\u00e9gime de la curatelle renforc\u00e9e, indique une source proche du dossier \u00e0 CNews.<\/p>\n\n\n\n<p class=\"\">Le monstre sacr\u00e9 du cin\u00e9ma, gravement malade, \u00e9tait plac\u00e9 sous le r\u00e9gime de la sauvegarde judiciaire depuis janvier avec la d\u00e9signation d&rsquo;un mandataire judiciaire \u00ab\u00a0pour son suivi m\u00e9dical\u00a0\u00bb. Cette mesure a \u00e9t\u00e9 \u00ab\u00a0convertie en curatelle renforc\u00e9e\u00a0\u00bb jeudi, selon cette source.<\/p>\n\n\n\n<p class=\"\">\u00ab\u00a0Cela implique qu&rsquo;il n&rsquo;a plus une totale libert\u00e9 de la gestion de ses biens et des d\u00e9cisions qu&rsquo;il pourrait prendre et cela permet de g\u00e9rer certains aspects m\u00e9dicaux qui le concernent\u00a0\u00bb, a-t-elle ajout\u00e9.<\/p>\n\n\n\n<p class=\"\">La curatelle renforc\u00e9e pr\u00e9voit notamment que le curateur proc\u00e8de \u00e0 la gestion du compte bancaire de la personne prot\u00e9g\u00e9e et r\u00e8gle ses d\u00e9penses, pr\u00e9cise le site service-public.fr.<\/p>\n\n\n\n<p class=\"\">Depuis d\u00e9but janvier, les trois enfants de la star se m\u00e8nent une guerre fratricide, par m\u00e9dias et justice interpos\u00e9s, jurant chacun vouloir prot\u00e9ger la l\u00e9gende du cin\u00e9ma, \u00e0 la sant\u00e9 d\u00e9clinante depuis un AVC en 2019.<\/p>\n","protected":false},"excerpt":{"rendered":"<p>Plac\u00e9 sous sauvegarde de justice depuis le 25 janvier dernier pour raison de sant\u00e9, le tribunal de Montargis a renforc\u00e9 ce jeudi les mesures de protection \u00e0 l&rsquo;\u00e9gard d&rsquo;Alain Delon en le pla\u00e7ant sous le r\u00e9gime de la curatelle renforc\u00e9e, indique une source proche du dossier \u00e0 CNews. Le monstre sacr\u00e9 du cin\u00e9ma, gravement malade, [&hellip;]<\/p>\n","protected":false},"author":2,"featured_media":27807,"comment_status":"open","ping_status":"open","sticky":false,"template":"","format":"standard","meta":{"_jetpack_memberships_contains_paid_content":false,"footnotes":"","jetpack_publicize_message":"","jetpack_publicize_feature_enabled":true,"jetpack_social_post_already_shared":true,"jetpack_social_options":{"image_generator_settings":{"template":"highway","default_image_id":0,"font":"","enabled":false},"version":2},"_wpas_customize_per_network":false},"categories":[68],"tags":[],"class_list":["post-27806","post","type-post","status-publish","format-standard","has-post-thumbnail","hentry","category-actu-culturelle"],"jetpack_publicize_connections":[],"jetpack_featured_media_url":"https:\/\/i0.wp.com\/www.iceagetv.com\/radiosite\/wp-content\/uploads\/2024\/04\/Alain-Delon-est-desormais-place-sous-curatelle-renforcee.jpg?fit=679%2C293&ssl=1","jetpack_sharing_enabled":true,"_links":{"self":[{"href":"https:\/\/www.iceagetv.com\/radiosite\/wp-json\/wp\/v2\/posts\/27806","targetHints":{"allow":["GET"]}}],"collection":[{"href":"https:\/\/www.iceagetv.com\/radiosite\/wp-json\/wp\/v2\/posts"}],"about":[{"href":"https:\/\/www.iceagetv.com\/radiosite\/wp-json\/wp\/v2\/types\/post"}],"author":[{"embeddable":true,"href":"https:\/\/www.iceagetv.com\/radiosite\/wp-json\/wp\/v2\/users\/2"}],"replies":[{"embeddable":true,"href":"https:\/\/www.iceagetv.com\/radiosite\/wp-json\/wp\/v2\/comments?post=27806"}],"version-history":[{"count":1,"href":"https:\/\/www.iceagetv.com\/radiosite\/wp-json\/wp\/v2\/posts\/27806\/revisions"}],"predecessor-version":[{"id":27808,"href":"https:\/\/www.iceagetv.com\/radiosite\/wp-json\/wp\/v2\/posts\/27806\/revisions\/27808"}],"wp:featuredmedia":[{"embeddable":true,"href":"https:\/\/www.iceagetv.com\/radiosite\/wp-json\/wp\/v2\/media\/27807"}],"wp:attachment":[{"href":"https:\/\/www.iceagetv.com\/radiosite\/wp-json\/wp\/v2\/media?parent=27806"}],"wp:term":[{"taxonomy":"category","embeddable":true,"href":"https:\/\/www.iceagetv.com\/radiosite\/wp-json\/wp\/v2\/categories?post=27806"},{"taxonomy":"post_tag","embeddable":true,"href":"https:\/\/www.iceagetv.com\/radiosite\/wp-json\/wp\/v2\/tags?post=27806"}],"curies":[{"name":"wp","href":"https:\/\/api.w.org\/{rel}","templated":true}]}}