{"id":27810,"date":"2024-04-05T06:34:50","date_gmt":"2024-04-05T06:34:50","guid":{"rendered":"https:\/\/www.iceagetv.com\/radiosite\/?p=27810"},"modified":"2024-04-05T13:37:08","modified_gmt":"2024-04-05T13:37:08","slug":"viry-chatillon-que-sait-on-de-cette-agression-dun-ado-de-15-ans-entre-la-vie-et-la-mort-apres-avoir-ete-roue-de-coups-a-la-sortie-de-son-college","status":"publish","type":"post","link":"https:\/\/www.iceagetv.com\/radiosite\/viry-chatillon-que-sait-on-de-cette-agression-dun-ado-de-15-ans-entre-la-vie-et-la-mort-apres-avoir-ete-roue-de-coups-a-la-sortie-de-son-college\/","title":{"rendered":"DERNIERE MINUTE &#8211; Viry-Ch\u00e2tillon: L&rsquo;adolescent de 15 ans agress\u00e9 hier est d\u00e9c\u00e9d\u00e9 en d\u00e9but d&rsquo;apr\u00e8s-midi des suites de ses blessures, annonce le parquet"},"content":{"rendered":"\n<p class=\"\"><strong>\u00a0L&rsquo;adolescent de 15 ans agress\u00e9 hier est d\u00e9c\u00e9d\u00e9 en d\u00e9but d&rsquo;apr\u00e8s-midi, annonce le parquet dans un communiqu\u00e9. \u00ab\u00a0Op\u00e9r\u00e9e en urgence cette nuit, la victime est d\u00e9c\u00e9d\u00e9e ce jour en d\u00e9but d&rsquo;apr\u00e8s-midi\u00a0\u00bb, pr\u00e9cise le procureur en indiquant qu&rsquo;une \u00ab\u00a0autopsie aura lieu dans les prochaines heures\u00a0\u00bb.<\/strong><\/p>\n\n\n\n<p class=\"\"><strong>L&rsquo;enqu\u00eate est d\u00e9sormais ouverte pour \u00ab\u00a0chefs d&rsquo;assassinat et de violences en r\u00e9union aux abords d&rsquo;un \u00e9tablissement scolaire\u00a0\u00bb, annonce le procureur de la R\u00e9publique Gr\u00e9goire Dulin.\u00a0\u00ab\u00a0Les investigations se poursuivent pour d\u00e9terminer les circonstances de ces faits criminels et permettre l&rsquo;interpellation des auteurs\u00a0\u00bb, ajoute-t-<\/strong><\/p>\n\n\n\n<p class=\"\">Un adolescent de 15 ans entre la vie et la mort \u00e0 l&rsquo;h\u00f4pital apr\u00e8s avoir \u00e9t\u00e9 rou\u00e9 de coups par plusieurs personnes\u00a0 \u00e0 Viry-Ch\u00e2tillon \u00e0 la sortie de son coll\u00e8ge. Une enqu\u00eate a \u00e9t\u00e9 ouverte pour tentative d&rsquo;assassinat et violences en r\u00e9union aux abords d&rsquo;un \u00e9tablissement scolaire, a indiqu\u00e9 \u00e0 l&rsquo;AFP le parquet d&rsquo;Evry, confirmant une information du journal Le Parisien.<\/p>\n\n\n\n<p class=\"\">D&rsquo;apr\u00e8s une source polici\u00e8re, l&rsquo;adolescent a \u00e9t\u00e9 pass\u00e9 \u00e0 tabac en sortant du coll\u00e8ge par plusieurs personnes qui ont ensuite pris la fuite.<\/p>\n\n\n\n<p class=\"\">Il a \u00e9t\u00e9 retrouv\u00e9 dans une rue \u00ab\u00a0non loin de son \u00e9tablissement scolaire\u00a0\u00bb, selon le parquet. Aucune interpellation n&rsquo;avait eu lieu jeudi soir. L&rsquo;enqu\u00eate, confi\u00e9e \u00e0 la police judiciaire de l&rsquo;Essonne, devra permettre de d\u00e9terminer les circonstances de l&rsquo;agression, selon le minist\u00e8re public.<\/p>\n\n\n\n<p class=\"\">Les cam\u00e9ras de vid\u00e9osurveillance install\u00e9es \u00e0 Viry-Ch\u00e2tillon, une ville d&rsquo;un peu plus de 30.000 habitants situ\u00e9e au sud de Paris, \u00ab\u00a0permettront peut-\u00eatre\u00a0\u00bb d&rsquo;y voir plus clair, a esp\u00e9r\u00e9 le maire Jean-Marie Vilain .&nbsp;Les images \u00ab\u00a0ont d\u00e9j\u00e0 \u00e9t\u00e9 r\u00e9quisitionn\u00e9es par la police\u00a0\u00bb, a-t-il ajout\u00e9. Les faits se sont produits \u00ab\u00a0vers 16h20\u00a0\u00bb alors que l&rsquo;adolescent, \u00e9l\u00e8ve en classe de troisi\u00e8me au coll\u00e8ge Les Sablons, dans un quartier populaire de Viry-Ch\u00e2tillon, sortait d&rsquo;un cours de musique, a pr\u00e9cis\u00e9 \u00e0 l&rsquo;AFP M. Vilain.<\/p>\n\n\n\n<p class=\"\">L&rsquo;adolescent a \u00e9t\u00e9 \u00ab\u00a0agress\u00e9 alors qu&rsquo;il \u00e9tait sur le chemin de son domicile, entre deux cages d&rsquo;escalier\u00a0\u00bb, selon l&rsquo;\u00e9dile. \u00ab\u00a0Je ne sais pas s&rsquo;il \u00e9tait attendu ou vis\u00e9 mais il n&rsquo;y avait pas de tensions particuli\u00e8res \u00e0 la sortie du coll\u00e8ge \u00e0 ce moment-l\u00e0\u00a0\u00bb, a soulign\u00e9 l&rsquo;\u00e9lu.<\/p>\n\n\n\n<p class=\"\">Le coll\u00e9gien \u00e9tait en arr\u00eat cardio-respiratoire quand il a \u00e9t\u00e9 pris en charge par les pompiers, a indiqu\u00e9 une source polici\u00e8re. Il a \u00e9t\u00e9 transport\u00e9 \u00e0 l&rsquo;h\u00f4pital Necker \u00e0 Paris en urgence absolue, selon le maire. Les agresseurs \u00ab\u00a0ont essay\u00e9 de le massacrer\u00a0\u00bb, a comment\u00e9 M. Vilain, parlant de \u00ab\u00a0voyous de la pire esp\u00e8ce\u00a0\u00bb.<\/p>\n","protected":false},"excerpt":{"rendered":"<p>\u00a0L&rsquo;adolescent de 15 ans agress\u00e9 hier est d\u00e9c\u00e9d\u00e9 en d\u00e9but d&rsquo;apr\u00e8s-midi, annonce le parquet dans un communiqu\u00e9. \u00ab\u00a0Op\u00e9r\u00e9e en urgence cette nuit, la victime est d\u00e9c\u00e9d\u00e9e ce jour en d\u00e9but d&rsquo;apr\u00e8s-midi\u00a0\u00bb, pr\u00e9cise le procureur en indiquant qu&rsquo;une \u00ab\u00a0autopsie aura lieu dans les prochaines heures\u00a0\u00bb. L&rsquo;enqu\u00eate est d\u00e9sormais ouverte pour \u00ab\u00a0chefs d&rsquo;assassinat et de violences en [&hellip;]<\/p>\n","protected":false},"author":2,"featured_media":27811,"comment_status":"open","ping_status":"open","sticky":false,"template":"","format":"standard","meta":{"_jetpack_memberships_contains_paid_content":false,"footnotes":"","jetpack_publicize_message":"","jetpack_publicize_feature_enabled":true,"jetpack_social_post_already_shared":true,"jetpack_social_options":{"image_generator_settings":{"template":"highway","default_image_id":0,"font":"","enabled":false},"version":2},"_wpas_customize_per_network":false},"categories":[405],"tags":[],"class_list":["post-27810","post","type-post","status-publish","format-standard","has-post-thumbnail","hentry","category-actu-france-monde"],"jetpack_publicize_connections":[],"jetpack_featured_media_url":"https:\/\/i0.wp.com\/www.iceagetv.com\/radiosite\/wp-content\/uploads\/2024\/04\/Viry-Chatillon.jpg?fit=679%2C293&ssl=1","jetpack_sharing_enabled":true,"_links":{"self":[{"href":"https:\/\/www.iceagetv.com\/radiosite\/wp-json\/wp\/v2\/posts\/27810","targetHints":{"allow":["GET"]}}],"collection":[{"href":"https:\/\/www.iceagetv.com\/radiosite\/wp-json\/wp\/v2\/posts"}],"about":[{"href":"https:\/\/www.iceagetv.com\/radiosite\/wp-json\/wp\/v2\/types\/post"}],"author":[{"embeddable":true,"href":"https:\/\/www.iceagetv.com\/radiosite\/wp-json\/wp\/v2\/users\/2"}],"replies":[{"embeddable":true,"href":"https:\/\/www.iceagetv.com\/radiosite\/wp-json\/wp\/v2\/comments?post=27810"}],"version-history":[{"count":2,"href":"https:\/\/www.iceagetv.com\/radiosite\/wp-json\/wp\/v2\/posts\/27810\/revisions"}],"predecessor-version":[{"id":27816,"href":"https:\/\/www.iceagetv.com\/radiosite\/wp-json\/wp\/v2\/posts\/27810\/revisions\/27816"}],"wp:featuredmedia":[{"embeddable":true,"href":"https:\/\/www.iceagetv.com\/radiosite\/wp-json\/wp\/v2\/media\/27811"}],"wp:attachment":[{"href":"https:\/\/www.iceagetv.com\/radiosite\/wp-json\/wp\/v2\/media?parent=27810"}],"wp:term":[{"taxonomy":"category","embeddable":true,"href":"https:\/\/www.iceagetv.com\/radiosite\/wp-json\/wp\/v2\/categories?post=27810"},{"taxonomy":"post_tag","embeddable":true,"href":"https:\/\/www.iceagetv.com\/radiosite\/wp-json\/wp\/v2\/tags?post=27810"}],"curies":[{"name":"wp","href":"https:\/\/api.w.org\/{rel}","templated":true}]}}