{"id":27813,"date":"2024-04-05T11:05:10","date_gmt":"2024-04-05T11:05:10","guid":{"rendered":"https:\/\/www.iceagetv.com\/radiosite\/?p=27813"},"modified":"2024-04-05T11:05:10","modified_gmt":"2024-04-05T11:05:10","slug":"agression-de-samara-la-garde-a-vue-des-trois-mineurs-est-terminee-ils-vont-etre-presentes-a-un-juge-dinstruction-chacun-dentre-eux-admet-avoir-porte-des-coups-a-la-victime-indique-le-parq","status":"publish","type":"post","link":"https:\/\/www.iceagetv.com\/radiosite\/agression-de-samara-la-garde-a-vue-des-trois-mineurs-est-terminee-ils-vont-etre-presentes-a-un-juge-dinstruction-chacun-dentre-eux-admet-avoir-porte-des-coups-a-la-victime-indique-le-parq\/","title":{"rendered":"Agression de Samara: La garde \u00e0 vue des trois mineurs est termin\u00e9e, ils vont \u00eatre pr\u00e9sent\u00e9s \u00e0 un juge d&rsquo;instruction &#8211; \u00ab\u00a0Chacun d&rsquo;entre eux admet avoir port\u00e9 des coups \u00e0 la victime\u00a0\u00bb, indique le parquet"},"content":{"rendered":"\n<p class=\"\">Ce midi, le parquet de Montpellier annonce que les trois mineurs entendus depuis deux jours par le SLPJ de Montpellier, apr\u00e8s l&rsquo;agression de Samara devant son coll\u00e8ge, sont en cours de pr\u00e9sentation au parquet en vue de l&rsquo;ouverture d&rsquo;une information judiciaire du chef de tentative d&rsquo;homicide volontaire sur mineure de 15 ans.<\/p>\n\n\n\n<p class=\"\">\u00ab\u00a0Ils reconnaissent leur implication dans le cadre de l&rsquo;agression perp\u00e9tr\u00e9e le 2 avril 2024. Chacun d&rsquo;entre eux admet avoir port\u00e9 des coups \u00e0 la victime. Le parquet a requis le placement en d\u00e9tention provisoire du mineur \u00e2g\u00e9 de 15 ans qui est suspect\u00e9 d&rsquo;avoir port\u00e9 les coups les plus violents\u00a0\u00bb, indique le Parquet dans un communiqu\u00e9.&nbsp;<\/p>\n\n\n\n<p class=\"\">Et d&rsquo;ajouter : \u00ab\u00a0En l&rsquo;\u00e9tat des investigations qui d\u00e9butent, il appara\u00eet que cette agression s&rsquo;inscrit dans le contexte d&rsquo;un groupe d&rsquo;adolescents qui avaient pour habitude de s&rsquo;invectiver et de mettre en ligne leurs photographies respectives et celles de tiers sur des groupes de discussion cr\u00e9\u00e9s sur des messageries instantan\u00e9es. La tension entre les mis en cause et la victime r\u00e9sulterait pour partie de ces publications\u00a0\u00bb.<\/p>\n\n\n\n<p class=\"\">\u00ab\u00a0La jeune Samara, dans le cadre d&rsquo;une audition n\u00e9cessairement br\u00e8ve compte tenu de son \u00e9tat de sant\u00e9, a confirm\u00e9 les violences dont elle a fait l&rsquo;objet et en a r\u00e9v\u00e9l\u00e9 d&rsquo;autres, commises quelques jours auparavant par l&rsquo;un des trois mis en cause. Elle n&rsquo;a en revanche pas \u00e9voqu\u00e9 sp\u00e9cifiquement \u00e0 ce stade de faits de harc\u00e8lement sur une longue p\u00e9riode la concernant\u00a0\u00bb, poursuit le communiqu\u00e9.&nbsp;<\/p>\n\n\n\n<p class=\"\">Et de conclure : \u00ab\u00a0Le travail cons\u00e9quent d\u00e9j\u00e0 r\u00e9alis\u00e9 par les enqu\u00eateurs devra se poursuivre sous la direction du magistrat instructeur afin notamment de d\u00e9terminer avec d&rsquo;avantage de pr\u00e9cision le contexte dans lequel cette agression particuli\u00e8rement grave s&rsquo;est d\u00e9roul\u00e9e et d&rsquo;identifier d&rsquo;autres participants\u00a0\u00bb.<\/p>\n","protected":false},"excerpt":{"rendered":"<p>Ce midi, le parquet de Montpellier annonce que les trois mineurs entendus depuis deux jours par le SLPJ de Montpellier, apr\u00e8s l&rsquo;agression de Samara devant son coll\u00e8ge, sont en cours de pr\u00e9sentation au parquet en vue de l&rsquo;ouverture d&rsquo;une information judiciaire du chef de tentative d&rsquo;homicide volontaire sur mineure de 15 ans. \u00ab\u00a0Ils reconnaissent leur [&hellip;]<\/p>\n","protected":false},"author":2,"featured_media":27814,"comment_status":"open","ping_status":"open","sticky":false,"template":"","format":"standard","meta":{"_jetpack_memberships_contains_paid_content":false,"footnotes":"","jetpack_publicize_message":"","jetpack_publicize_feature_enabled":true,"jetpack_social_post_already_shared":true,"jetpack_social_options":{"image_generator_settings":{"template":"highway","default_image_id":0,"font":"","enabled":false},"version":2},"_wpas_customize_per_network":false},"categories":[405],"tags":[],"class_list":["post-27813","post","type-post","status-publish","format-standard","has-post-thumbnail","hentry","category-actu-france-monde"],"jetpack_publicize_connections":[],"jetpack_featured_media_url":"https:\/\/i0.wp.com\/www.iceagetv.com\/radiosite\/wp-content\/uploads\/2024\/04\/Agression-de-Samara.jpg?fit=679%2C293&ssl=1","jetpack_sharing_enabled":true,"_links":{"self":[{"href":"https:\/\/www.iceagetv.com\/radiosite\/wp-json\/wp\/v2\/posts\/27813","targetHints":{"allow":["GET"]}}],"collection":[{"href":"https:\/\/www.iceagetv.com\/radiosite\/wp-json\/wp\/v2\/posts"}],"about":[{"href":"https:\/\/www.iceagetv.com\/radiosite\/wp-json\/wp\/v2\/types\/post"}],"author":[{"embeddable":true,"href":"https:\/\/www.iceagetv.com\/radiosite\/wp-json\/wp\/v2\/users\/2"}],"replies":[{"embeddable":true,"href":"https:\/\/www.iceagetv.com\/radiosite\/wp-json\/wp\/v2\/comments?post=27813"}],"version-history":[{"count":1,"href":"https:\/\/www.iceagetv.com\/radiosite\/wp-json\/wp\/v2\/posts\/27813\/revisions"}],"predecessor-version":[{"id":27815,"href":"https:\/\/www.iceagetv.com\/radiosite\/wp-json\/wp\/v2\/posts\/27813\/revisions\/27815"}],"wp:featuredmedia":[{"embeddable":true,"href":"https:\/\/www.iceagetv.com\/radiosite\/wp-json\/wp\/v2\/media\/27814"}],"wp:attachment":[{"href":"https:\/\/www.iceagetv.com\/radiosite\/wp-json\/wp\/v2\/media?parent=27813"}],"wp:term":[{"taxonomy":"category","embeddable":true,"href":"https:\/\/www.iceagetv.com\/radiosite\/wp-json\/wp\/v2\/categories?post=27813"},{"taxonomy":"post_tag","embeddable":true,"href":"https:\/\/www.iceagetv.com\/radiosite\/wp-json\/wp\/v2\/tags?post=27813"}],"curies":[{"name":"wp","href":"https:\/\/api.w.org\/{rel}","templated":true}]}}