{"id":27838,"date":"2024-04-07T16:07:59","date_gmt":"2024-04-07T16:07:59","guid":{"rendered":"https:\/\/www.iceagetv.com\/radiosite\/?p=27838"},"modified":"2024-04-07T16:07:59","modified_gmt":"2024-04-07T16:07:59","slug":"mort-de-shemseddine-a-viry-chatillon-les-cinq-personnes-en-garde-a-vue-depuis-vendredi-ont-ete-deferees-en-vue-dune-mise-en-examen","status":"publish","type":"post","link":"https:\/\/www.iceagetv.com\/radiosite\/mort-de-shemseddine-a-viry-chatillon-les-cinq-personnes-en-garde-a-vue-depuis-vendredi-ont-ete-deferees-en-vue-dune-mise-en-examen\/","title":{"rendered":"Mort de Shemseddine \u00e0 Viry-Ch\u00e2tillon : Les cinq personnes en garde \u00e0 vue depuis vendredi ont \u00e9t\u00e9 d\u00e9f\u00e9r\u00e9es en vue d&rsquo;une mise en examen"},"content":{"rendered":"\n<p class=\"\"><strong>Les cinq personnes en garde \u00e0 vue depuis vendredi dans l&rsquo;enqu\u00eate sur la mort d&rsquo;un adolescent pass\u00e9 \u00e0 tabac jeudi \u00e0 Viry-Ch\u00e2tillon (Essonne), ont \u00e9t\u00e9 d\u00e9f\u00e9r\u00e9es en vue d&rsquo;une mise en exame<\/strong>n, a confirm\u00e9 du procureur d&rsquo;Evry. Interpell\u00e9es et plac\u00e9es en garde \u00e0 vue vendredi, quelques heures apr\u00e8s la mort de Shemseddine, 15 ans, des suites de ses blessures, cinq personnes &#8211; un majeur et quatre mineurs &#8211; ont \u00e9t\u00e9 d\u00e9f\u00e9r\u00e9es \u00ab\u00e0 16 heures au tribunal judiciaire d\u2019Evry en vue d&rsquo;une ouverture d\u2019information judiciaire\u00bb, a pr\u00e9cis\u00e9 le procureur, Gr\u00e9goire Dulin.<\/p>\n\n\n\n<p class=\"\"><strong>&nbsp;Les gardes \u00e0 vue des cinq personnes interpell\u00e9es dans le cadre de l&rsquo;enqu\u00eate sur la mort d&rsquo;un adolescent pass\u00e9 \u00e0 tabac jeudi \u00e0 Viry-Ch\u00e2tillon (Essonne) ont \u00e9t\u00e9 prolong\u00e9es samedi de vingt-quatre heures, a annonc\u00e9 le parquet d&rsquo;Evry.<\/strong>&nbsp;\u00abLes cinq gardes \u00e0 vue ont \u00e9t\u00e9 prolong\u00e9es\u00bb, a indiqu\u00e9 le procureur Gr\u00e9goire Dulin dans un communiqu\u00e9, au lendemain de l&rsquo;arrestation de quatre mineurs, trois de 17 ans et une de 15 ans et d&rsquo;un adulte de 20 ans.<\/p>\n\n\n\n<p class=\"\">Jeudi, aux alentours de 16 heures, l\u2019adolescent rentre chez lui \u00e0 pied apr\u00e8s un cours de musique au coll\u00e8ge des Sablons de Viry-Ch\u00e2tillon (Essonne). Le coll\u00e9gien est seul, \u00e0 une centaine de m\u00e8tres de son \u00e9tablissement scolaire. En chemin, il croise la route de plusieurs personnes cagoul\u00e9es qui attaquent alors violemment l\u2019adolescent.<\/p>\n\n\n\n<p class=\"\">\u00ab\u00a0Il a \u00e9t\u00e9 agress\u00e9 entre deux cages d\u2019escalier par trois ou quatre personnes qui l\u2019ont rou\u00e9 de coups, qui l\u2019ont massacr\u00e9\u00a0\u00bb, raconte Jean-Marie Vilain, maire de Viry-Ch\u00e2tillon. La rencontre lui sera fatale.<\/p>\n\n\n\n<p class=\"\">Transport\u00e9 avec un pronostic vital engag\u00e9 \u00e0 l\u2019h\u00f4pital Necker de Paris, et op\u00e9r\u00e9 en urgence, l\u2019adolescent est mort vendredi en d\u00e9but d\u2019apr\u00e8s-midi. La mort du coll\u00e9gien a \u00e9t\u00e9 annonc\u00e9e dans l&rsquo;apr\u00e8s-midi au personnel et \u00e0 l\u2019ensemble des \u00e9l\u00e8ves de l\u2019\u00e9tablissement scolaire o\u00f9 une cellule psychologique avait \u00e9t\u00e9 ouverte.<\/p>\n\n\n\n<p class=\"\">\u00ab\u00a0On a entendu les cris des enfants quand ils ont appris que leur camarade \u00e9tait mort\u00a0\u00bb, rapporte, \u00e9mu, Alexandre Touzet, vice-pr\u00e9sident du d\u00e9partement de l\u2019Essonne charg\u00e9 de la s\u00e9curit\u00e9, aupr\u00e8s de BFM Paris \u00cele-de-France.<\/p>\n","protected":false},"excerpt":{"rendered":"<p>Les cinq personnes en garde \u00e0 vue depuis vendredi dans l&rsquo;enqu\u00eate sur la mort d&rsquo;un adolescent pass\u00e9 \u00e0 tabac jeudi \u00e0 Viry-Ch\u00e2tillon (Essonne), ont \u00e9t\u00e9 d\u00e9f\u00e9r\u00e9es en vue d&rsquo;une mise en examen, a confirm\u00e9 du procureur d&rsquo;Evry. Interpell\u00e9es et plac\u00e9es en garde \u00e0 vue vendredi, quelques heures apr\u00e8s la mort de Shemseddine, 15 ans, des [&hellip;]<\/p>\n","protected":false},"author":2,"featured_media":27839,"comment_status":"open","ping_status":"open","sticky":false,"template":"","format":"standard","meta":{"_jetpack_memberships_contains_paid_content":false,"footnotes":"","jetpack_publicize_message":"","jetpack_publicize_feature_enabled":true,"jetpack_social_post_already_shared":true,"jetpack_social_options":{"image_generator_settings":{"template":"highway","default_image_id":0,"font":"","enabled":false},"version":2},"_wpas_customize_per_network":false},"categories":[405],"tags":[],"class_list":["post-27838","post","type-post","status-publish","format-standard","has-post-thumbnail","hentry","category-actu-france-monde"],"jetpack_publicize_connections":[],"jetpack_featured_media_url":"https:\/\/i0.wp.com\/www.iceagetv.com\/radiosite\/wp-content\/uploads\/2024\/04\/Mort-de-Shemseddine-a-Viry-Chatillon.jpg?fit=679%2C293&ssl=1","jetpack_sharing_enabled":true,"_links":{"self":[{"href":"https:\/\/www.iceagetv.com\/radiosite\/wp-json\/wp\/v2\/posts\/27838","targetHints":{"allow":["GET"]}}],"collection":[{"href":"https:\/\/www.iceagetv.com\/radiosite\/wp-json\/wp\/v2\/posts"}],"about":[{"href":"https:\/\/www.iceagetv.com\/radiosite\/wp-json\/wp\/v2\/types\/post"}],"author":[{"embeddable":true,"href":"https:\/\/www.iceagetv.com\/radiosite\/wp-json\/wp\/v2\/users\/2"}],"replies":[{"embeddable":true,"href":"https:\/\/www.iceagetv.com\/radiosite\/wp-json\/wp\/v2\/comments?post=27838"}],"version-history":[{"count":1,"href":"https:\/\/www.iceagetv.com\/radiosite\/wp-json\/wp\/v2\/posts\/27838\/revisions"}],"predecessor-version":[{"id":27840,"href":"https:\/\/www.iceagetv.com\/radiosite\/wp-json\/wp\/v2\/posts\/27838\/revisions\/27840"}],"wp:featuredmedia":[{"embeddable":true,"href":"https:\/\/www.iceagetv.com\/radiosite\/wp-json\/wp\/v2\/media\/27839"}],"wp:attachment":[{"href":"https:\/\/www.iceagetv.com\/radiosite\/wp-json\/wp\/v2\/media?parent=27838"}],"wp:term":[{"taxonomy":"category","embeddable":true,"href":"https:\/\/www.iceagetv.com\/radiosite\/wp-json\/wp\/v2\/categories?post=27838"},{"taxonomy":"post_tag","embeddable":true,"href":"https:\/\/www.iceagetv.com\/radiosite\/wp-json\/wp\/v2\/tags?post=27838"}],"curies":[{"name":"wp","href":"https:\/\/api.w.org\/{rel}","templated":true}]}}