{"id":27868,"date":"2024-04-10T15:51:42","date_gmt":"2024-04-10T15:51:42","guid":{"rendered":"https:\/\/www.iceagetv.com\/radiosite\/?p=27868"},"modified":"2024-04-10T15:51:42","modified_gmt":"2024-04-10T15:51:42","slug":"jonathann-daval-juge-pour-denonciation-calomnieuse-le-procureur-requiert-la-relaxe","status":"publish","type":"post","link":"https:\/\/www.iceagetv.com\/radiosite\/jonathann-daval-juge-pour-denonciation-calomnieuse-le-procureur-requiert-la-relaxe\/","title":{"rendered":"Jonathann Daval jug\u00e9 pour d\u00e9nonciation calomnieuse\u00a0: le procureur requiert la relaxe"},"content":{"rendered":"\n<p class=\"\">Le procureur a requis ce mercredi la relaxe de Jonathann Daval devant le tribunal correctionnel de Besan\u00e7on, o\u00f9 il est jug\u00e9 pour d\u00e9nonciation calomnieuse contre son ex-belle-famille.&nbsp;<em>\u00abLa loi et la jurisprudence reconnaissent \u00e0 une personne poursuivie de pouvoir mentir, m\u00eame si c\u2019est moralement tr\u00e8s dur\u00bb<\/em>, a relev\u00e9 le procureur de Besan\u00e7on, Etienne Manteaux, assurant&nbsp;<em>\u00abmesurer toute la souffrance de cette famille qui s\u2019est sentie souill\u00e9e\u00bb<\/em>.<\/p>\n\n\n\n<p class=\"\">Le proc\u00e8s pour d\u00e9nonciation calomnieuse de Jonathann Daval, qui purge depuis 2020 une peine de 25 ans de r\u00e9clusion pour le meurtre de son \u00e9pouse Alexia en 2017, \u00e0 l\u2019encontre de son ancienne belle-famille, s\u2019ouvrait ce mercredi 10 avril \u00e0 13 h 30. Le parquet a requis l\u2019extraction de prison du pr\u00e9venu, aujourd\u2019hui \u00e2g\u00e9 de 40 ans, pour qu\u2019il assiste \u00e0 son proc\u00e8s.<\/p>\n\n\n\n<h2 class=\"wp-block-heading\">Cinq ans de prison encourus<\/h2>\n\n\n\n<p class=\"\">Six mois plus tard, il avait finalement reconnu avoir menti lors d\u2019une confrontation avec sa belle-m\u00e8re, Isabelle Fouillot. Gr\u00e9gory Gay avait alors port\u00e9 plainte pour \u00abd\u00e9nonciations calomnieuses\u00bb d\u00e8s 2018, mais le parquet l\u2019avait class\u00e9e sans suite, d\u2019o\u00f9 cette citation \u00e0 compara\u00eetre directement devant le tribunal.<\/p>\n\n\n\n<p class=\"\">Le pr\u00e9venu encourt cinq ans de prison, une peine qui serait confondue avec&nbsp;<a href=\"https:\/\/www.liberation.fr\/france\/2020\/11\/21\/jonathann-daval-condamne-a-vingt-cinq-ans-de-prison-pour-le-meurtre-de-sa-femme_1806338\/\" target=\"_blank\" rel=\"noreferrer noopener\">sa condamnation \u00e0 vingt-cinq ans de prison pour meurtre.<\/a>&nbsp;Sa belle-famille demande 60 000 euros de dommages et int\u00e9r\u00eats, dont 30 000 euros pour Gr\u00e9gory Gay, 10 000 euros pour la s\u0153ur d\u2019Alexia et 10 000 euros pour chacun des parents.<\/p>\n","protected":false},"excerpt":{"rendered":"<p>Le procureur a requis ce mercredi la relaxe de Jonathann Daval devant le tribunal correctionnel de Besan\u00e7on, o\u00f9 il est jug\u00e9 pour d\u00e9nonciation calomnieuse contre son ex-belle-famille.&nbsp;\u00abLa loi et la jurisprudence reconnaissent \u00e0 une personne poursuivie de pouvoir mentir, m\u00eame si c\u2019est moralement tr\u00e8s dur\u00bb, a relev\u00e9 le procureur de Besan\u00e7on, Etienne Manteaux, assurant&nbsp;\u00abmesurer toute [&hellip;]<\/p>\n","protected":false},"author":2,"featured_media":27869,"comment_status":"open","ping_status":"open","sticky":false,"template":"","format":"standard","meta":{"_jetpack_memberships_contains_paid_content":false,"footnotes":"","jetpack_publicize_message":"","jetpack_publicize_feature_enabled":true,"jetpack_social_post_already_shared":true,"jetpack_social_options":{"image_generator_settings":{"template":"highway","default_image_id":0,"font":"","enabled":false},"version":2},"_wpas_customize_per_network":false},"categories":[405],"tags":[],"class_list":["post-27868","post","type-post","status-publish","format-standard","has-post-thumbnail","hentry","category-actu-france-monde"],"jetpack_publicize_connections":[],"jetpack_featured_media_url":"https:\/\/i0.wp.com\/www.iceagetv.com\/radiosite\/wp-content\/uploads\/2024\/04\/R7ZTFEECPVHPHCW6OBAQ372OLI.jpg?fit=377%2C251&ssl=1","jetpack_sharing_enabled":true,"_links":{"self":[{"href":"https:\/\/www.iceagetv.com\/radiosite\/wp-json\/wp\/v2\/posts\/27868","targetHints":{"allow":["GET"]}}],"collection":[{"href":"https:\/\/www.iceagetv.com\/radiosite\/wp-json\/wp\/v2\/posts"}],"about":[{"href":"https:\/\/www.iceagetv.com\/radiosite\/wp-json\/wp\/v2\/types\/post"}],"author":[{"embeddable":true,"href":"https:\/\/www.iceagetv.com\/radiosite\/wp-json\/wp\/v2\/users\/2"}],"replies":[{"embeddable":true,"href":"https:\/\/www.iceagetv.com\/radiosite\/wp-json\/wp\/v2\/comments?post=27868"}],"version-history":[{"count":1,"href":"https:\/\/www.iceagetv.com\/radiosite\/wp-json\/wp\/v2\/posts\/27868\/revisions"}],"predecessor-version":[{"id":27870,"href":"https:\/\/www.iceagetv.com\/radiosite\/wp-json\/wp\/v2\/posts\/27868\/revisions\/27870"}],"wp:featuredmedia":[{"embeddable":true,"href":"https:\/\/www.iceagetv.com\/radiosite\/wp-json\/wp\/v2\/media\/27869"}],"wp:attachment":[{"href":"https:\/\/www.iceagetv.com\/radiosite\/wp-json\/wp\/v2\/media?parent=27868"}],"wp:term":[{"taxonomy":"category","embeddable":true,"href":"https:\/\/www.iceagetv.com\/radiosite\/wp-json\/wp\/v2\/categories?post=27868"},{"taxonomy":"post_tag","embeddable":true,"href":"https:\/\/www.iceagetv.com\/radiosite\/wp-json\/wp\/v2\/tags?post=27868"}],"curies":[{"name":"wp","href":"https:\/\/api.w.org\/{rel}","templated":true}]}}