{"id":27877,"date":"2024-04-11T06:41:33","date_gmt":"2024-04-11T06:41:33","guid":{"rendered":"https:\/\/www.iceagetv.com\/radiosite\/?p=27877"},"modified":"2024-04-11T06:41:33","modified_gmt":"2024-04-11T06:41:33","slug":"bordeaux-que-sait-on-ce-matin-de-lattaque-au-couteau-qui-sest-produite-un-peu-avant-20h-faisant-un-mort-et-un-blesse-grave-tous-de-nationalite-algerienne-la-piste-terroriste-nest-pas","status":"publish","type":"post","link":"https:\/\/www.iceagetv.com\/radiosite\/bordeaux-que-sait-on-ce-matin-de-lattaque-au-couteau-qui-sest-produite-un-peu-avant-20h-faisant-un-mort-et-un-blesse-grave-tous-de-nationalite-algerienne-la-piste-terroriste-nest-pas\/","title":{"rendered":"\u00a0Bordeaux &#8211; Que sait-on ce matin de l&rsquo;attaque au couteau qui s&rsquo;est produite un peu avant 20h faisant un mort et un bless\u00e9 grave, tous de nationalit\u00e9 alg\u00e9rienne ? La piste terroriste n&rsquo;est pas privil\u00e9gi\u00e9e"},"content":{"rendered":"\n<p class=\"\"><strong>Une attaque au couteau a fait un mort et un bless\u00e9 grave \u00e0 Bordeaux, mercredi 10 avril dans la soir\u00e9e. Une premi\u00e8re agression a d&rsquo;abord eu lieu sur les quais de la Garonne, au niveau du Miroir d&rsquo;eau, peu avant 20 heures. La victime, bless\u00e9e mortellement, est un homme de nationalit\u00e9 alg\u00e9rienne, \u00e2g\u00e9 de 37 ans.<\/strong><\/p>\n\n\n\n<p class=\"\">L&rsquo;auteur a poursuivi son chemin sur le quai Richelieu. Il s&rsquo;en est alors pris \u00e0 une deuxi\u00e8me personne, la blessant gri\u00e8vement \u00e0 la cuisse et au flanc. Les jours de cet homme de 26 ans, \u00e9galement d&rsquo;origine alg\u00e9rienne, ne sont plus en danger.<\/p>\n\n\n\n<p class=\"\">L&rsquo;agresseur a ensuite pris la fuite en direction du Pont de Pierre. Il a \u00e9t\u00e9 rep\u00e9r\u00e9 par la police.<\/p>\n\n\n\n<p class=\"\">L&rsquo;un des agents a \u00e9t\u00e9 dans l&rsquo;obligation de faire usage de son arme de service, touchant mortellement l&rsquo;agresseur Les motifs de l&rsquo;attaque ne sont pas encore connus.<\/p>\n\n\n\n<p class=\"\">Deux t\u00e9moins de la sc\u00e8ne racontent avoir vu une personne se faire plaquer au sol, sans saisir dans un premier temps la gravit\u00e9 de la sc\u00e8ne. \u00ab\u00a0Tr\u00e8s rapidement, il y a un mouvement de foule qui s&rsquo;est cr\u00e9\u00e9 autour avec une personne qui avait l&rsquo;air paniqu\u00e9e, qui courait partout, a racont\u00e9 l&rsquo;une d&rsquo;entre elles aux journalistes. Les pompiers sont arriv\u00e9s, ils ont commenc\u00e9 \u00e0 faire un massage cardiaque, puis le drap blanc a \u00e9t\u00e9 sorti.\u00a0\u00bb<\/p>\n\n\n\n<p class=\"\">De source proche de l&rsquo;enqu\u00eate, l&rsquo;hypoth\u00e8se terroriste est \u00e9cart\u00e9e. La piste d&rsquo;une rixe est pour l&rsquo;heure privil\u00e9gi\u00e9e, sur fond de diff\u00e9rend sur la consommation d&rsquo;alcool des deux victimes.<\/p>\n\n\n\n<p class=\"\">Le maire de Bordeaux Pierre Hurmic, le pr\u00e9fet de Bordeaux Etienne Guyot et la procureure de la R\u00e9publique Fr\u00e9d\u00e9rique Porterie se sont rendus sur place. L&rsquo;enqu\u00eate judiciaire est en cours. \u00ab\u00a0Le secteur restera boucl\u00e9 par les forces de l&rsquo;ordre le temps n\u00e9cessaire\u00a0\u00bb, pr\u00e9cise le pr\u00e9fet sur X.<\/p>\n\n\n\n<p class=\"\">L&rsquo;acc\u00e8s aux quais de Bordeaux reste interdit mercredi soir. Sur le r\u00e9seau social X, le r\u00e9seau de transports bordelais TBM informe que le tramway A ne circule pas entre Stalingrad et M\u00e9riadeck. \u00ab\u00a0Les bus relais et la ligne 16 restent \u00e0 votre disposition\u00a0\u00bb, est-il \u00e9crit.<\/p>\n","protected":false},"excerpt":{"rendered":"<p>Une attaque au couteau a fait un mort et un bless\u00e9 grave \u00e0 Bordeaux, mercredi 10 avril dans la soir\u00e9e. Une premi\u00e8re agression a d&rsquo;abord eu lieu sur les quais de la Garonne, au niveau du Miroir d&rsquo;eau, peu avant 20 heures. La victime, bless\u00e9e mortellement, est un homme de nationalit\u00e9 alg\u00e9rienne, \u00e2g\u00e9 de 37 [&hellip;]<\/p>\n","protected":false},"author":2,"featured_media":27782,"comment_status":"open","ping_status":"open","sticky":false,"template":"","format":"standard","meta":{"_jetpack_memberships_contains_paid_content":false,"footnotes":"","jetpack_publicize_message":"","jetpack_publicize_feature_enabled":true,"jetpack_social_post_already_shared":true,"jetpack_social_options":{"image_generator_settings":{"template":"highway","default_image_id":0,"font":"","enabled":false},"version":2},"_wpas_customize_per_network":false},"categories":[405],"tags":[],"class_list":["post-27877","post","type-post","status-publish","format-standard","has-post-thumbnail","hentry","category-actu-france-monde"],"jetpack_publicize_connections":[],"jetpack_featured_media_url":"https:\/\/i0.wp.com\/www.iceagetv.com\/radiosite\/wp-content\/uploads\/2024\/04\/0Sr2QABM.jpg?fit=679%2C293&ssl=1","jetpack_sharing_enabled":true,"_links":{"self":[{"href":"https:\/\/www.iceagetv.com\/radiosite\/wp-json\/wp\/v2\/posts\/27877","targetHints":{"allow":["GET"]}}],"collection":[{"href":"https:\/\/www.iceagetv.com\/radiosite\/wp-json\/wp\/v2\/posts"}],"about":[{"href":"https:\/\/www.iceagetv.com\/radiosite\/wp-json\/wp\/v2\/types\/post"}],"author":[{"embeddable":true,"href":"https:\/\/www.iceagetv.com\/radiosite\/wp-json\/wp\/v2\/users\/2"}],"replies":[{"embeddable":true,"href":"https:\/\/www.iceagetv.com\/radiosite\/wp-json\/wp\/v2\/comments?post=27877"}],"version-history":[{"count":1,"href":"https:\/\/www.iceagetv.com\/radiosite\/wp-json\/wp\/v2\/posts\/27877\/revisions"}],"predecessor-version":[{"id":27878,"href":"https:\/\/www.iceagetv.com\/radiosite\/wp-json\/wp\/v2\/posts\/27877\/revisions\/27878"}],"wp:featuredmedia":[{"embeddable":true,"href":"https:\/\/www.iceagetv.com\/radiosite\/wp-json\/wp\/v2\/media\/27782"}],"wp:attachment":[{"href":"https:\/\/www.iceagetv.com\/radiosite\/wp-json\/wp\/v2\/media?parent=27877"}],"wp:term":[{"taxonomy":"category","embeddable":true,"href":"https:\/\/www.iceagetv.com\/radiosite\/wp-json\/wp\/v2\/categories?post=27877"},{"taxonomy":"post_tag","embeddable":true,"href":"https:\/\/www.iceagetv.com\/radiosite\/wp-json\/wp\/v2\/tags?post=27877"}],"curies":[{"name":"wp","href":"https:\/\/api.w.org\/{rel}","templated":true}]}}