{"id":27879,"date":"2024-04-11T11:38:20","date_gmt":"2024-04-11T11:38:20","guid":{"rendered":"https:\/\/www.iceagetv.com\/radiosite\/?p=27879"},"modified":"2024-04-11T11:38:20","modified_gmt":"2024-04-11T11:38:20","slug":"festival-de-cannes-coppola-lellouche-decouvrez-la-selection-officielle-de-la-77e-edition","status":"publish","type":"post","link":"https:\/\/www.iceagetv.com\/radiosite\/festival-de-cannes-coppola-lellouche-decouvrez-la-selection-officielle-de-la-77e-edition\/","title":{"rendered":"Festival de Cannes\u00a0: Coppola, Lellouche\u2026 D\u00e9couvrez la s\u00e9lection officielle de la 77e \u00e9dition"},"content":{"rendered":"\n<p class=\"\">Le Festival de Cannes a d\u00e9voil\u00e9 ce jeudi 11\u00a0avril la s\u00e9lection officielle de sa 77e \u00e9dition, qui se tiendra du 14 au 25\u00a0mai.\u00a0Sur les 19\u00a0films en comp\u00e9tition, on compte quatre r\u00e9alisatrices cette ann\u00e9e.<\/p>\n\n\n\n<p class=\"\">Le d\u00e9l\u00e9gu\u00e9 g\u00e9n\u00e9ral Thierry Fr\u00e9maux a d\u00e9voil\u00e9 ce jeudi 11\u00a0avril la s\u00e9lection de\u00a0<a href=\"https:\/\/www.ouest-france.fr\/cinema\/festival-cannes\/\" target=\"_blank\" rel=\"noreferrer noopener\">la 77e \u00e9dition du festival de Cannes<\/a>\u00a0lors d\u2019une conf\u00e9rence de presse \u00e0 Paris.<\/p>\n\n\n\n<p class=\"\">Pour la s\u00e9lection, une vingtaine de longs-m\u00e9trages ont \u00e9t\u00e9 retenus, sur plus de 2&nbsp;000&nbsp;films candidats. Sur les 19&nbsp;films en comp\u00e9tition, on compte quatre r\u00e9alisatrices cette ann\u00e9e.<\/p>\n\n\n\n<p class=\"\"><strong>Voici la liste des films en comp\u00e9tition&nbsp;:<\/strong><\/p>\n\n\n\n<p class=\"\"><em>The Apprentice<\/em>&nbsp;&#8211; Ali Abbasi<\/p>\n\n\n\n<p class=\"\"><em>Motel Destino<\/em>\u00a0\u2013 Karim A\u00efnouz<\/p>\n\n\n\n<p class=\"\"><em>Bird<\/em>\u00a0\u2013 Andrea Arnold<\/p>\n\n\n\n<p class=\"\"><em>Emilia Perez<\/em>\u00a0&#8211; Jacques Audiard<\/p>\n\n\n\n<p class=\"\"><em>Anora<\/em>&nbsp;&#8211; Sean Baker<\/p>\n\n\n\n<p class=\"\"><em>Megalopolis<\/em>\u00a0\u2013 Francis Ford Coppola<\/p>\n\n\n\n<p class=\"\"><br>Le d\u00e9l\u00e9gu\u00e9 g\u00e9n\u00e9ral Thierry Fr\u00e9maux a d\u00e9voil\u00e9 ce jeudi 11&nbsp;avril la s\u00e9lection de&nbsp;<a href=\"https:\/\/www.ouest-france.fr\/cinema\/festival-cannes\/\" target=\"_blank\" rel=\"noreferrer noopener\">la 77e \u00e9dition du festival de Cannes<\/a>&nbsp;lors d\u2019une conf\u00e9rence de presse \u00e0 Paris.<\/p>\n\n\n\n<p class=\"\">Elle se d\u00e9roulera du 14 au 25&nbsp;mai.&nbsp;Greta Gerwig, r\u00e9alisatrice de&nbsp;<em>\u00ab&nbsp;Barbie&nbsp;\u00bb<\/em>, pr\u00e9sidera ainsi le jury. Et George Lucas, 79&nbsp;ans, p\u00e8re de la saga&nbsp;<em>\u00ab&nbsp;Star Wars&nbsp;\u00bb<\/em>, inspirateur pour<em>&nbsp;\u00ab&nbsp;Indiana Jones&nbsp;\u00bb<\/em>&nbsp;(lanc\u00e9e derri\u00e8re la cam\u00e9ra par Steven Spielberg), recevra la Palme d\u2019or d\u2019honneur lors de la c\u00e9r\u00e9monie de cl\u00f4ture.<\/p>\n\n\n\n<figure class=\"wp-block-embed is-type-rich is-provider-prise-en-charge-des-contenus-embarqu-s wp-block-embed-prise-en-charge-des-contenus-embarqu-s\"><div class=\"wp-block-embed__wrapper\">\nhttps:\/\/youtube.com\/watch?v=c0FGPZDY5pk%3Fsi%3DmoEzeFZK_sEL9_jm\n<\/div><\/figure>\n\n\n\n<p class=\"\">Pour la s\u00e9lection, une vingtaine de longs-m\u00e9trages ont \u00e9t\u00e9 retenus, sur plus de 2&nbsp;000&nbsp;films candidats. Sur les 19&nbsp;films en comp\u00e9tition, on compte quatre r\u00e9alisatrices cette ann\u00e9e.<\/p>\n\n\n\n<p class=\"\"><strong>Voici la liste des films en comp\u00e9tition&nbsp;:<\/strong><\/p>\n\n\n\n<p class=\"\"><em>The Apprentice<\/em>&nbsp;&#8211; Ali Abbasi<\/p>\n\n\n\n<p class=\"\"><em>Motel Destino<\/em>&nbsp;\u2013 Karim A\u00efnouz<\/p>\n\n\n\n<p class=\"\">Faut-il classer la Tour Eiffel monument historique ?<\/p>\n\n\n\n<p class=\"\"><a href=\"https:\/\/www.ouest-france.fr\/espace-debat\/debats\/faut-il-classer-la-tour-eiffel-monument-historique-zeoeM\">D\u00e9battez&nbsp;!<\/a><\/p>\n\n\n\n<p class=\"\"><em>Bird<\/em>&nbsp;\u2013 Andrea Arnold<\/p>\n\n\n\n<p class=\"\"><a rel=\"noreferrer noopener\" href=\"https:\/\/popup.taboola.com\/fr\/?template=colorbox&amp;utm_source=ouest-france-ouest-france&amp;utm_medium=referral&amp;utm_content=thumbnails-mid-article:Mid%20Article%20Thumbnails:\" target=\"_blank\">Contenus Sponsoris\u00e9s<\/a><\/p>\n\n\n\n<p class=\"\">Ailleurs sur le web<\/p>\n\n\n\n<p class=\"\"><a href=\"https:\/\/www.prixtel.com\/\" rel=\"noreferrer noopener\" target=\"_blank\"><\/a><\/p>\n\n\n\n<p class=\"\"><a href=\"https:\/\/www.prixtel.com\/\" rel=\"noreferrer noopener\" target=\"_blank\"><\/a><a href=\"https:\/\/www.prixtel.com\/\" rel=\"noreferrer noopener\" target=\"_blank\"><strong>Forfaits sans engagement d\u00e8s 6\u20ac99. Disponible avec Esim<\/strong><strong>Prixtel<\/strong>En savoir plus<\/a><\/p>\n\n\n\n<p class=\"\"><a rel=\"noreferrer noopener\" href=\"https:\/\/popup.taboola.com\/fr\/?template=colorbox&amp;utm_source=ouest-france-ouest-france&amp;utm_medium=referral&amp;utm_content=thumbnails-mid-article:Mid%20Article%20Thumbnails:\" target=\"_blank\">par Taboola<\/a><\/p>\n\n\n\n<p class=\"\"><em>Emilia Perez<\/em>&nbsp;&#8211; Jacques Audiard<\/p>\n\n\n\n<p class=\"\"><em>Anora<\/em>&nbsp;&#8211; Sean Baker<\/p>\n\n\n\n<p class=\"\"><em>Megalopolis<\/em>&nbsp;\u2013 Francis Ford Coppola<\/p>\n\n\n\n<p class=\"\"><em>The Shrouds<\/em>&nbsp;&#8211; David Cronenberg<\/p>\n\n\n\n<p class=\"\"><em>The Substance<\/em>&nbsp;&#8211; Coralie Fargeat<\/p>\n\n\n\n<p class=\"\"><em>Grand Tour<\/em>&nbsp;\u2013 Miguel Gomes<\/p>\n\n\n\n<p class=\"\"><em>Marcello Mio<\/em>&nbsp;&#8211; Christophe Honor\u00e9<\/p>\n\n\n\n<p class=\"\"><em>Caught By the Tides<\/em>&nbsp;\u2013 Jia Zhang-Ke<\/p>\n\n\n\n<p class=\"\"><em>All We Imagine as Light<\/em>&nbsp;\u2013 Payal Kapadia<\/p>\n\n\n\n<p class=\"\"><em>Kinds of Kindness<\/em>&nbsp;&#8211; Yorgos Lanthimos<\/p>\n\n\n\n<p class=\"\"><em>L\u2019Amour ouf<\/em>&nbsp;&#8211; Gilles Lellouche<\/p>\n\n\n\n<p class=\"\"><em>Diamant Brut<\/em>&nbsp;&#8211; Agathe Riedinger (premier film)<\/p>\n\n\n\n<p class=\"\"><em>Oh Canada<\/em>&nbsp;&#8211; Paul Schrader<\/p>\n\n\n\n<p class=\"\"><em>Limonov<\/em>&nbsp;\u2013 Kirill Serebrennikov<\/p>\n\n\n\n<p class=\"\"><em>Parthenope<\/em>&nbsp;\u2013 Paolo Sorrentino<\/p>\n\n\n\n<p class=\"\"><em>The Girl With the Needle<\/em>\u00a0\u2013 Magnus Von Horn<\/p>\n\n\n\n<h2 class=\"wp-block-heading\" id=\"section-26-la-categorie-un-certain-regard-devoilee\">La cat\u00e9gorie Un Certain Regard d\u00e9voil\u00e9e<\/h2>\n\n\n\n<p class=\"\">Les films de la cat\u00e9gorie Un Certain Regard \u00e9taient \u00e9galement attendus. Parmi eux,&nbsp;<em>Norah<\/em>&nbsp;de Tawfik Alzaidi,&nbsp;<em>The Shameless<\/em>&nbsp;de Konstantin Bojanov,<em>&nbsp;Le Royaume<\/em>&nbsp;de Julien Colonna (premier film),&nbsp;<em>Vingt Dieux&nbsp;!<\/em>&nbsp;de Louise Courvoisier (premier film),&nbsp;<em>Le Proc\u00e8s du chien<\/em>&nbsp;de L\u00e6titia Dosch (premier film) ou encore&nbsp;<em>Black Dog<\/em>&nbsp;de Guan Hu.<\/p>\n\n\n\n<p class=\"\"><em>The Village Next to Paradise<\/em>&nbsp;de Mo Harawe (premier film),&nbsp;<em>September Says<\/em>&nbsp;d\u2019Ariane Labed (premier film),<em>&nbsp;L\u2019Histoire de Souleymane<\/em>&nbsp;de Boris Lojkine et&nbsp;<em>Les Damn\u00e9s<\/em>&nbsp;de Roberto Minervini figurent \u00e9galement dans la liste. C\u2019est aussi le cas d\u2019<em>On Becoming a Guinea Fowl<\/em>&nbsp;de Rungano Nyoni,&nbsp;<em>My Sunshine<\/em>&nbsp;de Hiroshi Okuyama,&nbsp;<em>Santosh<\/em>&nbsp;de Sandhya Suri,&nbsp;<em>Viet And Nam<\/em>&nbsp;de Truong Minh Qu\u00fd et&nbsp;<em>Armand<\/em>&nbsp;de Halfdan Ullmann Tondel (premier film).<\/p>\n","protected":false},"excerpt":{"rendered":"<p>Le Festival de Cannes a d\u00e9voil\u00e9 ce jeudi 11\u00a0avril la s\u00e9lection officielle de sa 77e \u00e9dition, qui se tiendra du 14 au 25\u00a0mai.\u00a0Sur les 19\u00a0films en comp\u00e9tition, on compte quatre r\u00e9alisatrices cette ann\u00e9e. Le d\u00e9l\u00e9gu\u00e9 g\u00e9n\u00e9ral Thierry Fr\u00e9maux a d\u00e9voil\u00e9 ce jeudi 11\u00a0avril la s\u00e9lection de\u00a0la 77e \u00e9dition du festival de Cannes\u00a0lors d\u2019une conf\u00e9rence de [&hellip;]<\/p>\n","protected":false},"author":2,"featured_media":27881,"comment_status":"open","ping_status":"open","sticky":false,"template":"","format":"standard","meta":{"_jetpack_memberships_contains_paid_content":false,"footnotes":"","jetpack_publicize_message":"","jetpack_publicize_feature_enabled":true,"jetpack_social_post_already_shared":true,"jetpack_social_options":{"image_generator_settings":{"template":"highway","default_image_id":0,"font":"","enabled":false},"version":2},"_wpas_customize_per_network":false},"categories":[68],"tags":[],"class_list":["post-27879","post","type-post","status-publish","format-standard","has-post-thumbnail","hentry","category-actu-culturelle"],"jetpack_publicize_connections":[],"jetpack_featured_media_url":"https:\/\/i0.wp.com\/www.iceagetv.com\/radiosite\/wp-content\/uploads\/2024\/04\/Festival-de-Cannes-.jpg?fit=543%2C319&ssl=1","jetpack_sharing_enabled":true,"_links":{"self":[{"href":"https:\/\/www.iceagetv.com\/radiosite\/wp-json\/wp\/v2\/posts\/27879","targetHints":{"allow":["GET"]}}],"collection":[{"href":"https:\/\/www.iceagetv.com\/radiosite\/wp-json\/wp\/v2\/posts"}],"about":[{"href":"https:\/\/www.iceagetv.com\/radiosite\/wp-json\/wp\/v2\/types\/post"}],"author":[{"embeddable":true,"href":"https:\/\/www.iceagetv.com\/radiosite\/wp-json\/wp\/v2\/users\/2"}],"replies":[{"embeddable":true,"href":"https:\/\/www.iceagetv.com\/radiosite\/wp-json\/wp\/v2\/comments?post=27879"}],"version-history":[{"count":1,"href":"https:\/\/www.iceagetv.com\/radiosite\/wp-json\/wp\/v2\/posts\/27879\/revisions"}],"predecessor-version":[{"id":27882,"href":"https:\/\/www.iceagetv.com\/radiosite\/wp-json\/wp\/v2\/posts\/27879\/revisions\/27882"}],"wp:featuredmedia":[{"embeddable":true,"href":"https:\/\/www.iceagetv.com\/radiosite\/wp-json\/wp\/v2\/media\/27881"}],"wp:attachment":[{"href":"https:\/\/www.iceagetv.com\/radiosite\/wp-json\/wp\/v2\/media?parent=27879"}],"wp:term":[{"taxonomy":"category","embeddable":true,"href":"https:\/\/www.iceagetv.com\/radiosite\/wp-json\/wp\/v2\/categories?post=27879"},{"taxonomy":"post_tag","embeddable":true,"href":"https:\/\/www.iceagetv.com\/radiosite\/wp-json\/wp\/v2\/tags?post=27879"}],"curies":[{"name":"wp","href":"https:\/\/api.w.org\/{rel}","templated":true}]}}