{"id":27884,"date":"2024-04-11T13:23:00","date_gmt":"2024-04-11T13:23:00","guid":{"rendered":"https:\/\/www.iceagetv.com\/radiosite\/?p=27884"},"modified":"2024-04-11T13:23:00","modified_gmt":"2024-04-11T13:23:00","slug":"adolescent-tue-a-romans-sur-isere-le-principal-suspect-dans-cette-affaire-place-en-garde-a-vue-apres-setre-rendu-lui-meme-au-service-denquete-annonce-le-parquet-de-valence","status":"publish","type":"post","link":"https:\/\/www.iceagetv.com\/radiosite\/adolescent-tue-a-romans-sur-isere-le-principal-suspect-dans-cette-affaire-place-en-garde-a-vue-apres-setre-rendu-lui-meme-au-service-denquete-annonce-le-parquet-de-valence\/","title":{"rendered":"Adolescent tu\u00e9 \u00e0 Romans-sur-Is\u00e8re: Le \u00ab\u00a0principal suspect\u00a0\u00bb dans cette affaire plac\u00e9 en garde \u00e0 vue apr\u00e8s s&rsquo;\u00eatre rendu lui-m\u00eame au service d&rsquo;enqu\u00eate, annonce le parquet de Valence"},"content":{"rendered":"\n<p class=\"\">Deux jours apr\u00e8s la mort d&rsquo;un adolescent de 15 ans \u00e0 Romans-sur-Is\u00e8re (Dr\u00f4me), victime d&rsquo;un coup de couteau, le \u00ab\u00a0principal suspect\u00a0\u00bb dans cette affaire a \u00e9t\u00e9 plac\u00e9 en garde \u00e0 vue, a annonc\u00e9 le parquet de Valence dans un communiqu\u00e9.<\/p>\n","protected":false},"excerpt":{"rendered":"<p>Deux jours apr\u00e8s la mort d&rsquo;un adolescent de 15 ans \u00e0 Romans-sur-Is\u00e8re (Dr\u00f4me), victime d&rsquo;un coup de couteau, le \u00ab\u00a0principal suspect\u00a0\u00bb dans cette affaire a \u00e9t\u00e9 plac\u00e9 en garde \u00e0 vue, a annonc\u00e9 le parquet de Valence dans un communiqu\u00e9.<\/p>\n","protected":false},"author":2,"featured_media":27885,"comment_status":"open","ping_status":"open","sticky":false,"template":"","format":"standard","meta":{"_jetpack_memberships_contains_paid_content":false,"footnotes":"","jetpack_publicize_message":"","jetpack_publicize_feature_enabled":true,"jetpack_social_post_already_shared":true,"jetpack_social_options":{"image_generator_settings":{"template":"highway","default_image_id":0,"font":"","enabled":false},"version":2},"_wpas_customize_per_network":false},"categories":[405],"tags":[],"class_list":["post-27884","post","type-post","status-publish","format-standard","has-post-thumbnail","hentry","category-actu-france-monde"],"jetpack_publicize_connections":[],"jetpack_featured_media_url":"https:\/\/i0.wp.com\/www.iceagetv.com\/radiosite\/wp-content\/uploads\/2024\/04\/Adolescent-tue-a-Romans-sur-Isere.jpg?fit=614%2C258&ssl=1","jetpack_sharing_enabled":true,"_links":{"self":[{"href":"https:\/\/www.iceagetv.com\/radiosite\/wp-json\/wp\/v2\/posts\/27884","targetHints":{"allow":["GET"]}}],"collection":[{"href":"https:\/\/www.iceagetv.com\/radiosite\/wp-json\/wp\/v2\/posts"}],"about":[{"href":"https:\/\/www.iceagetv.com\/radiosite\/wp-json\/wp\/v2\/types\/post"}],"author":[{"embeddable":true,"href":"https:\/\/www.iceagetv.com\/radiosite\/wp-json\/wp\/v2\/users\/2"}],"replies":[{"embeddable":true,"href":"https:\/\/www.iceagetv.com\/radiosite\/wp-json\/wp\/v2\/comments?post=27884"}],"version-history":[{"count":1,"href":"https:\/\/www.iceagetv.com\/radiosite\/wp-json\/wp\/v2\/posts\/27884\/revisions"}],"predecessor-version":[{"id":27886,"href":"https:\/\/www.iceagetv.com\/radiosite\/wp-json\/wp\/v2\/posts\/27884\/revisions\/27886"}],"wp:featuredmedia":[{"embeddable":true,"href":"https:\/\/www.iceagetv.com\/radiosite\/wp-json\/wp\/v2\/media\/27885"}],"wp:attachment":[{"href":"https:\/\/www.iceagetv.com\/radiosite\/wp-json\/wp\/v2\/media?parent=27884"}],"wp:term":[{"taxonomy":"category","embeddable":true,"href":"https:\/\/www.iceagetv.com\/radiosite\/wp-json\/wp\/v2\/categories?post=27884"},{"taxonomy":"post_tag","embeddable":true,"href":"https:\/\/www.iceagetv.com\/radiosite\/wp-json\/wp\/v2\/tags?post=27884"}],"curies":[{"name":"wp","href":"https:\/\/api.w.org\/{rel}","templated":true}]}}