{"id":27893,"date":"2024-04-12T12:36:00","date_gmt":"2024-04-12T12:36:00","guid":{"rendered":"https:\/\/www.iceagetv.com\/radiosite\/?p=27893"},"modified":"2024-04-12T12:36:00","modified_gmt":"2024-04-12T12:36:00","slug":"trois-mineurs-soupconnes-de-preparer-un-attentat-terroriste-en-allemagne-pour-un-motif-islamiste-arretes-et-places-en-detention-provisoire-lors-du-week-end-de-paques-a-annonce-ce-matin-la-justice-all","status":"publish","type":"post","link":"https:\/\/www.iceagetv.com\/radiosite\/trois-mineurs-soupconnes-de-preparer-un-attentat-terroriste-en-allemagne-pour-un-motif-islamiste-arretes-et-places-en-detention-provisoire-lors-du-week-end-de-paques-a-annonce-ce-matin-la-justice-all\/","title":{"rendered":"Trois mineurs soup\u00e7onn\u00e9s de pr\u00e9parer un attentat terroriste en Allemagne pour un motif islamiste arr\u00eat\u00e9s et plac\u00e9s en d\u00e9tention provisoire lors du week-end de P\u00e2ques, a annonc\u00e9 ce matin la justice allemande"},"content":{"rendered":"\n<p class=\"\">Trois mineurs soup\u00e7onn\u00e9s de pr\u00e9parer un attentat terroriste en Allemagne pour un motif islamiste ont \u00e9t\u00e9 arr\u00eat\u00e9s et plac\u00e9s en d\u00e9tention provisoire lors du week-end de P\u00e2ques, a annonc\u00e9 vendredi la justice allemande.<\/p>\n\n\n\n<p class=\"\">Les mandats d&rsquo;arr\u00eat concernent trois jeunes, deux filles de 15 et 16 ans et un gar\u00e7on de 15 ans originaires de Rh\u00e9nanie-du-Nord-Westphalie (nord-ouest), soup\u00e7onn\u00e9s d&rsquo;avoir \u00ab\u00a0planifi\u00e9 un attentat terroriste \u00e0 motivation islamiste et d&rsquo;avoir reconnu \u00eatre pr\u00eats \u00e0 le commettre\u00a0\u00bb, selon un communiqu\u00e9 du parquet de D\u00fcsseldorf (ouest).<\/p>\n\n\n\n<p class=\"\">\u00ab\u00a0En raison de l&rsquo;\u00e2ge des suspects et de l&rsquo;enqu\u00eate en cours\u00a0\u00bb, le parquet n&rsquo;a pas donn\u00e9 de d\u00e9tails suppl\u00e9mentaires sur ce qu&rsquo;ils pr\u00e9paraient.<\/p>\n\n\n\n<p class=\"\">Le quotidien allemand Bild affirme que les adolescents comptaient attaquer avec des couteaux et des cocktails molotov des policiers et des \u00e9glises au nom de l&rsquo;Etat islamique (EI).<\/p>\n\n\n\n<p class=\"\">\u00ab\u00a0Ils ont r\u00e9fl\u00e9chi \u00e0 se procurer des armes \u00e0 feu\u00a0\u00bb, ajoute le journal. Les autorit\u00e9s allemandes sont sur leurs gardes en ce qui concerne la menace islamiste, particuli\u00e8rement depuis le d\u00e9but du conflit le 7 octobre 2023 entre Isra\u00ebl et le mouvement islamique Hamas.<\/p>\n\n\n\n<p class=\"\">L&rsquo;Allemagne est un fervent d\u00e9fenseur d&rsquo;Isra\u00ebl car elle estime avoir une responsabilit\u00e9 particuli\u00e8re envers ce pays apr\u00e8s le massacre de six millions de Juifs par les nazis pendant l&rsquo;Holocauste.<\/p>\n","protected":false},"excerpt":{"rendered":"<p>Trois mineurs soup\u00e7onn\u00e9s de pr\u00e9parer un attentat terroriste en Allemagne pour un motif islamiste ont \u00e9t\u00e9 arr\u00eat\u00e9s et plac\u00e9s en d\u00e9tention provisoire lors du week-end de P\u00e2ques, a annonc\u00e9 vendredi la justice allemande. Les mandats d&rsquo;arr\u00eat concernent trois jeunes, deux filles de 15 et 16 ans et un gar\u00e7on de 15 ans originaires de Rh\u00e9nanie-du-Nord-Westphalie [&hellip;]<\/p>\n","protected":false},"author":2,"featured_media":27894,"comment_status":"open","ping_status":"open","sticky":false,"template":"","format":"standard","meta":{"_jetpack_memberships_contains_paid_content":false,"footnotes":"","jetpack_publicize_message":"","jetpack_publicize_feature_enabled":true,"jetpack_social_post_already_shared":true,"jetpack_social_options":{"image_generator_settings":{"template":"highway","default_image_id":0,"font":"","enabled":false},"version":2},"_wpas_customize_per_network":false},"categories":[405],"tags":[],"class_list":["post-27893","post","type-post","status-publish","format-standard","has-post-thumbnail","hentry","category-actu-france-monde"],"jetpack_publicize_connections":[],"jetpack_featured_media_url":"https:\/\/i0.wp.com\/www.iceagetv.com\/radiosite\/wp-content\/uploads\/2024\/04\/6_DEKiMf.jpg?fit=679%2C293&ssl=1","jetpack_sharing_enabled":true,"_links":{"self":[{"href":"https:\/\/www.iceagetv.com\/radiosite\/wp-json\/wp\/v2\/posts\/27893","targetHints":{"allow":["GET"]}}],"collection":[{"href":"https:\/\/www.iceagetv.com\/radiosite\/wp-json\/wp\/v2\/posts"}],"about":[{"href":"https:\/\/www.iceagetv.com\/radiosite\/wp-json\/wp\/v2\/types\/post"}],"author":[{"embeddable":true,"href":"https:\/\/www.iceagetv.com\/radiosite\/wp-json\/wp\/v2\/users\/2"}],"replies":[{"embeddable":true,"href":"https:\/\/www.iceagetv.com\/radiosite\/wp-json\/wp\/v2\/comments?post=27893"}],"version-history":[{"count":1,"href":"https:\/\/www.iceagetv.com\/radiosite\/wp-json\/wp\/v2\/posts\/27893\/revisions"}],"predecessor-version":[{"id":27895,"href":"https:\/\/www.iceagetv.com\/radiosite\/wp-json\/wp\/v2\/posts\/27893\/revisions\/27895"}],"wp:featuredmedia":[{"embeddable":true,"href":"https:\/\/www.iceagetv.com\/radiosite\/wp-json\/wp\/v2\/media\/27894"}],"wp:attachment":[{"href":"https:\/\/www.iceagetv.com\/radiosite\/wp-json\/wp\/v2\/media?parent=27893"}],"wp:term":[{"taxonomy":"category","embeddable":true,"href":"https:\/\/www.iceagetv.com\/radiosite\/wp-json\/wp\/v2\/categories?post=27893"},{"taxonomy":"post_tag","embeddable":true,"href":"https:\/\/www.iceagetv.com\/radiosite\/wp-json\/wp\/v2\/tags?post=27893"}],"curies":[{"name":"wp","href":"https:\/\/api.w.org\/{rel}","templated":true}]}}