{"id":27896,"date":"2024-04-12T13:27:55","date_gmt":"2024-04-12T13:27:55","guid":{"rendered":"https:\/\/www.iceagetv.com\/radiosite\/?p=27896"},"modified":"2024-04-12T13:27:55","modified_gmt":"2024-04-12T13:27:55","slug":"le-quai-dorsay-recommande-aux-francais-de-sabstenir-imperativement-de-se-rendre-en-iran-en-israel-et-au-liban","status":"publish","type":"post","link":"https:\/\/www.iceagetv.com\/radiosite\/le-quai-dorsay-recommande-aux-francais-de-sabstenir-imperativement-de-se-rendre-en-iran-en-israel-et-au-liban\/","title":{"rendered":"Le Quai d\u2019Orsay recommande aux Fran\u00e7ais de \u00ab\u00a0s\u2019abstenir imp\u00e9rativement\u00a0\u00bb de se rendre en Iran, en Isra\u00ebl et au Liban"},"content":{"rendered":"\n<p class=\"\">Depuis la destruction du consulat iranien \u00e0 Damas, dans une frappe attribu\u00e9e \u00e0 l\u2019aviation isra\u00e9lienne, et dans le contexte de la guerre en Isra\u00ebl et le Hamas, la situation au Proche-Orient se d\u00e9grade.<\/p>\n\n\n\n<p class=\"\">Les menaces de repr\u00e9sailles de l\u2019Iran contre Isra\u00ebl, <a href=\"https:\/\/www.lemonde.fr\/international\/article\/2024\/04\/02\/apres-les-frappes-attribuees-a-israel-sur-le-consulat-iranien-de-damas-teheran-face-a-un-dilemme-strategique_6225487_3210.html\">\u00e0 la suite d\u2019une frappe meurtri\u00e8re contre le consulat iranien \u00e0 Damas<\/a>, en Syrie, font monter la tension au Proche-Orient. Dans ce contexte, le minist\u00e8re des affaires \u00e9trang\u00e8res fran\u00e7ais <em>\u00ab&nbsp;recommande aux ressortissants fran\u00e7ais de s\u2019abstenir imp\u00e9rativement de se rendre en Iran, au Liban, en Isra\u00ebl et dans les territoires palestiniens&nbsp;\u00bb<\/em>, a fait savoir le Quai d\u2019Orsay, vendredi 12&nbsp;avril.<\/p>\n\n\n\n<p class=\"\">Signe concret de la d\u00e9gradation de la situation dans la r\u00e9gion, le minist\u00e8re a \u00e9galement demand\u00e9 le <em>\u00ab\u00a0retour des familles des agents diplomatiques de T\u00e9h\u00e9ran\u00a0\u00bb<\/em> ainsi que l\u2019interdiction des missions de fonctionnaires fran\u00e7ais dans ces pays. Quant \u00e0 la situation en mer Rouge, o\u00f9 les rebelles houthistes ont men\u00e9 des dizaines d\u2019attaques depuis novembre,<em> \u00ab\u00a0la France poursuivra son engagement pour garantir la s\u00fbret\u00e9 maritime et la libert\u00e9 de navigation, conform\u00e9ment au droit international\u00a0\u00bb<\/em>, assure le Quai d\u2019Orsay.Jeudi, les Etats-Unis avaient annonc\u00e9 qu\u2019ils restreignaient les mouvements en Isra\u00ebl des membres de leur personnel diplomatique et de leurs familles. Un g\u00e9n\u00e9ral am\u00e9ricain charg\u00e9 du Moyen-Orient, Michael Erik Kurilla, se trouve actuellement en Isra\u00ebl pour discuter avec les dirigeants militaires du pays des\u00a0<em>\u00ab\u00a0menaces s\u00e9curitaires dans la r\u00e9gion\u00a0\u00bb<\/em>, a fait savoir le porte-parole du Pentagone, Pat Ryder. Selon lui, cette visite, pr\u00e9vue avant les menaces iraniennes, a \u00e9t\u00e9 avanc\u00e9e\u00a0<em>\u00ab\u00a0en raison des r\u00e9cents d\u00e9veloppements\u00a0\u00bb<\/em>. La compagnie a\u00e9rienne allemande Lufthansa a, par ailleurs, annonc\u00e9 qu\u2019elle prolongeait la suspension de ses vols en partance et en direction de T\u00e9h\u00e9ran,\u00a0<em>\u00ab\u00a0probablement jusqu\u2019\u00e0 samedi\u00a0<\/em>[inclus]<em>\u00a0\u00bb<\/em>, en raison de ces tensions.Le 1<sup>er<\/sup>\u00a0avril, des frappes\u00a0<a href=\"https:\/\/www.lemonde.fr\/international\/article\/2024\/04\/02\/apres-les-frappes-attribuees-a-israel-sur-le-consulat-iranien-de-damas-teheran-face-a-un-dilemme-strategique_6225487_3210.html\">attribu\u00e9es \u00e0 l\u2019aviation isra\u00e9lienne ont d\u00e9truit le consulat iranien \u00e0 Damas<\/a>\u00a0et ont fait seize morts, dont sept membres du corps des gardiens de la r\u00e9volution, l\u2019arm\u00e9e id\u00e9ologique de la R\u00e9publique islamique, selon l\u2019Observatoire syrien des droits de l\u2019homme. Apr\u00e8s des entretiens t\u00e9l\u00e9phoniques avec ses homologues allemand, australien et britannique, le chef de la diplomatie iranienne, Hossein Amir Abdollahian, a \u00e9voqu\u00e9 la\u00a0<em>\u00ab\u00a0n\u00e9cessit\u00e9\u00a0\u00bb<\/em>\u00a0pour T\u00e9h\u00e9ran de r\u00e9pondre \u00e0 ces frappes, tout en cherchant \u00e0\u00a0<em>\u00ab\u00a0\u00e9viter les tensions\u00a0\u00bb<\/em>.Le ministre isra\u00e9lien des affaires \u00e9trang\u00e8res, Isra\u00ebl Katz, a r\u00e9pliqu\u00e9 sur son compte\u00a0X, y d\u00e9clarant\u00a0:\u00a0<em>\u00ab\u00a0Si l\u2019Iran m\u00e8ne une attaque depuis son territoire, Isra\u00ebl r\u00e9pondra et attaquera l\u2019Iran.\u00a0\u00bb \u00ab\u00a0Nous sommes en pleine guerre \u00e0 Gaza, qui continue \u00e0 plein r\u00e9gime\u00a0<\/em>(\u2026)<em>, mais nous nous pr\u00e9parons aussi \u00e0 faire face \u00e0 des d\u00e9fis sur d\u2019autres th\u00e9\u00e2tres\u00a0\u00bb<\/em>\u00a0d\u2019op\u00e9rations, a pr\u00e9venu jeudi le premier ministre isra\u00e9lien, Benyamin N\u00e9tanyahou.<\/p>\n\n\n\n<p class=\"\">La Maison Blanche a pr\u00e9cis\u00e9 jeudi avoir <em>\u00ab&nbsp;mis en garde&nbsp;\u00bb<\/em> l\u2019Iran, tandis que le secr\u00e9taire d\u2019Etat, Antony Blinken, s\u2019est entretenu par t\u00e9l\u00e9phone avec ses homologues chinois, turc et saoudien, les appelant \u00e0 faire pression sur T\u00e9h\u00e9ran contre toute attaque visant Isra\u00ebl, selon le d\u00e9partement d\u2019Etat.<\/p>\n\n\n\n<p class=\"\"><em>\u00ab&nbsp;Comme je l\u2019ai dit au premier ministre N\u00e9tanyahou, notre engagement pour la s\u00e9curit\u00e9 d\u2019Isra\u00ebl face \u00e0 ces menaces de l\u2019Iran et de ses alli\u00e9s est in\u00e9branlable<\/em>, <a href=\"https:\/\/www.lemonde.fr\/international\/article\/2024\/04\/11\/face-a-la-menace-d-une-attaque-iranienne-joe-biden-reaffirme-son-soutien-a-israel_6227172_3210.html\">a par ailleurs d\u00e9clar\u00e9 cette semaine le pr\u00e9sident am\u00e9ricain, Joe Biden<\/a>, avant d\u2019insister&nbsp;:<em> Je r\u00e9p\u00e8te&nbsp;: in\u00e9branlable. Nous ferons tout ce que nous pourrons pour prot\u00e9ger la s\u00e9curit\u00e9 d\u2019Isra\u00ebl.&nbsp;\u00bb <\/em>La Russie et l\u2019Allemagne ont appel\u00e9, de leur c\u00f4t\u00e9, \u00e0 la <em>\u00ab&nbsp;retenue&nbsp;\u00bb<\/em>, afin d\u2019\u00e9viter une escalade au Proche-Orient.<\/p>\n\n\n\n<h2 class=\"wp-block-heading\">Les discussions pour une tr\u00eave \u00e0 Gaza patinent<\/h2>\n\n\n\n<p class=\"\">Cette potentielle r\u00e9plique de l\u2019Iran aux frappes isra\u00e9liennes contre son consulat survient alors que les discussions diplomatiques autour d\u2019une tr\u00eave entre Isra\u00ebl et le Hamas n\u2019ont pas permis jusqu\u2019\u00e0 pr\u00e9sent de parvenir \u00e0 un compromis. Jeudi, Isra\u00ebl a accus\u00e9 le Hamas de <em>\u00ab&nbsp;tourner le dos&nbsp;\u00bb<\/em> \u00e0 une <em>\u00ab&nbsp;offre tr\u00e8s raisonnable&nbsp;\u00bb<\/em>.<\/p>\n","protected":false},"excerpt":{"rendered":"<p>Depuis la destruction du consulat iranien \u00e0 Damas, dans une frappe attribu\u00e9e \u00e0 l\u2019aviation isra\u00e9lienne, et dans le contexte de la guerre en Isra\u00ebl et le Hamas, la situation au Proche-Orient se d\u00e9grade. Les menaces de repr\u00e9sailles de l\u2019Iran contre Isra\u00ebl, \u00e0 la suite d\u2019une frappe meurtri\u00e8re contre le consulat iranien \u00e0 Damas, en Syrie, [&hellip;]<\/p>\n","protected":false},"author":2,"featured_media":27897,"comment_status":"open","ping_status":"open","sticky":false,"template":"","format":"standard","meta":{"_jetpack_memberships_contains_paid_content":false,"footnotes":"","jetpack_publicize_message":"","jetpack_publicize_feature_enabled":true,"jetpack_social_post_already_shared":true,"jetpack_social_options":{"image_generator_settings":{"template":"highway","default_image_id":0,"font":"","enabled":false},"version":2},"_wpas_customize_per_network":false},"categories":[405],"tags":[],"class_list":["post-27896","post","type-post","status-publish","format-standard","has-post-thumbnail","hentry","category-actu-france-monde"],"jetpack_publicize_connections":[],"jetpack_featured_media_url":"https:\/\/i0.wp.com\/www.iceagetv.com\/radiosite\/wp-content\/uploads\/2024\/04\/Le-Quai-dOrsay-recommande-aux-Francais.jpg?fit=556%2C371&ssl=1","jetpack_sharing_enabled":true,"_links":{"self":[{"href":"https:\/\/www.iceagetv.com\/radiosite\/wp-json\/wp\/v2\/posts\/27896","targetHints":{"allow":["GET"]}}],"collection":[{"href":"https:\/\/www.iceagetv.com\/radiosite\/wp-json\/wp\/v2\/posts"}],"about":[{"href":"https:\/\/www.iceagetv.com\/radiosite\/wp-json\/wp\/v2\/types\/post"}],"author":[{"embeddable":true,"href":"https:\/\/www.iceagetv.com\/radiosite\/wp-json\/wp\/v2\/users\/2"}],"replies":[{"embeddable":true,"href":"https:\/\/www.iceagetv.com\/radiosite\/wp-json\/wp\/v2\/comments?post=27896"}],"version-history":[{"count":1,"href":"https:\/\/www.iceagetv.com\/radiosite\/wp-json\/wp\/v2\/posts\/27896\/revisions"}],"predecessor-version":[{"id":27898,"href":"https:\/\/www.iceagetv.com\/radiosite\/wp-json\/wp\/v2\/posts\/27896\/revisions\/27898"}],"wp:featuredmedia":[{"embeddable":true,"href":"https:\/\/www.iceagetv.com\/radiosite\/wp-json\/wp\/v2\/media\/27897"}],"wp:attachment":[{"href":"https:\/\/www.iceagetv.com\/radiosite\/wp-json\/wp\/v2\/media?parent=27896"}],"wp:term":[{"taxonomy":"category","embeddable":true,"href":"https:\/\/www.iceagetv.com\/radiosite\/wp-json\/wp\/v2\/categories?post=27896"},{"taxonomy":"post_tag","embeddable":true,"href":"https:\/\/www.iceagetv.com\/radiosite\/wp-json\/wp\/v2\/tags?post=27896"}],"curies":[{"name":"wp","href":"https:\/\/api.w.org\/{rel}","templated":true}]}}