{"id":27909,"date":"2024-04-14T08:13:03","date_gmt":"2024-04-14T08:13:03","guid":{"rendered":"https:\/\/www.iceagetv.com\/radiosite\/?p=27909"},"modified":"2024-04-14T08:13:03","modified_gmt":"2024-04-14T08:13:03","slug":"le-coup-de-gueule-de-michel-cymes-a-propos-de-larret-en-juin-prochain-du-magazine-de-la-sante-sur-france-5-cest-du-gachis-je-prends-ca-vraiment-mal-on-est-la-reference-a-la-tele-depuis","status":"publish","type":"post","link":"https:\/\/www.iceagetv.com\/radiosite\/le-coup-de-gueule-de-michel-cymes-a-propos-de-larret-en-juin-prochain-du-magazine-de-la-sante-sur-france-5-cest-du-gachis-je-prends-ca-vraiment-mal-on-est-la-reference-a-la-tele-depuis\/","title":{"rendered":"Le coup de gueule de Michel Cymes \u00e0 propos de l&rsquo;arr\u00eat, en juin prochain, du \u00ab\u00a0Magazine de la Sant\u00e9\u00a0\u00bb sur France 5 : \u00ab\u00a0C&rsquo;est du g\u00e2chis. Je prends \u00e7a vraiment mal. On est la r\u00e9f\u00e9rence \u00e0 la t\u00e9l\u00e9 depuis 25 ans !\u00a0\u00bb"},"content":{"rendered":"\n<p class=\"\">\u00ab\u00a0Le Mag de la sant\u00e9\u00a0\u00bb, diffus\u00e9 depuis 1998 sur France 5, va prendre fin \u00e0 la fin de la saison. Il faut dire que l&rsquo;\u00e9mission qui est diffus\u00e9e tous les jours, du lundi au vendredi sur France 5 est en net repli c\u00f4t\u00e9 audiences, avec seulement 400.000 t\u00e9l\u00e9spectateurs en moyenne, bien loin des scores de ses premi\u00e8res ann\u00e9es. En 2019, par exemple, \u00ab\u00a0le magazine de la sant\u00e9\u00a0\u00bb attirait jusqu&rsquo;\u00e0 700.000 personnes voir m\u00eame plus de 800.000 en 2010. Mais c&rsquo;est la crise du COVID, qui aura vu les audiences s&rsquo;envoler au-dessus du million, afin de rechuter depuis deux ans.<\/p>\n\n\n\n<p class=\"\">France 5 a donc d\u00e9cid\u00e9 de mettre fin \u00e0 ce programme, mais cela est loin de satisfaire Michel Cymes, pr\u00e9sentateur historique mais aussi co-producteur du programme qui le dit dans T\u00e9l\u00e9 Stars :<\/p>\n\n\n\n<p class=\"\">\u00ab\u00a0Je prends mal l&rsquo;arr\u00eat du Magazine de la sant\u00e9 parce que c&rsquo;est notre b\u00e9b\u00e9. Cela fait vingt-cinq ans qu&rsquo;on a fait de lui l&rsquo;\u00e9mission de r\u00e9f\u00e9rence historique de la sant\u00e9 \u00e0 la t\u00e9l\u00e9. Il n&rsquo;y aura donc plus d&rsquo;\u00e9mission sant\u00e9 autre que les \u00e9v\u00e9nementiels sur le service public. Le Magazine de la sant\u00e9 est victime de la gu\u00e9guerre entre France T\u00e9l\u00e9visions et TF1, actionnaire majoritaire de Newen, qui englobe notre soci\u00e9t\u00e9 de production 17 juin Media qui produit l&rsquo;\u00e9mission. C&rsquo;est du g\u00e2chis.<\/p>\n\n\n\n<p class=\"\">Moi, je ne pr\u00e9sente plus le Magazine de la sant\u00e9 depuis longtemps. J&rsquo;ai 66 ans, je ne suis pas l&rsquo;avenir de la sant\u00e9 \u00e0 la t\u00e9l\u00e9. Pour l&rsquo;instant, on g\u00e8re en interne sur le plan social. Ce sera quand m\u00eame 25 personnes qui bossent avec nous depuis vingt-cinq ans qui vont se retrouver sur le carreau.&rsquo;<\/p>\n","protected":false},"excerpt":{"rendered":"<p>\u00ab\u00a0Le Mag de la sant\u00e9\u00a0\u00bb, diffus\u00e9 depuis 1998 sur France 5, va prendre fin \u00e0 la fin de la saison. Il faut dire que l&rsquo;\u00e9mission qui est diffus\u00e9e tous les jours, du lundi au vendredi sur France 5 est en net repli c\u00f4t\u00e9 audiences, avec seulement 400.000 t\u00e9l\u00e9spectateurs en moyenne, bien loin des scores de [&hellip;]<\/p>\n","protected":false},"author":2,"featured_media":27910,"comment_status":"open","ping_status":"open","sticky":false,"template":"","format":"standard","meta":{"_jetpack_memberships_contains_paid_content":false,"footnotes":"","jetpack_publicize_message":"","jetpack_publicize_feature_enabled":true,"jetpack_social_post_already_shared":true,"jetpack_social_options":{"image_generator_settings":{"template":"highway","default_image_id":0,"font":"","enabled":false},"version":2},"_wpas_customize_per_network":false},"categories":[68],"tags":[],"class_list":["post-27909","post","type-post","status-publish","format-standard","has-post-thumbnail","hentry","category-actu-culturelle"],"jetpack_publicize_connections":[],"jetpack_featured_media_url":"https:\/\/i0.wp.com\/www.iceagetv.com\/radiosite\/wp-content\/uploads\/2024\/04\/Le-coup-de-gueule-de-Michel-Cymes.jpg?fit=679%2C293&ssl=1","jetpack_sharing_enabled":true,"_links":{"self":[{"href":"https:\/\/www.iceagetv.com\/radiosite\/wp-json\/wp\/v2\/posts\/27909","targetHints":{"allow":["GET"]}}],"collection":[{"href":"https:\/\/www.iceagetv.com\/radiosite\/wp-json\/wp\/v2\/posts"}],"about":[{"href":"https:\/\/www.iceagetv.com\/radiosite\/wp-json\/wp\/v2\/types\/post"}],"author":[{"embeddable":true,"href":"https:\/\/www.iceagetv.com\/radiosite\/wp-json\/wp\/v2\/users\/2"}],"replies":[{"embeddable":true,"href":"https:\/\/www.iceagetv.com\/radiosite\/wp-json\/wp\/v2\/comments?post=27909"}],"version-history":[{"count":1,"href":"https:\/\/www.iceagetv.com\/radiosite\/wp-json\/wp\/v2\/posts\/27909\/revisions"}],"predecessor-version":[{"id":27911,"href":"https:\/\/www.iceagetv.com\/radiosite\/wp-json\/wp\/v2\/posts\/27909\/revisions\/27911"}],"wp:featuredmedia":[{"embeddable":true,"href":"https:\/\/www.iceagetv.com\/radiosite\/wp-json\/wp\/v2\/media\/27910"}],"wp:attachment":[{"href":"https:\/\/www.iceagetv.com\/radiosite\/wp-json\/wp\/v2\/media?parent=27909"}],"wp:term":[{"taxonomy":"category","embeddable":true,"href":"https:\/\/www.iceagetv.com\/radiosite\/wp-json\/wp\/v2\/categories?post=27909"},{"taxonomy":"post_tag","embeddable":true,"href":"https:\/\/www.iceagetv.com\/radiosite\/wp-json\/wp\/v2\/tags?post=27909"}],"curies":[{"name":"wp","href":"https:\/\/api.w.org\/{rel}","templated":true}]}}