{"id":27912,"date":"2024-04-14T12:21:22","date_gmt":"2024-04-14T12:21:22","guid":{"rendered":"https:\/\/www.iceagetv.com\/radiosite\/?p=27912"},"modified":"2024-04-14T12:21:22","modified_gmt":"2024-04-14T12:21:22","slug":"tensions-au-proche-orient-la-france-recommande-a-ses-ressortissants-de-quitter-temporairement-liran","status":"publish","type":"post","link":"https:\/\/www.iceagetv.com\/radiosite\/tensions-au-proche-orient-la-france-recommande-a-ses-ressortissants-de-quitter-temporairement-liran\/","title":{"rendered":"Tensions au Proche-Orient : la France recommande \u00e0 ses ressortissants de \u00ab\u00a0quitter temporairement\u00a0\u00bb l&rsquo;Iran"},"content":{"rendered":"\n<p class=\"\">Apr\u00e8s les tirs op\u00e9r\u00e9s par l&rsquo;Iran pour attaquer Isra\u00ebl, le minist\u00e8re des Affaires \u00e9trang\u00e8res recommande aux Fran\u00e7ais de quitter l&rsquo;Iran en raison d&rsquo;un \u00ab\u00a0risque d&rsquo;escalade militaire\u00a0\u00bb.<\/p>\n\n\n\n<p class=\"\">Apr\u00e8s la nuit de frappes op\u00e9r\u00e9es par l&rsquo;Iran et visant Isra\u00ebl, le quai d&rsquo;Orsay recommande dimanche 14 avril aux ressortissants fran\u00e7ais de&nbsp;<em>\u00ab\u00a0quitter temporairement\u00a0\u00bb<\/em>&nbsp;l&rsquo;Iran,&nbsp;du fait d&rsquo;un&nbsp;<em>\u00ab\u00a0risque d&rsquo;escalade militaire\u00a0\u00bb<\/em>.<em>&nbsp;\u00ab\u00a0En raison du nouveau palier franchi\u00a0\u00bb<\/em>, l&rsquo;ambassade de France \u00e0 T\u00e9h\u00e9ran conseille par ailleurs&nbsp;<em>\u00ab\u00a0de faire preuve de la plus grande prudence dans les d\u00e9placements\u00a0\u00bb et \u00ab\u00a0d&rsquo;\u00e9viter tout rassemblement\u00a0\u00bb<\/em>, selon&nbsp;<a href=\"https:\/\/www.diplomatie.gouv.fr\/fr\/conseils-aux-voyageurs\/conseils-par-pays-destination\/iran\/\" target=\"_blank\" rel=\"noreferrer noopener\">le site du minist\u00e8re<\/a>.&nbsp;Vendredi, Paris avait d\u00e9j\u00e0 demand\u00e9 aux Fran\u00e7ais&nbsp;<em>\u00ab\u00a0de s\u2019abstenir imp\u00e9rativement de se rendre en Iran, au Liban, en Isra\u00ebl et dans les territoires palestiniens\u00a0\u00bb<\/em>.&nbsp;Suivez notre direct.<\/p>\n\n\n\n<p class=\"\"><strong>L&rsquo;arm\u00e9e fran\u00e7aise a eu recours \u00e0 des moyens de d\u00e9fense a\u00e9rienne.&nbsp;<\/strong>Dans la nuit du samedi au dimanche, l&rsquo;arm\u00e9e fran\u00e7aise a intercept\u00e9 des tirs op\u00e9r\u00e9s par l&rsquo;Iran contre Isra\u00ebl dans le cadre de&nbsp;<em>\u00ab\u00a0mesures d&rsquo;autoprotection\u00a0\u00bb<\/em>, fait savoir une source militaire fran\u00e7aise \u00e0 franceinfo. Alors que&nbsp;<a href=\"https:\/\/www.francetvinfo.fr\/monde\/proche-orient\/israel-palestine\/guerre-au-proche-orient-l-iran-lance-une-attaque-sans-precedent-de-drones-et-de-missiles-contre-israel_6485786.html\">plus de 300&nbsp;drones et missiles<\/a>&nbsp;ont \u00e9t\u00e9 tir\u00e9s en direction du territoire isra\u00e9lien, et d\u00e9truits&nbsp;<em>\u00ab\u00a0en grande majorit\u00e9\u00a0\u00bb<\/em>&nbsp;par Isra\u00ebl et les Etats-Unis, l&rsquo;arm\u00e9e fran\u00e7aise&nbsp;a&nbsp;<em>\u00ab\u00a0contribu\u00e9 \u00e0 la surveillance\u00a0\u00bb&nbsp;<\/em>des emprises militaires qu&rsquo;elle utilise dans la r\u00e9gion, en Jordanie notamment. Les militaires tricolores ont ainsi eu recours \u00e0 des moyens de d\u00e9fense a\u00e9rienne&nbsp;<em>\u00ab\u00a0qui peuvent \u00eatre au sol et dans les airs\u00a0\u00bb<\/em>, poursuit cette m\u00eame source.&nbsp;<\/p>\n\n\n\n<p class=\"\"><strong>&nbsp;<\/strong><strong>Le Royaume-Uni confirme avoir abattu des missiles iraniens.<\/strong>&nbsp;Le Premier ministre britannique, Rishi Sunak, a fait savoir&nbsp;que des avions britanniques ont abattu un certain nombre de drones d&rsquo;attaque iraniens, dans le cadre d&rsquo;un&nbsp;<em>\u00ab\u00a0<\/em><em>effort international coordonn\u00e9\u00a0\u00bb<\/em>&nbsp;pour intercepter les missiles et les drones tir\u00e9s par l\u2019Iran.<\/p>\n\n\n\n<p class=\"\"><br><br><strong>&nbsp;Un \u00ab\u00a0essaim\u00a0\u00bb de plusieurs types d&rsquo;engins.<\/strong>&nbsp;Selon l&rsquo;arm\u00e9e isra\u00e9lienne, l&rsquo;Iran a&nbsp;<em>\u00ab\u00a0lanc\u00e9 un essaim\u00a0\u00bb&nbsp;<\/em>de<em>&nbsp;\u00ab\u00a0drones tueurs, des missiles balistiques et des missiles de croisi\u00e8re\u00a0\u00bb<\/em>, qui ont vis\u00e9 une base militaire du sud du pays mais n&rsquo;ont pas engendr\u00e9 de destruction importante.&nbsp;De son c\u00f4t\u00e9, l&rsquo;agence officielle iranienne Irna assure que les tirs ont, \u00e0 l&rsquo;inverse, provoqu\u00e9 de&nbsp;<em>\u00ab\u00a0s\u00e9rieux d\u00e9g\u00e2ts\u00a0\u00bb.&nbsp;<\/em>Des roquettes ont par ailleurs \u00e9t\u00e9 tir\u00e9es sur Isra\u00ebl depuis le Liban et le Y\u00e9men.<em>&nbsp;<\/em>Une fillette est toujours entre la vie et la mort apr\u00e8s avoir \u00e9t\u00e9 touch\u00e9e par des d\u00e9bris de drone dans la ville d&rsquo;Arad.&nbsp;<\/p>\n\n\n\n<p class=\"\"><em><strong>&nbsp;Pour l&rsquo;Iran, l&rsquo;affaire est close.<\/strong>&nbsp;\u00ab\u00a0L&rsquo;op\u00e9ration Promesse honn\u00eate a \u00e9t\u00e9 men\u00e9e avec succ\u00e8s entre hier soir et ce matin, et a atteint tous ses objectifs\u00a0\u00bb, a d\u00e9clar\u00e9 dimanche&nbsp;\u00e0 la t\u00e9l\u00e9vision iranienne le g\u00e9n\u00e9ral Mohammad Bagheri, chef des forces arm\u00e9es du pays. Attendue par Isra\u00ebl et ses alli\u00e9s ces derniers jours, cette attaque est pr\u00e9sent\u00e9e par l&rsquo;Iran comme une r\u00e9ponse \u00e0 la frappe attribu\u00e9e \u00e0 Isra\u00ebl de son consulat \u00e0 Damas (Syrie) le 1er&nbsp;avril, qui avait fait 16&nbsp;morts dont deux g\u00e9n\u00e9raux du r\u00e9gime islamique.&nbsp;<\/em><\/p>\n\n\n\n<p class=\"\"><em><strong>&nbsp;<\/strong><\/em><strong>Emmanuel Macron \u00ab\u00a0condamne\u00a0\u00bb l&rsquo;attaque iranienne.&nbsp;<\/strong><a href=\"https:\/\/x.com\/EmmanuelMacron\/status\/1779419464389255287\" target=\"_blank\" rel=\"noreferrer noopener\">Sur le r\u00e9seau social X,<\/a>&nbsp;le pr\u00e9sident fran\u00e7ais a fustig\u00e9&nbsp;<em>\u00ab\u00a0avec la plus grande fermet\u00e9\u00a0\u00bb<\/em>&nbsp;l&rsquo;op\u00e9ration men\u00e9e par l&rsquo;Iran,<em>&nbsp;\u00ab\u00a0<\/em><em>qui menace de d\u00e9stabiliser la r\u00e9gion\u00a0\u00bb<\/em>&nbsp;a-t-il alert\u00e9.&nbsp;<em>\u00ab\u00a0J&rsquo;exprime ma solidarit\u00e9 avec le peuple isra\u00e9lien et l&rsquo;attachement de la France \u00e0 la s\u00e9curit\u00e9 d&rsquo;Isra\u00ebl, de nos partenaires et \u00e0 la stabilit\u00e9 r\u00e9gionale\u00a0\u00bb<\/em>, a d\u00e9clar\u00e9 le chef de l&rsquo;Etat, assurant que<em>&nbsp;\u00ab\u00a0la France travaille \u00e0 la d\u00e9sescalade avec ses partenaires\u00a0\u00bb<\/em>.<\/p>\n","protected":false},"excerpt":{"rendered":"<p>Apr\u00e8s les tirs op\u00e9r\u00e9s par l&rsquo;Iran pour attaquer Isra\u00ebl, le minist\u00e8re des Affaires \u00e9trang\u00e8res recommande aux Fran\u00e7ais de quitter l&rsquo;Iran en raison d&rsquo;un \u00ab\u00a0risque d&rsquo;escalade militaire\u00a0\u00bb. Apr\u00e8s la nuit de frappes op\u00e9r\u00e9es par l&rsquo;Iran et visant Isra\u00ebl, le quai d&rsquo;Orsay recommande dimanche 14 avril aux ressortissants fran\u00e7ais de&nbsp;\u00ab\u00a0quitter temporairement\u00a0\u00bb&nbsp;l&rsquo;Iran,&nbsp;du fait d&rsquo;un&nbsp;\u00ab\u00a0risque d&rsquo;escalade militaire\u00a0\u00bb.&nbsp;\u00ab\u00a0En raison du [&hellip;]<\/p>\n","protected":false},"author":2,"featured_media":27913,"comment_status":"open","ping_status":"open","sticky":false,"template":"","format":"standard","meta":{"_jetpack_memberships_contains_paid_content":false,"footnotes":"","jetpack_publicize_message":"","jetpack_publicize_feature_enabled":true,"jetpack_social_post_already_shared":true,"jetpack_social_options":{"image_generator_settings":{"template":"highway","default_image_id":0,"font":"","enabled":false},"version":2},"_wpas_customize_per_network":false},"categories":[405],"tags":[],"class_list":["post-27912","post","type-post","status-publish","format-standard","has-post-thumbnail","hentry","category-actu-france-monde"],"jetpack_publicize_connections":[],"jetpack_featured_media_url":"https:\/\/i0.wp.com\/www.iceagetv.com\/radiosite\/wp-content\/uploads\/2024\/04\/Tensions-au-Proche-Orient.jpg?fit=879%2C485&ssl=1","jetpack_sharing_enabled":true,"_links":{"self":[{"href":"https:\/\/www.iceagetv.com\/radiosite\/wp-json\/wp\/v2\/posts\/27912","targetHints":{"allow":["GET"]}}],"collection":[{"href":"https:\/\/www.iceagetv.com\/radiosite\/wp-json\/wp\/v2\/posts"}],"about":[{"href":"https:\/\/www.iceagetv.com\/radiosite\/wp-json\/wp\/v2\/types\/post"}],"author":[{"embeddable":true,"href":"https:\/\/www.iceagetv.com\/radiosite\/wp-json\/wp\/v2\/users\/2"}],"replies":[{"embeddable":true,"href":"https:\/\/www.iceagetv.com\/radiosite\/wp-json\/wp\/v2\/comments?post=27912"}],"version-history":[{"count":1,"href":"https:\/\/www.iceagetv.com\/radiosite\/wp-json\/wp\/v2\/posts\/27912\/revisions"}],"predecessor-version":[{"id":27914,"href":"https:\/\/www.iceagetv.com\/radiosite\/wp-json\/wp\/v2\/posts\/27912\/revisions\/27914"}],"wp:featuredmedia":[{"embeddable":true,"href":"https:\/\/www.iceagetv.com\/radiosite\/wp-json\/wp\/v2\/media\/27913"}],"wp:attachment":[{"href":"https:\/\/www.iceagetv.com\/radiosite\/wp-json\/wp\/v2\/media?parent=27912"}],"wp:term":[{"taxonomy":"category","embeddable":true,"href":"https:\/\/www.iceagetv.com\/radiosite\/wp-json\/wp\/v2\/categories?post=27912"},{"taxonomy":"post_tag","embeddable":true,"href":"https:\/\/www.iceagetv.com\/radiosite\/wp-json\/wp\/v2\/tags?post=27912"}],"curies":[{"name":"wp","href":"https:\/\/api.w.org\/{rel}","templated":true}]}}