{"id":27915,"date":"2024-04-15T10:59:25","date_gmt":"2024-04-15T10:59:25","guid":{"rendered":"https:\/\/www.iceagetv.com\/radiosite\/?p=27915"},"modified":"2024-04-15T10:59:25","modified_gmt":"2024-04-15T10:59:25","slug":"le-jeune-algerien-de-18-ans-sous-oqtf-arrete-avec-une-carabine-sous-sa-djellaba-et-deja-soupconne-de-vol-avec-violences-a-ete-remis-en-liberte-apres-sa-garde-a-vue","status":"publish","type":"post","link":"https:\/\/www.iceagetv.com\/radiosite\/le-jeune-algerien-de-18-ans-sous-oqtf-arrete-avec-une-carabine-sous-sa-djellaba-et-deja-soupconne-de-vol-avec-violences-a-ete-remis-en-liberte-apres-sa-garde-a-vue\/","title":{"rendered":"Le jeune Alg\u00e9rien de 18 ans, sous OQTF, arr\u00eat\u00e9 avec une carabine sous sa djellaba, et d\u00e9j\u00e0 soup\u00e7onn\u00e9 de vol avec violences, a \u00e9t\u00e9 remis en libert\u00e9 apr\u00e8s sa garde \u00e0 vue"},"content":{"rendered":"\n<p class=\"\">Un homme \u00e2g\u00e9 de 18 ans, interpell\u00e9 jeudi dans le RER B avec une carabine non approvisionn\u00e9e \u00e0 Villeparisis (Seine-et-Marne), sera jug\u00e9 le 6 mai pour d\u00e9tention non autoris\u00e9e d&rsquo;arme, a indiqu\u00e9 dimanche le parquet de Paris.<\/p>\n\n\n\n<p class=\"\"><strong>Selon&nbsp;<a href=\"https:\/\/actu17.fr\/enquetes\/paris-lhomme-interpelle-avec-une-carabine-dans-le-rer-remis-en-liberte-il-sera-juge-en-mai.html\" target=\"_blank\" rel=\"noreferrer noopener\">Actu17<\/a>, l&rsquo;individu faisait l&rsquo;objet d&rsquo;un mandat de recherche d\u00e9livr\u00e9 le 11 avril pour des faits de vol avec violences survenus en septembre dernier \u00e0 Paris. Il \u00e9tait d\u00e9j\u00e0 connu des services de police pour de nombreux faits de vol, et faisait l&rsquo;objet d&rsquo;une obligation de quitter le territoire (OQTF).<\/strong><\/p>\n\n\n\n<p class=\"\">Jeudi matin, un passager du RER B avait signal\u00e9 \u00e0 la police la pr\u00e9sence d&rsquo;un homme porteur d&rsquo;une carabine. Le jeune majeur avait \u00e9t\u00e9 interpell\u00e9 \u00e0 Villeparisis (Seine-et-Marne) \u00aben possession d&rsquo;une carabine, non approvisionn\u00e9e\u00bb, avait pr\u00e9cis\u00e9 une source polici\u00e8re. Selon une source proche du dossier, l&rsquo;arme \u00e9tait dissimul\u00e9e sous sa djellaba.<\/p>\n\n\n\n<p class=\"\">\u00c0 l\u2019issue de sa garde \u00e0 vue, l&rsquo;homme a \u00e9t\u00e9 pr\u00e9sent\u00e9 samedi \u00e0 une audience de comparution imm\u00e9diate au tribunal correctionnel de Paris. Son proc\u00e8s pour d\u00e9tention non autoris\u00e9e d&rsquo;arme de cat\u00e9gorie C a \u00e9t\u00e9 renvoy\u00e9 au 6 mai, selon le parquet. Dans l&rsquo;attente de cette audience, il a \u00e9t\u00e9 plac\u00e9 sous contr\u00f4le judiciaire avec \u00abobligation de pointage une fois par semaine\u00bb et \u00abobligation de soins\u00bb, a-t-il d\u00e9taill\u00e9.<\/p>\n\n\n\n<p class=\"\">Un mineur, qui l&rsquo;accompagnait et qui a tent\u00e9 d&#8217;emp\u00eacher son interpellation, avait \u00e9t\u00e9 plac\u00e9 en garde \u00e0 vue puis rel\u00e2ch\u00e9. Aucune infraction n&rsquo;a pu lui \u00eatre reproch\u00e9e, avait indiqu\u00e9 le parquet.<\/p>\n","protected":false},"excerpt":{"rendered":"<p>Un homme \u00e2g\u00e9 de 18 ans, interpell\u00e9 jeudi dans le RER B avec une carabine non approvisionn\u00e9e \u00e0 Villeparisis (Seine-et-Marne), sera jug\u00e9 le 6 mai pour d\u00e9tention non autoris\u00e9e d&rsquo;arme, a indiqu\u00e9 dimanche le parquet de Paris. Selon&nbsp;Actu17, l&rsquo;individu faisait l&rsquo;objet d&rsquo;un mandat de recherche d\u00e9livr\u00e9 le 11 avril pour des faits de vol avec [&hellip;]<\/p>\n","protected":false},"author":2,"featured_media":27916,"comment_status":"open","ping_status":"open","sticky":false,"template":"","format":"standard","meta":{"_jetpack_memberships_contains_paid_content":false,"footnotes":"","jetpack_publicize_message":"","jetpack_publicize_feature_enabled":true,"jetpack_social_post_already_shared":true,"jetpack_social_options":{"image_generator_settings":{"template":"highway","default_image_id":0,"font":"","enabled":false},"version":2},"_wpas_customize_per_network":false},"categories":[405],"tags":[],"class_list":["post-27915","post","type-post","status-publish","format-standard","has-post-thumbnail","hentry","category-actu-france-monde"],"jetpack_publicize_connections":[],"jetpack_featured_media_url":"https:\/\/i0.wp.com\/www.iceagetv.com\/radiosite\/wp-content\/uploads\/2024\/04\/CmNThLsW.jpg?fit=679%2C293&ssl=1","jetpack_sharing_enabled":true,"_links":{"self":[{"href":"https:\/\/www.iceagetv.com\/radiosite\/wp-json\/wp\/v2\/posts\/27915","targetHints":{"allow":["GET"]}}],"collection":[{"href":"https:\/\/www.iceagetv.com\/radiosite\/wp-json\/wp\/v2\/posts"}],"about":[{"href":"https:\/\/www.iceagetv.com\/radiosite\/wp-json\/wp\/v2\/types\/post"}],"author":[{"embeddable":true,"href":"https:\/\/www.iceagetv.com\/radiosite\/wp-json\/wp\/v2\/users\/2"}],"replies":[{"embeddable":true,"href":"https:\/\/www.iceagetv.com\/radiosite\/wp-json\/wp\/v2\/comments?post=27915"}],"version-history":[{"count":1,"href":"https:\/\/www.iceagetv.com\/radiosite\/wp-json\/wp\/v2\/posts\/27915\/revisions"}],"predecessor-version":[{"id":27917,"href":"https:\/\/www.iceagetv.com\/radiosite\/wp-json\/wp\/v2\/posts\/27915\/revisions\/27917"}],"wp:featuredmedia":[{"embeddable":true,"href":"https:\/\/www.iceagetv.com\/radiosite\/wp-json\/wp\/v2\/media\/27916"}],"wp:attachment":[{"href":"https:\/\/www.iceagetv.com\/radiosite\/wp-json\/wp\/v2\/media?parent=27915"}],"wp:term":[{"taxonomy":"category","embeddable":true,"href":"https:\/\/www.iceagetv.com\/radiosite\/wp-json\/wp\/v2\/categories?post=27915"},{"taxonomy":"post_tag","embeddable":true,"href":"https:\/\/www.iceagetv.com\/radiosite\/wp-json\/wp\/v2\/tags?post=27915"}],"curies":[{"name":"wp","href":"https:\/\/api.w.org\/{rel}","templated":true}]}}