{"id":27933,"date":"2024-04-17T16:00:11","date_gmt":"2024-04-17T16:00:11","guid":{"rendered":"https:\/\/www.iceagetv.com\/radiosite\/?p=27933"},"modified":"2024-04-17T16:00:11","modified_gmt":"2024-04-17T16:00:11","slug":"mort-demile-la-mere-du-petit-garcon-sort-du-silence-pour-la-premiere-fois-depuis-la-decouverte-dune-partie-de-son-corps-nous-sommes-touches-par-votre-compassion","status":"publish","type":"post","link":"https:\/\/www.iceagetv.com\/radiosite\/mort-demile-la-mere-du-petit-garcon-sort-du-silence-pour-la-premiere-fois-depuis-la-decouverte-dune-partie-de-son-corps-nous-sommes-touches-par-votre-compassion\/","title":{"rendered":"Mort d&rsquo;Emile &#8211; La m\u00e8re du petit gar\u00e7on sort du silence pour la premi\u00e8re fois depuis la d\u00e9couverte d&rsquo;une partie de son corps: \u00ab\u00a0Nous sommes touch\u00e9s par votre compassion\u00a0\u00bb"},"content":{"rendered":"\n<p class=\"\">Quelques jours apr\u00e8s la d\u00e9couverte d&rsquo;ossements du petit Emile, sa m\u00e8re s&rsquo;exprime pour la premi\u00e8re fois. Sur le r\u00e9seau social Facebook, elle tient tout d&rsquo;abord \u00e0 remercier les personnes ayant particip\u00e9 \u00e0 une cagnotte destin\u00e9e \u00e0 aider la famille \u00e0 payer l&rsquo;enterrement, qui avait \u00e9t\u00e9 lanc\u00e9e par une administratrice de la page d\u00e9di\u00e9e au petit gar\u00e7on sur le r\u00e9seau social.<\/p>\n\n\n\n<p class=\"\">\u00ab\u00a0Un immense merci pour les tr\u00e8s nombreuses participations \u00e0 la cagnotte. Nous en avons re\u00e7u une premi\u00e8re partie.\u00a0\u00bb, a-t-elle d&rsquo;abord \u00e9crit.<\/p>\n\n\n\n<p class=\"\">Et d&rsquo;ajouter: \u00ab\u00a0Nous essayons de lire tous vos messages, que ce soit les commentaires, les mp, les lettres,&#8230; Et sommes toujours tr\u00e8s touch\u00e9s par votre compassion.\u00a0\u00bb<\/p>\n\n\n\n<p class=\"\">Rappelons que le 10 avril dernier, le parquet d&rsquo;Aixen-Provence avait annonc\u00e9 la fin des recherches entreprises au Vernet pour retrouver des restes du corps du petit Emile, dix jours apr\u00e8s la d\u00e9couverte du cr\u00e2ne de l&rsquo;enfant myst\u00e9rieusement disparu en juillet dans ce hameau des Alpes-de-Haute-Provence.<\/p>\n\n\n\n<p class=\"\">Plus de 45 hectares ont \u00e9t\u00e9 fouill\u00e9s, permettant de retrouver \u00e9galement les v\u00eatements du gar\u00e7onnet de deux ans et demi ainsi qu&rsquo;un fragment osseux lui appartenant. \u00ab\u00a0D\u00e9sormais l&rsquo;information judiciaire se poursuivra \u00e0 la lumi\u00e8re des r\u00e9sultats des d\u00e9couvertes r\u00e9alis\u00e9es et des expertises en cours, dans l&rsquo;objectif de d\u00e9terminer les circonstances du d\u00e9c\u00e8s d&rsquo;Emile\u00a0\u00bb, toujours inconnues, avait pr\u00e9cis\u00e9 le procureur d&rsquo;Aix-en-Provence, Jean-Luc Blachon, dans un communiqu\u00e9.&nbsp;<\/p>\n","protected":false},"excerpt":{"rendered":"<p>Quelques jours apr\u00e8s la d\u00e9couverte d&rsquo;ossements du petit Emile, sa m\u00e8re s&rsquo;exprime pour la premi\u00e8re fois. Sur le r\u00e9seau social Facebook, elle tient tout d&rsquo;abord \u00e0 remercier les personnes ayant particip\u00e9 \u00e0 une cagnotte destin\u00e9e \u00e0 aider la famille \u00e0 payer l&rsquo;enterrement, qui avait \u00e9t\u00e9 lanc\u00e9e par une administratrice de la page d\u00e9di\u00e9e au petit [&hellip;]<\/p>\n","protected":false},"author":2,"featured_media":27934,"comment_status":"open","ping_status":"open","sticky":false,"template":"","format":"standard","meta":{"_jetpack_memberships_contains_paid_content":false,"footnotes":"","jetpack_publicize_message":"","jetpack_publicize_feature_enabled":true,"jetpack_social_post_already_shared":true,"jetpack_social_options":{"image_generator_settings":{"template":"highway","default_image_id":0,"font":"","enabled":false},"version":2},"_wpas_customize_per_network":false},"categories":[405],"tags":[],"class_list":["post-27933","post","type-post","status-publish","format-standard","has-post-thumbnail","hentry","category-actu-france-monde"],"jetpack_publicize_connections":[],"jetpack_featured_media_url":"https:\/\/i0.wp.com\/www.iceagetv.com\/radiosite\/wp-content\/uploads\/2024\/04\/Mort-dEmile.jpg?fit=679%2C293&ssl=1","jetpack_sharing_enabled":true,"_links":{"self":[{"href":"https:\/\/www.iceagetv.com\/radiosite\/wp-json\/wp\/v2\/posts\/27933","targetHints":{"allow":["GET"]}}],"collection":[{"href":"https:\/\/www.iceagetv.com\/radiosite\/wp-json\/wp\/v2\/posts"}],"about":[{"href":"https:\/\/www.iceagetv.com\/radiosite\/wp-json\/wp\/v2\/types\/post"}],"author":[{"embeddable":true,"href":"https:\/\/www.iceagetv.com\/radiosite\/wp-json\/wp\/v2\/users\/2"}],"replies":[{"embeddable":true,"href":"https:\/\/www.iceagetv.com\/radiosite\/wp-json\/wp\/v2\/comments?post=27933"}],"version-history":[{"count":1,"href":"https:\/\/www.iceagetv.com\/radiosite\/wp-json\/wp\/v2\/posts\/27933\/revisions"}],"predecessor-version":[{"id":27935,"href":"https:\/\/www.iceagetv.com\/radiosite\/wp-json\/wp\/v2\/posts\/27933\/revisions\/27935"}],"wp:featuredmedia":[{"embeddable":true,"href":"https:\/\/www.iceagetv.com\/radiosite\/wp-json\/wp\/v2\/media\/27934"}],"wp:attachment":[{"href":"https:\/\/www.iceagetv.com\/radiosite\/wp-json\/wp\/v2\/media?parent=27933"}],"wp:term":[{"taxonomy":"category","embeddable":true,"href":"https:\/\/www.iceagetv.com\/radiosite\/wp-json\/wp\/v2\/categories?post=27933"},{"taxonomy":"post_tag","embeddable":true,"href":"https:\/\/www.iceagetv.com\/radiosite\/wp-json\/wp\/v2\/tags?post=27933"}],"curies":[{"name":"wp","href":"https:\/\/api.w.org\/{rel}","templated":true}]}}