{"id":27937,"date":"2024-04-19T13:10:44","date_gmt":"2024-04-19T13:10:44","guid":{"rendered":"https:\/\/www.iceagetv.com\/radiosite\/?p=27937"},"modified":"2024-04-19T13:10:44","modified_gmt":"2024-04-19T13:10:44","slug":"lhomme-qui-etait-a-linterieur-du-consulat-diran-a-paris-depuis-ce-matin-a-ete-interpelle-il-navait-pas-dexplosifs-sur-lui-les-forces-de-lordre-sont-sur-place","status":"publish","type":"post","link":"https:\/\/www.iceagetv.com\/radiosite\/lhomme-qui-etait-a-linterieur-du-consulat-diran-a-paris-depuis-ce-matin-a-ete-interpelle-il-navait-pas-dexplosifs-sur-lui-les-forces-de-lordre-sont-sur-place\/","title":{"rendered":"\u00a0L&rsquo;homme qui \u00e9tait \u00e0 l&rsquo;int\u00e9rieur du Consulat d&rsquo;Iran \u00e0 Paris depuis ce matin a \u00e9t\u00e9 interpell\u00e9 &#8211; Il n&rsquo;avait pas d&rsquo;explosifs sur lui &#8211; Les forces de l&rsquo;ordre sont sur place"},"content":{"rendered":"\n<p class=\"\"><strong>L&rsquo;homme qui \u00e9tait \u00e0 l&rsquo;int\u00e9rieur du Consulat d&rsquo;Iran \u00e0 Paris a \u00e9t\u00e9 interpell\u00e9, selon les informations d&rsquo;<a href=\"https:\/\/www.europe1.fr\/faits-divers\/paris-un-homme-retranche-dans-un-batiment-au-niveau-du-consulat-diran-menace-de-se-faire-exploser-4242435\" target=\"_blank\" rel=\"noreferrer noopener\">Europe 1<\/a>. Il n&rsquo;avait pas d&rsquo;explosifs sur lui.<\/strong><\/p>\n\n\n\n<p class=\"\"><strong>&nbsp;Le point sur ce que l&rsquo;on sait<\/strong><\/p>\n\n\n\n<p class=\"\">Un p\u00e9rim\u00e8tre de s\u00e9curit\u00e9 a \u00e9t\u00e9 mis en place vendredi autour du consulat d\u2019Iran \u00e0 Paris et une intervention polici\u00e8re \u00e9tait imminente apr\u00e8s qu\u2019\u00ab un t\u00e9moin a aper\u00e7u un homme y entrant porteur d\u2019une grenade ou d\u2019un gilet explosif \u00bb, a-t-on appris aupr\u00e8s de la pr\u00e9fecture de police.<\/p>\n\n\n\n<p class=\"\">\u00ab Le pr\u00e9fet de police, Laurent Nu\u00f1ez, a mobilis\u00e9 la BRI \u00bb, une unit\u00e9 d\u2019\u00e9lite de la police fran\u00e7aise, a-t-on ajout\u00e9 de m\u00eame source, en pr\u00e9cisant que le consulat avait fait une \u00ab demande d\u2019intervention \u00bb \u00e0 la pr\u00e9fecture de police.<\/p>\n\n\n\n<p class=\"\">Le quartier du consulat d\u2019Iran, situ\u00e9 avenue d\u2019I\u00e9na, dans le XVIe arrondissement (ouest) de la capitale, est enti\u00e8rement boucl\u00e9 et un fort dispositif policier est en place, selon un journaliste de l\u2019AFP sur place.<\/p>\n\n\n\n<p class=\"\">Le trafic sur les lignes de m\u00e9tro 9 et 6 desservant la station Trocadero, la plus proche du consulat d\u2019Iran, est interrompu, a indiqu\u00e9 la RATP sur X.<\/p>\n\n\n\n<p class=\"\">Sur le r\u00e9seau X, la RATP pr\u00e9cise que le trafic est interrompu entre Franklin-D-Roosevelt et Pont de S\u00e8vres sur la Ligne 9 du m\u00e9tro.<a href=\"https:\/\/www.europe1.fr\/faits-divers\/paris-un-homme-retranche-dans-un-batiment-au-niveau-du-consulat-diran-menace-de-se-faire-exploser-4242435\" target=\"_blank\" rel=\"noreferrer noopener\">Europe 1<\/a>\u00a0indique que c&rsquo;est l&rsquo;ambassade d&rsquo;Iran qui a pris contact avec la pr\u00e9fecture de Paris pour signaler la pr\u00e9sence de l&rsquo;individu et demander l&rsquo;intervention de la police.Les forces de l&rsquo;ordre sont nombreuses sur place pour mettre un p\u00e9rim\u00e8tre de s\u00e9curit\u00e9<\/p>\n","protected":false},"excerpt":{"rendered":"<p>L&rsquo;homme qui \u00e9tait \u00e0 l&rsquo;int\u00e9rieur du Consulat d&rsquo;Iran \u00e0 Paris a \u00e9t\u00e9 interpell\u00e9, selon les informations d&rsquo;Europe 1. Il n&rsquo;avait pas d&rsquo;explosifs sur lui. &nbsp;Le point sur ce que l&rsquo;on sait Un p\u00e9rim\u00e8tre de s\u00e9curit\u00e9 a \u00e9t\u00e9 mis en place vendredi autour du consulat d\u2019Iran \u00e0 Paris et une intervention polici\u00e8re \u00e9tait imminente apr\u00e8s qu\u2019\u00ab [&hellip;]<\/p>\n","protected":false},"author":2,"featured_media":27938,"comment_status":"open","ping_status":"open","sticky":false,"template":"","format":"standard","meta":{"_jetpack_memberships_contains_paid_content":false,"footnotes":"","jetpack_publicize_message":"","jetpack_publicize_feature_enabled":true,"jetpack_social_post_already_shared":true,"jetpack_social_options":{"image_generator_settings":{"template":"highway","default_image_id":0,"font":"","enabled":false},"version":2},"_wpas_customize_per_network":false},"categories":[405],"tags":[],"class_list":["post-27937","post","type-post","status-publish","format-standard","has-post-thumbnail","hentry","category-actu-france-monde"],"jetpack_publicize_connections":[],"jetpack_featured_media_url":"https:\/\/i0.wp.com\/www.iceagetv.com\/radiosite\/wp-content\/uploads\/2024\/04\/Lhomme-qui-etait-a-linterieur-du-Consulat-dIran.jpg?fit=679%2C293&ssl=1","jetpack_sharing_enabled":true,"_links":{"self":[{"href":"https:\/\/www.iceagetv.com\/radiosite\/wp-json\/wp\/v2\/posts\/27937","targetHints":{"allow":["GET"]}}],"collection":[{"href":"https:\/\/www.iceagetv.com\/radiosite\/wp-json\/wp\/v2\/posts"}],"about":[{"href":"https:\/\/www.iceagetv.com\/radiosite\/wp-json\/wp\/v2\/types\/post"}],"author":[{"embeddable":true,"href":"https:\/\/www.iceagetv.com\/radiosite\/wp-json\/wp\/v2\/users\/2"}],"replies":[{"embeddable":true,"href":"https:\/\/www.iceagetv.com\/radiosite\/wp-json\/wp\/v2\/comments?post=27937"}],"version-history":[{"count":1,"href":"https:\/\/www.iceagetv.com\/radiosite\/wp-json\/wp\/v2\/posts\/27937\/revisions"}],"predecessor-version":[{"id":27939,"href":"https:\/\/www.iceagetv.com\/radiosite\/wp-json\/wp\/v2\/posts\/27937\/revisions\/27939"}],"wp:featuredmedia":[{"embeddable":true,"href":"https:\/\/www.iceagetv.com\/radiosite\/wp-json\/wp\/v2\/media\/27938"}],"wp:attachment":[{"href":"https:\/\/www.iceagetv.com\/radiosite\/wp-json\/wp\/v2\/media?parent=27937"}],"wp:term":[{"taxonomy":"category","embeddable":true,"href":"https:\/\/www.iceagetv.com\/radiosite\/wp-json\/wp\/v2\/categories?post=27937"},{"taxonomy":"post_tag","embeddable":true,"href":"https:\/\/www.iceagetv.com\/radiosite\/wp-json\/wp\/v2\/tags?post=27937"}],"curies":[{"name":"wp","href":"https:\/\/api.w.org\/{rel}","templated":true}]}}