{"id":27975,"date":"2024-04-22T16:13:53","date_gmt":"2024-04-22T16:13:53","guid":{"rendered":"https:\/\/www.iceagetv.com\/radiosite\/?p=27975"},"modified":"2024-04-22T16:13:53","modified_gmt":"2024-04-22T16:13:53","slug":"le-gouvernement-va-etablir-de-nouvelles-regles-sur-lassurance-chomage-a-partir-du-1er-juillet","status":"publish","type":"post","link":"https:\/\/www.iceagetv.com\/radiosite\/le-gouvernement-va-etablir-de-nouvelles-regles-sur-lassurance-chomage-a-partir-du-1er-juillet\/","title":{"rendered":"Le gouvernement va \u00e9tablir de nouvelles r\u00e8gles sur l\u2019assurance ch\u00f4mage \u00e0 partir du 1er\u00a0juillet"},"content":{"rendered":"\n<p class=\"\">D\u2019apr\u00e8s un communiqu\u00e9 gouvernemental paru ce lundi 22\u00a0avril 2024, l\u2019assurance ch\u00f4mage va faire l\u2019objet de nouvelles r\u00e8gles \u00e0 compter du 1er\u00a0juillet. Fin mars, le Premier ministre avait annonc\u00e9 envisager une r\u00e9duction de la dur\u00e9e d\u2019indemnisation sans toutefois donner de date pr\u00e9cise.Le gouvernement va \u00e9tablir de nouvelles r\u00e8gles \u00e0 partir du 1<sup>er<\/sup>\u00a0juillet 2024 concernant l\u2019assurance ch\u00f4mage. Dans un communiqu\u00e9 du minist\u00e8re du Travail relay\u00e9 par l\u2019<em>AFP<\/em>\u00a0ce lundi 22\u00a0avril, le gouvernement a annonc\u00e9 prendre acte du\u00a0<strong>\u00ab\u00a0d\u00e9saccord\u00a0\u00bb<\/strong>\u00a0entre les partenaires sociaux sur la question des indemnit\u00e9s des demandeurs d\u2019emploi.<\/p>\n\n\n\n<h2 class=\"wp-block-heading\" id=\"section-4-un-decret-de-carence-pris-par-lexecutif\">Un d\u00e9cret de carence pris par l\u2019ex\u00e9cutif<\/h2>\n\n\n\n<p class=\"\">L\u2019ex\u00e9cutif prendra&nbsp;<strong>\u00ab&nbsp;un d\u00e9cret de carence&nbsp;\u00bb<\/strong>&nbsp;qui aura&nbsp;<strong>\u00ab&nbsp;pour objectif de concourir \u00e0 l\u2019atteinte du plein-emploi et de favoriser le retour rapide en emploi des ch\u00f4meurs indemnis\u00e9s&nbsp;\u00bb<\/strong>, indique ce communiqu\u00e9. Comme en 2019, patronat et syndicats perdent \u00e0 nouveau la main sur la d\u00e9finition de ces r\u00e8gles au profit de l\u2019ex\u00e9cutif.<\/p>\n","protected":false},"excerpt":{"rendered":"<p>D\u2019apr\u00e8s un communiqu\u00e9 gouvernemental paru ce lundi 22\u00a0avril 2024, l\u2019assurance ch\u00f4mage va faire l\u2019objet de nouvelles r\u00e8gles \u00e0 compter du 1er\u00a0juillet. Fin mars, le Premier ministre avait annonc\u00e9 envisager une r\u00e9duction de la dur\u00e9e d\u2019indemnisation sans toutefois donner de date pr\u00e9cise.Le gouvernement va \u00e9tablir de nouvelles r\u00e8gles \u00e0 partir du 1er\u00a0juillet 2024 concernant l\u2019assurance ch\u00f4mage. [&hellip;]<\/p>\n","protected":false},"author":2,"featured_media":27976,"comment_status":"open","ping_status":"open","sticky":false,"template":"","format":"standard","meta":{"_jetpack_memberships_contains_paid_content":false,"footnotes":"","jetpack_publicize_message":"","jetpack_publicize_feature_enabled":true,"jetpack_social_post_already_shared":true,"jetpack_social_options":{"image_generator_settings":{"template":"highway","default_image_id":0,"font":"","enabled":false},"version":2},"_wpas_customize_per_network":false},"categories":[405],"tags":[],"class_list":["post-27975","post","type-post","status-publish","format-standard","has-post-thumbnail","hentry","category-actu-france-monde"],"jetpack_publicize_connections":[],"jetpack_featured_media_url":"https:\/\/i0.wp.com\/www.iceagetv.com\/radiosite\/wp-content\/uploads\/2024\/04\/Le-gouvernement-va-etablir-de-nouvelles-regles-sur-lassurance-chomage-a-partir-du-1er-juillet.jpg?fit=463%2C128&ssl=1","jetpack_sharing_enabled":true,"_links":{"self":[{"href":"https:\/\/www.iceagetv.com\/radiosite\/wp-json\/wp\/v2\/posts\/27975","targetHints":{"allow":["GET"]}}],"collection":[{"href":"https:\/\/www.iceagetv.com\/radiosite\/wp-json\/wp\/v2\/posts"}],"about":[{"href":"https:\/\/www.iceagetv.com\/radiosite\/wp-json\/wp\/v2\/types\/post"}],"author":[{"embeddable":true,"href":"https:\/\/www.iceagetv.com\/radiosite\/wp-json\/wp\/v2\/users\/2"}],"replies":[{"embeddable":true,"href":"https:\/\/www.iceagetv.com\/radiosite\/wp-json\/wp\/v2\/comments?post=27975"}],"version-history":[{"count":1,"href":"https:\/\/www.iceagetv.com\/radiosite\/wp-json\/wp\/v2\/posts\/27975\/revisions"}],"predecessor-version":[{"id":27977,"href":"https:\/\/www.iceagetv.com\/radiosite\/wp-json\/wp\/v2\/posts\/27975\/revisions\/27977"}],"wp:featuredmedia":[{"embeddable":true,"href":"https:\/\/www.iceagetv.com\/radiosite\/wp-json\/wp\/v2\/media\/27976"}],"wp:attachment":[{"href":"https:\/\/www.iceagetv.com\/radiosite\/wp-json\/wp\/v2\/media?parent=27975"}],"wp:term":[{"taxonomy":"category","embeddable":true,"href":"https:\/\/www.iceagetv.com\/radiosite\/wp-json\/wp\/v2\/categories?post=27975"},{"taxonomy":"post_tag","embeddable":true,"href":"https:\/\/www.iceagetv.com\/radiosite\/wp-json\/wp\/v2\/tags?post=27975"}],"curies":[{"name":"wp","href":"https:\/\/api.w.org\/{rel}","templated":true}]}}