{"id":27981,"date":"2024-04-22T18:50:48","date_gmt":"2024-04-22T18:50:48","guid":{"rendered":"https:\/\/www.iceagetv.com\/radiosite\/?p=27981"},"modified":"2024-04-22T18:50:48","modified_gmt":"2024-04-22T18:50:48","slug":"a13-ferme-depuis-jeudi-le-troncon-entre-paris-et-vaucresson-ne-rouvrira-pas-avant-le-1er-mai","status":"publish","type":"post","link":"https:\/\/www.iceagetv.com\/radiosite\/a13-ferme-depuis-jeudi-le-troncon-entre-paris-et-vaucresson-ne-rouvrira-pas-avant-le-1er-mai\/","title":{"rendered":"A13\u00a0: ferm\u00e9 depuis jeudi, le tron\u00e7on entre Paris et Vaucresson ne rouvrira pas avant le 1er\u00a0mai"},"content":{"rendered":"\n<p class=\"\">Le bout du tunnel est encore loin pour les automobilistes franciliens. Ferm\u00e9e depuis jeudi, l\u2019autoroute A13 ne rouvrira pas avant le 1er&nbsp;mai, a indiqu\u00e9 ce lundi la Direction interd\u00e9partementale des routes d\u2019\u00cele-de-France \u00e0&nbsp;<a href=\"https:\/\/www.bfmtv.com\/paris\/direct-fermeture-de-l-a13-l-autoroute-toujours-inaccessible-entre-paris-et-vaucresson-des-perturbations-a-prevoir_LN-202404220082.html\" target=\"_blank\" rel=\"noreferrer noopener\">BFM<\/a>, information que nous pouvons confirmer. Une date avanc\u00e9e \u00e0 condition que \u00ab&nbsp;toutes les conditions soient r\u00e9unies&nbsp;\u00bb.<\/p>\n\n\n\n<p class=\"\">L\u2019autoroute est\u00a0<a href=\"https:\/\/www.leparisien.fr\/info-paris-ile-de-france-oise\/transports\/a13-lautoroute-restera-fermee-entre-paris-et-vaucresson-jusqua-lundi-inclus-19-04-2024-T5B72BZCXJANVPVK57UU64SV3U.php\" target=\"_blank\" rel=\"noreferrer noopener\">ferm\u00e9e dans les deux sens<\/a>\u00a0depuis jeudi soir entre le boulevard p\u00e9riph\u00e9rique parisien (Porte d\u2019Auteuil) et Vaucresson (A86 Duplex).<\/p>\n\n\n\n<p class=\"\">Cette mesure avait \u00e9t\u00e9 prise pour une dur\u00e9e ind\u00e9termin\u00e9e par la Direction des routes d\u2019\u00cele-de-France (Dirif) en raison de \u00ab&nbsp;probl\u00e8mes d\u2019infrastructures sur la chauss\u00e9e&nbsp;\u00bb.&nbsp;<a href=\"https:\/\/www.leparisien.fr\/info-paris-ile-de-france-oise\/transports\/lautoroute-a13-fermee-entre-paris-et-vaucresson-ce-que-lon-sait-des-fissures-qui-inquietent-les-autorites-19-04-2024-F6TBF4DV4BHZLLXVAOSYKN4S5I.php\" target=\"_blank\" rel=\"noreferrer noopener\">Une importante fissure<\/a>&nbsp;est notamment apparue apr\u00e8s un mouvement de terrain, \u00ab&nbsp;dont les causes sont en cours de diagnostic&nbsp;\u00bb, avait pr\u00e9cis\u00e9 la Dirif.<\/p>\n\n\n\n<h2 class=\"wp-block-heading\">La situation proche de la normale sur les routes<\/h2>\n\n\n\n<p class=\"\">La directrice adjointe de cet organisme avait estim\u00e9 lundi matin sur France Bleu que sa r\u00e9ouverture ne devrait pas intervenir\u00a0<a href=\"https:\/\/www.leparisien.fr\/paris-75\/fermeture-de-la13-pas-de-reouverture-avant-le-milieu-de-semaine-dans-le-meilleur-des-cas-le-point-sur-la-situation-22-04-2024-EOBMZSDPGFHOHHDQC7VISK7GCY.php\" target=\"_blank\" rel=\"noreferrer noopener\">avant le milieu de la semaine<\/a>\u00a0\u00ab\u00a0dans le meilleur des cas\u00a0\u00bb.La fermeture de ce tron\u00e7on tr\u00e8s emprunt\u00e9 avait fait craindre d\u2019importants bouchons le week-end dernier, pour\u00a0<a href=\"https:\/\/www.leparisien.fr\/societe\/bison-fute-trafic-charge-en-ile-de-france-ce-week-end-pour-la-fin-des-vacances-scolaires-19-04-2024-GSNC4UH7JVDSLJNZDNY6ERTDFQ.php\" target=\"_blank\" rel=\"noreferrer noopener\">le retour des vacances de P\u00e2ques<\/a>, et ce lundi. Le ministre des Transports, Patrice Vergriete, avait ainsi invit\u00e9 les usagers \u00e0 privil\u00e9gier les transports en commun ou le covoiturage pour limiter les perturbations. Des pr\u00e9conisations qui semblaient avoir \u00e9t\u00e9 entendues lundi matin, alors que la situation sur les routes est rest\u00e9e globalement proche de la normale.<\/p>\n","protected":false},"excerpt":{"rendered":"<p>Le bout du tunnel est encore loin pour les automobilistes franciliens. Ferm\u00e9e depuis jeudi, l\u2019autoroute A13 ne rouvrira pas avant le 1er&nbsp;mai, a indiqu\u00e9 ce lundi la Direction interd\u00e9partementale des routes d\u2019\u00cele-de-France \u00e0&nbsp;BFM, information que nous pouvons confirmer. Une date avanc\u00e9e \u00e0 condition que \u00ab&nbsp;toutes les conditions soient r\u00e9unies&nbsp;\u00bb. L\u2019autoroute est\u00a0ferm\u00e9e dans les deux sens\u00a0depuis [&hellip;]<\/p>\n","protected":false},"author":2,"featured_media":27982,"comment_status":"open","ping_status":"open","sticky":false,"template":"","format":"standard","meta":{"_jetpack_memberships_contains_paid_content":false,"footnotes":"","jetpack_publicize_message":"","jetpack_publicize_feature_enabled":true,"jetpack_social_post_already_shared":true,"jetpack_social_options":{"image_generator_settings":{"template":"highway","default_image_id":0,"font":"","enabled":false},"version":2},"_wpas_customize_per_network":false},"categories":[405],"tags":[],"class_list":["post-27981","post","type-post","status-publish","format-standard","has-post-thumbnail","hentry","category-actu-france-monde"],"jetpack_publicize_connections":[],"jetpack_featured_media_url":"https:\/\/i0.wp.com\/www.iceagetv.com\/radiosite\/wp-content\/uploads\/2024\/04\/RR4ZL4T3GFDULOCPHKUISIPU6Y.jpg?fit=932%2C582&ssl=1","jetpack_sharing_enabled":true,"_links":{"self":[{"href":"https:\/\/www.iceagetv.com\/radiosite\/wp-json\/wp\/v2\/posts\/27981","targetHints":{"allow":["GET"]}}],"collection":[{"href":"https:\/\/www.iceagetv.com\/radiosite\/wp-json\/wp\/v2\/posts"}],"about":[{"href":"https:\/\/www.iceagetv.com\/radiosite\/wp-json\/wp\/v2\/types\/post"}],"author":[{"embeddable":true,"href":"https:\/\/www.iceagetv.com\/radiosite\/wp-json\/wp\/v2\/users\/2"}],"replies":[{"embeddable":true,"href":"https:\/\/www.iceagetv.com\/radiosite\/wp-json\/wp\/v2\/comments?post=27981"}],"version-history":[{"count":1,"href":"https:\/\/www.iceagetv.com\/radiosite\/wp-json\/wp\/v2\/posts\/27981\/revisions"}],"predecessor-version":[{"id":27983,"href":"https:\/\/www.iceagetv.com\/radiosite\/wp-json\/wp\/v2\/posts\/27981\/revisions\/27983"}],"wp:featuredmedia":[{"embeddable":true,"href":"https:\/\/www.iceagetv.com\/radiosite\/wp-json\/wp\/v2\/media\/27982"}],"wp:attachment":[{"href":"https:\/\/www.iceagetv.com\/radiosite\/wp-json\/wp\/v2\/media?parent=27981"}],"wp:term":[{"taxonomy":"category","embeddable":true,"href":"https:\/\/www.iceagetv.com\/radiosite\/wp-json\/wp\/v2\/categories?post=27981"},{"taxonomy":"post_tag","embeddable":true,"href":"https:\/\/www.iceagetv.com\/radiosite\/wp-json\/wp\/v2\/tags?post=27981"}],"curies":[{"name":"wp","href":"https:\/\/api.w.org\/{rel}","templated":true}]}}