{"id":27987,"date":"2024-04-23T08:57:47","date_gmt":"2024-04-23T08:57:47","guid":{"rendered":"https:\/\/www.iceagetv.com\/radiosite\/?p=27987"},"modified":"2024-04-23T08:57:47","modified_gmt":"2024-04-23T08:57:47","slug":"kendji-girac-blesse-par-balle-ces-zones-dombre-qui-restent-a-eclaircir","status":"publish","type":"post","link":"https:\/\/www.iceagetv.com\/radiosite\/kendji-girac-blesse-par-balle-ces-zones-dombre-qui-restent-a-eclaircir\/","title":{"rendered":"KENDJI GIRAC BLESS\u00c9 PAR BALLE: CES ZONES D&rsquo;OMBRE QUI RESTENT \u00c0 \u00c9CLAIRCIR"},"content":{"rendered":"\n<p class=\"\">Kendji Girac a \u00e9t\u00e9 pris en charge ce lundi 22 avril, bless\u00e9 par balle \u00e0 la poitrine. Les jours du chanteur de 27 ans ne sont plus en danger, mais les circonstances de cet \u00e9v\u00e9nement restent encore floues.<\/p>\n\n\n\n<p class=\"\">Des pistes, des d\u00e9clarations et des r\u00e9ponses qui se font attendre. Lundi 22 avril,&nbsp;<a href=\"https:\/\/www.bfmtv.com\/police-justice\/direct-kendji-girac-blesse-par-balle-une-enquete-ouverte-pour-tentative-d-homicide-volontaire_LN-202404230036.html\">le chanteur Kendji Girac a \u00e9t\u00e9 atteint d&rsquo;une balle<\/a>&nbsp;dans les premi\u00e8res heures de la journ\u00e9e alors qu&rsquo;il se trouvait dans sa caravane \u00e0 Biscarrosse (Landes).<\/p>\n\n\n\n<p class=\"\">L&rsquo;artiste a rapidement \u00e9t\u00e9 pris en charge par les secours et ses jours ne sont plus en danger. Mais 24 heures apr\u00e8s, que sait-on des circonstances exactes de\u00a0<a href=\"https:\/\/www.bfmtv.com\/police-justice\/info-bfmtv-le-chanteur-kendji-girac-blesse-par-balle-cette-nuit-son-pronostic-vital-engage_AN-202404220234.html\">cette blessure \u00e0 la poitrine<\/a>?<\/p>\n\n\n\n<h2 class=\"wp-block-heading\">Un r\u00e9cit cr\u00e9dible?<\/h2>\n\n\n\n<p class=\"\">L&rsquo;\u00e9tat de sant\u00e9 du chanteur n&rsquo;a pas encore permis son audition sur proc\u00e8s-verbal. Le procureur indique qu&rsquo;il sera entendu d\u00e8s que son \u00e9tat le permettra. Lors d&rsquo;un premier \u00e9change avec des enqu\u00eateurs \u00e0 son chevet, Kendji Girac a \u00e9voqu\u00e9 un \u00ab\u00a0tir accidentel\u00a0\u00bb, qu&rsquo;il aurait \u00ab\u00a0lui-m\u00eame provoqu\u00e9\u00a0\u00bb avec une arme achet\u00e9e plus t\u00f4t.<\/p>\n\n\n\n<p class=\"\">D&rsquo;apr\u00e8s nos informations, certains t\u00e9moins avancent eux aussi le fait que l&rsquo;artiste se serait tir\u00e9 dessus lui-m\u00eame, accidentellement, en manipulant l&rsquo;arme. Selon une source proche de l&rsquo;enqu\u00eate, le chanteur a affirm\u00e9&nbsp;<a href=\"https:\/\/www.bfmtv.com\/police-justice\/direct-kendji-girac-blesse-par-balle-le-chanteur-est-conscient-et-fait-etat-d-un-accident-domestique_LN-202404220293.html\">avoir achet\u00e9 l\u2019arme dans une brocante&nbsp;<\/a>quelques temps plus t\u00f4t.<\/p>\n\n\n\n<p class=\"\">Le parquet de Mont-de-Marsan pr\u00e9cise que le chanteur n\u2019a expliqu\u00e9 dans ses d\u00e9clarations \u00ab\u00a0ni les circonstances de cet achat ni pourquoi il manipulait cette arme au milieu de la nuit\u00a0\u00bb. Les enqu\u00eateurs vont donc devoir se pencher sur la cr\u00e9dibilit\u00e9 des explications donn\u00e9es par Kendji Girac.<\/p>\n\n\n\n<h2 class=\"wp-block-heading\">Des questions autour de l&rsquo;arme<\/h2>\n\n\n\n<p class=\"\">L&rsquo;arme \u00e0 feu utilis\u00e9e \u00e9tait, lundi matin, dans un premier temps, introuvable. Selon nos informations, un pistolet a \u00e9t\u00e9 retrouv\u00e9 lundi dans un buisson \u00e0 proximit\u00e9 de la caravane, sur indications de membres de la famille du chanteur.<\/p>\n\n\n\n<p class=\"\">Aucun chargeur n&rsquo;a en revanche \u00e9t\u00e9 retrouv\u00e9 sur l&rsquo;arme ni aux alentours. S&rsquo;il s&rsquo;agit bien du pistolet qui a tir\u00e9 sur le chanteur, comment s&rsquo;est-il retrouv\u00e9 dans un foss\u00e9 alors que les faits seraient survenus dans la caravane? Par ailleurs, comment Kendji Girac a-t-il pu se procurer une telle arme &#8211; encore active &#8211; dans une brocante? Enfin, avait-il un permis de port d&rsquo;arme?<\/p>\n\n\n\n<p class=\"\">Les analyses doivent en outre permettre de conna\u00eetre la distance entre l&rsquo;arme et le chanteur au moment du tir. Yves Gollety le pr\u00e9sident de la Chambre syndicale nationale des armuriers, assure qu&rsquo;il sera tr\u00e8s facile d&rsquo;\u00e9tablir les circonstances du tir.<\/p>\n\n\n\n<p class=\"\">\u00ab\u00a0Ils vont voir tout de suite si c\u2019est la personne elle-m\u00eame qui a tir\u00e9, parce qu\u2019il y a une flamme qui sort. Et donc ses v\u00eatements seront br\u00fbl\u00e9s si c\u2019est lui qui a tir\u00e9 \u00e0 bout portant\u00a0\u00bb, a-t-il analys\u00e9\u00a0<a href=\"https:\/\/rmc.bfmtv.com\/actualites\/police-justice\/l-arme-va-tout-dire-blesse-par-balle-kendji-girac-s-est-il-tire-dessus-par-accident_AV-202404230244.html\">ce mardi matin sur RMC.<\/a><\/p>\n\n\n\n<h2 class=\"wp-block-heading\">Une tentative d&rsquo;homicide?<\/h2>\n\n\n\n<p class=\"\">La th\u00e8se de l&rsquo;acte individuel est-elle la seule \u00e0 l&rsquo;\u00e9tude? Une&nbsp;<a href=\"https:\/\/www.bfmtv.com\/police-justice\/kendji-girac-blesse-par-balle-une-enquete-ouverte-pour-tentative-d-homicide-volontaire_AV-202404220893.html\">enqu\u00eate a \u00e9t\u00e9 ouverte pour tentative d&rsquo;homicide volontaire<\/a>. Elle est men\u00e9e conjointement par la section de recherches de Pau et la brigade de recherche de Parentis-en-Born.&nbsp;<\/p>\n","protected":false},"excerpt":{"rendered":"<p>Kendji Girac a \u00e9t\u00e9 pris en charge ce lundi 22 avril, bless\u00e9 par balle \u00e0 la poitrine. Les jours du chanteur de 27 ans ne sont plus en danger, mais les circonstances de cet \u00e9v\u00e9nement restent encore floues. Des pistes, des d\u00e9clarations et des r\u00e9ponses qui se font attendre. Lundi 22 avril,&nbsp;le chanteur Kendji Girac [&hellip;]<\/p>\n","protected":false},"author":2,"featured_media":27969,"comment_status":"open","ping_status":"open","sticky":false,"template":"","format":"standard","meta":{"_jetpack_memberships_contains_paid_content":false,"footnotes":"","jetpack_publicize_message":"","jetpack_publicize_feature_enabled":true,"jetpack_social_post_already_shared":true,"jetpack_social_options":{"image_generator_settings":{"template":"highway","default_image_id":0,"font":"","enabled":false},"version":2},"_wpas_customize_per_network":false},"categories":[405],"tags":[],"class_list":["post-27987","post","type-post","status-publish","format-standard","has-post-thumbnail","hentry","category-actu-france-monde"],"jetpack_publicize_connections":[],"jetpack_featured_media_url":"https:\/\/i0.wp.com\/www.iceagetv.com\/radiosite\/wp-content\/uploads\/2024\/04\/KENDJI-GIRAC.jpg?fit=679%2C293&ssl=1","jetpack_sharing_enabled":true,"_links":{"self":[{"href":"https:\/\/www.iceagetv.com\/radiosite\/wp-json\/wp\/v2\/posts\/27987","targetHints":{"allow":["GET"]}}],"collection":[{"href":"https:\/\/www.iceagetv.com\/radiosite\/wp-json\/wp\/v2\/posts"}],"about":[{"href":"https:\/\/www.iceagetv.com\/radiosite\/wp-json\/wp\/v2\/types\/post"}],"author":[{"embeddable":true,"href":"https:\/\/www.iceagetv.com\/radiosite\/wp-json\/wp\/v2\/users\/2"}],"replies":[{"embeddable":true,"href":"https:\/\/www.iceagetv.com\/radiosite\/wp-json\/wp\/v2\/comments?post=27987"}],"version-history":[{"count":1,"href":"https:\/\/www.iceagetv.com\/radiosite\/wp-json\/wp\/v2\/posts\/27987\/revisions"}],"predecessor-version":[{"id":27988,"href":"https:\/\/www.iceagetv.com\/radiosite\/wp-json\/wp\/v2\/posts\/27987\/revisions\/27988"}],"wp:featuredmedia":[{"embeddable":true,"href":"https:\/\/www.iceagetv.com\/radiosite\/wp-json\/wp\/v2\/media\/27969"}],"wp:attachment":[{"href":"https:\/\/www.iceagetv.com\/radiosite\/wp-json\/wp\/v2\/media?parent=27987"}],"wp:term":[{"taxonomy":"category","embeddable":true,"href":"https:\/\/www.iceagetv.com\/radiosite\/wp-json\/wp\/v2\/categories?post=27987"},{"taxonomy":"post_tag","embeddable":true,"href":"https:\/\/www.iceagetv.com\/radiosite\/wp-json\/wp\/v2\/tags?post=27987"}],"curies":[{"name":"wp","href":"https:\/\/api.w.org\/{rel}","templated":true}]}}